{"id":10766,"date":"2024-02-18T14:14:49","date_gmt":"2024-02-18T06:14:49","guid":{"rendered":"https:\/\/www.evb.com\/?p=10766"},"modified":"2024-01-30T14:16:34","modified_gmt":"2024-01-30T06:16:34","slug":"workplace-charging-driving-the-transition-to-electric-vehicles","status":"publish","type":"post","link":"https:\/\/www.evb.com\/cs\/workplace-charging-driving-the-transition-to-electric-vehicles\/","title":{"rendered":"Nab\u00edjen\u00ed na pracovi\u0161ti: Podpora p\u0159echodu na elektromobily"},"content":{"rendered":"<p>P\u0159echod na elektromobily (EV) nab\u00edr\u00e1 na obr\u00e1tk\u00e1ch a nab\u00edjen\u00ed na pracovi\u0161ti hraje v podpo\u0159e tohoto posunu kl\u00ed\u010dovou roli. <a href=\"https:\/\/www.evb.com\/cs\"><u>EVB<\/u><\/a>Na\u0161e spole\u010dnost se v\u011bnuje podpo\u0159e p\u0159echodu na elektromobily poskytov\u00e1n\u00edm spolehliv\u00fdch \u0159e\u0161en\u00ed pro nab\u00edjen\u00ed na pracovi\u0161ti. Poj\u010fme se pod\u00edvat, jak na\u0161e produkty a slu\u017eby podporuj\u00ed ekologick\u00e9 iniciativy, nab\u00edzej\u00ed pohodln\u00e9 mo\u017enosti nab\u00edjen\u00ed pro zam\u011bstnance a pom\u00e1haj\u00ed firm\u00e1m efektivn\u011b \u0159\u00eddit v\u00fddaje a finance.<\/p>\n\n\n\n<h2 class=\"wp-block-heading\"><strong>Spolehliv\u00e9 nab\u00edjec\u00ed m\u00edsto na pracovi\u0161ti: Podpora ekologick\u00fdch iniciativ<\/strong><strong><\/strong><\/h2>\n\n\n\n<p>EVB ch\u00e1pe v\u00fdznam nab\u00edjen\u00ed na pracovi\u0161ti p\u0159i podpo\u0159e ekologick\u00fdch iniciativ. Na\u0161e <a href=\"https:\/\/www.evb.com\/cs\/by-industry\/\"><u>Nab\u00edjec\u00ed stanice pro elektromobily<\/u><\/a>Poskytuj\u00ed spolehliv\u00e9 nab\u00edjec\u00ed m\u00edsto pro zam\u011bstnance a povzbuzuj\u00ed je k pou\u017e\u00edv\u00e1n\u00ed elektromobil\u016f jako dopravn\u00edho prost\u0159edku. Instalac\u00ed nab\u00edjec\u00edch stanic EVB na pracovi\u0161t\u00edch na\u0161i z\u00e1kazn\u00edci prokazuj\u00ed sv\u016fj z\u00e1vazek k udr\u017eitelnosti a poskytuj\u00ed sv\u00fdm zam\u011bstnanc\u016fm cenn\u00e9 vybaven\u00ed. Jsme hrd\u00ed na to, \u017ee podporujeme ekologick\u00e9 iniciativy a umo\u017e\u0148ujeme firm\u00e1m p\u0159isp\u00edvat k zelen\u011bj\u0161\u00ed budoucnosti.<\/p>\n\n\n\n<h2 class=\"wp-block-heading\"><strong>Jednodu\u0161e zapojte a dejte se do pr\u00e1ce: Pohodln\u00e9 nab\u00edjen\u00ed pro zam\u011bstnance<\/strong><strong><\/strong><\/h2>\n\n\n\n<p>Pohodl\u00ed je kl\u00ed\u010dov\u00e9, pokud jde o nab\u00edjen\u00ed na pracovi\u0161ti. EVB nab\u00edz\u00ed nab\u00edjec\u00ed \u0159e\u0161en\u00ed, kter\u00e1 up\u0159ednost\u0148uj\u00ed pot\u0159eby zam\u011bstnanc\u016f a usnad\u0148uj\u00ed jim nab\u00edjen\u00ed elektromobil\u016f. S na\u0161imi nab\u00edjec\u00edmi stanicemi EV Solutions mohou zam\u011bstnanci jednodu\u0161e zapojit sv\u00e1 vozidla do z\u00e1suvky a bez probl\u00e9m\u016f se pustit do pr\u00e1ce. Ch\u00e1peme d\u016fle\u017eitost bezprobl\u00e9mov\u00e9ho nab\u00edjen\u00ed a na\u0161e produkty jsou navr\u017eeny tak, aby to poskytovaly. Na\u0161e spole\u010dnost se zav\u00e1zala k zaji\u0161t\u011bn\u00ed toho, aby zam\u011bstnanci na\u0161ich z\u00e1kazn\u00edk\u016f m\u011bli na sv\u00e9m pracovi\u0161ti pohodln\u00e9 a efektivn\u00ed \u0159e\u0161en\u00ed nab\u00edjen\u00ed.<\/p>\n\n\n\n<h2 class=\"wp-block-heading\"><strong>Spr\u00e1va v\u00fddaj\u016f a financ\u00ed: Efektivn\u00ed fakturace a monitorov\u00e1n\u00ed dat pro firmy<\/strong><strong><\/strong><\/h2>\n\n\n\n<p>Firmy pot\u0159ebuj\u00ed efektivn\u00ed n\u00e1stroje pro spr\u00e1vu v\u00fddaj\u016f a financ\u00ed spojen\u00fdch s nab\u00edjen\u00edm na pracovi\u0161ti. V EVB nab\u00edz\u00edme faktura\u010dn\u00ed a datov\u00e1 \u0159e\u0161en\u00ed, kter\u00e1 firm\u00e1m pom\u00e1haj\u00ed sledovat jejich spot\u0159ebu a n\u00e1klady na nab\u00edjen\u00ed. Na\u0161e pokro\u010dil\u00e9 syst\u00e9my poskytuj\u00ed p\u0159esn\u00e9 faktura\u010dn\u00ed informace, kter\u00e9 firm\u00e1m umo\u017e\u0148uj\u00ed vhodn\u011b alokovat n\u00e1klady. Na\u0161e funkce pro monitorov\u00e1n\u00ed dat nav\u00edc nab\u00edzej\u00ed cenn\u00e9 poznatky o vzorc\u00edch nab\u00edjen\u00ed, trendech ve vyu\u017e\u00edv\u00e1n\u00ed a spot\u0159eb\u011b energie. S t\u011bmito informacemi mohou firmy \u010dinit informovan\u00e1 rozhodnut\u00ed ohledn\u011b sv\u00fdch strategi\u00ed hospoda\u0159en\u00ed s energi\u00ed. Na\u0161\u00edm c\u00edlem je poskytovat na\u0161im z\u00e1kazn\u00edk\u016fm n\u00e1stroje, kter\u00e9 pot\u0159ebuj\u00ed k efektivn\u00ed spr\u00e1v\u011b sv\u00fdch v\u00fddaj\u016f a financ\u00ed souvisej\u00edc\u00edch s nab\u00edjen\u00edm na pracovi\u0161ti.<\/p>\n\n\n\n<h2 class=\"wp-block-heading\"><strong>Z\u00e1v\u011br<\/strong><strong><\/strong><\/h2>\n\n\n\n<p>Z\u00e1v\u011brem lze \u0159\u00edci, \u017ee EVB se zav\u00e1zala k prosazov\u00e1n\u00ed p\u0159echodu na elektromobily prost\u0159ednictv\u00edm \u0159e\u0161en\u00ed nab\u00edjen\u00ed na pracovi\u0161ti. Na\u0161e spolehliv\u00e9 nab\u00edjec\u00ed stanice EV Solutions podporuj\u00ed ekologick\u00e9 iniciativy a poskytuj\u00ed zam\u011bstnanc\u016fm pohodln\u00e9 a bezprobl\u00e9mov\u00e9 nab\u00edjen\u00ed. Nab\u00edz\u00edme tak\u00e9 efektivn\u00ed n\u00e1stroje pro fakturaci a monitorov\u00e1n\u00ed dat, kter\u00e9 firm\u00e1m pom\u00e1haj\u00ed spravovat jejich v\u00fddaje a finance spojen\u00e9 s nab\u00edjen\u00edm na pracovi\u0161ti. D\u016fv\u011b\u0159ujte na\u0161\u00ed spole\u010dnosti EVB, \u017ee v\u00e1m poskytneme spolehliv\u00e1 a efektivn\u00ed \u0159e\u0161en\u00ed nab\u00edjen\u00ed na pracovi\u0161ti, a spole\u010dn\u011b s v\u00e1mi budeme vytv\u00e1\u0159et udr\u017eitelnou a ekologi\u010dt\u011bj\u0161\u00ed budoucnost dopravy.<\/p>","protected":false},"excerpt":{"rendered":"<p>The transition to electric vehicles (EVs) is gaining momentum, and workplace charging plays a crucial role in supporting this shift. At EVB, our company is dedicated to driving the transition to EVs by providing reliable workplace charging solutions. Let&#8217;s explore how our products and services support eco-friendly initiatives, offer convenient charging options for employees, and [&hellip;]<\/p>","protected":false},"author":3,"featured_media":0,"comment_status":"open","ping_status":"open","sticky":false,"template":"","format":"standard","meta":{"footnotes":""},"categories":[48],"tags":[],"class_list":["post-10766","post","type-post","status-publish","format-standard","hentry","category-short-blog"],"acf":[],"yoast_head":"<!-- This site is optimized with the Yoast SEO plugin v27.4 - https:\/\/yoast.com\/product\/yoast-seo-wordpress\/ -->\n<title>Workplace Charging: Driving the Transition to Electric Vehicles<\/title>\n<meta name=\"description\" content=\"The transition to electric vehicles (EVs) is gaining momentum, and workplace charging plays a crucial role in supporting this shift.\" \/>\n<meta name=\"robots\" content=\"index, follow, max-snippet:-1, max-image-preview:large, max-video-preview:-1\" \/>\n<link rel=\"canonical\" href=\"https:\/\/www.evb.com\/cs\/workplace-charging-driving-the-transition-to-electric-vehicles\/\" \/>\n<meta property=\"og:locale\" content=\"cs_CZ\" \/>\n<meta property=\"og:type\" content=\"article\" \/>\n<meta property=\"og:title\" content=\"Workplace Charging: Driving the Transition to Electric Vehicles\" \/>\n<meta property=\"og:description\" content=\"The transition to electric vehicles (EVs) is gaining momentum, and workplace charging plays a crucial role in supporting this shift.\" \/>\n<meta property=\"og:url\" content=\"https:\/\/www.evb.com\/cs\/workplace-charging-driving-the-transition-to-electric-vehicles\/\" \/>\n<meta property=\"og:site_name\" content=\"EVB\" \/>\n<meta property=\"article:published_time\" content=\"2024-02-18T06:14:49+00:00\" \/>\n<meta name=\"author\" content=\"evb\" \/>\n<meta name=\"twitter:card\" content=\"summary_large_image\" \/>\n<meta name=\"twitter:label1\" content=\"Napsal(a)\" \/>\n\t<meta name=\"twitter:data1\" content=\"evb\" \/>\n\t<meta name=\"twitter:label2\" content=\"Odhadovan\u00e1 doba \u010dten\u00ed\" \/>\n\t<meta name=\"twitter:data2\" content=\"3 minuty\" \/>\n<script type=\"application\/ld+json\" class=\"yoast-schema-graph\">{\"@context\":\"https:\\\/\\\/schema.org\",\"@graph\":[{\"@type\":\"Article\",\"@id\":\"https:\\\/\\\/www.evb.com\\\/workplace-charging-driving-the-transition-to-electric-vehicles\\\/#article\",\"isPartOf\":{\"@id\":\"https:\\\/\\\/www.evb.com\\\/workplace-charging-driving-the-transition-to-electric-vehicles\\\/\"},\"author\":{\"name\":\"evb\",\"@id\":\"https:\\\/\\\/www.evb.com\\\/#\\\/schema\\\/person\\\/fe8f0137976034abdfd2ae4f8c5682d0\"},\"headline\":\"Workplace Charging: Driving the Transition to Electric Vehicles\",\"datePublished\":\"2024-02-18T06:14:49+00:00\",\"mainEntityOfPage\":{\"@id\":\"https:\\\/\\\/www.evb.com\\\/workplace-charging-driving-the-transition-to-electric-vehicles\\\/\"},\"wordCount\":444,\"commentCount\":0,\"publisher\":{\"@id\":\"https:\\\/\\\/www.evb.com\\\/#organization\"},\"articleSection\":[\"Short Blog\"],\"inLanguage\":\"cs\",\"potentialAction\":[{\"@type\":\"CommentAction\",\"name\":\"Comment\",\"target\":[\"https:\\\/\\\/www.evb.com\\\/workplace-charging-driving-the-transition-to-electric-vehicles\\\/#respond\"]}]},{\"@type\":\"WebPage\",\"@id\":\"https:\\\/\\\/www.evb.com\\\/workplace-charging-driving-the-transition-to-electric-vehicles\\\/\",\"url\":\"https:\\\/\\\/www.evb.com\\\/workplace-charging-driving-the-transition-to-electric-vehicles\\\/\",\"name\":\"Workplace Charging: Driving the Transition to Electric Vehicles\",\"isPartOf\":{\"@id\":\"https:\\\/\\\/www.evb.com\\\/#website\"},\"datePublished\":\"2024-02-18T06:14:49+00:00\",\"description\":\"The transition to electric vehicles (EVs) is gaining momentum, and workplace charging plays a crucial role in supporting this shift.\",\"breadcrumb\":{\"@id\":\"https:\\\/\\\/www.evb.com\\\/workplace-charging-driving-the-transition-to-electric-vehicles\\\/#breadcrumb\"},\"inLanguage\":\"cs\",\"potentialAction\":[{\"@type\":\"ReadAction\",\"target\":[\"https:\\\/\\\/www.evb.com\\\/workplace-charging-driving-the-transition-to-electric-vehicles\\\/\"]}]},{\"@type\":\"BreadcrumbList\",\"@id\":\"https:\\\/\\\/www.evb.com\\\/workplace-charging-driving-the-transition-to-electric-vehicles\\\/#breadcrumb\",\"itemListElement\":[{\"@type\":\"ListItem\",\"position\":1,\"name\":\"Home\",\"item\":\"https:\\\/\\\/www.evb.com\\\/\"},{\"@type\":\"ListItem\",\"position\":2,\"name\":\"Workplace Charging: Driving the Transition to Electric Vehicles\"}]},{\"@type\":\"WebSite\",\"@id\":\"https:\\\/\\\/www.evb.com\\\/#website\",\"url\":\"https:\\\/\\\/www.evb.com\\\/\",\"name\":\"EVB\",\"description\":\"Smart EV Charging &amp; Energy Storage Solutions\",\"publisher\":{\"@id\":\"https:\\\/\\\/www.evb.com\\\/#organization\"},\"potentialAction\":[{\"@type\":\"SearchAction\",\"target\":{\"@type\":\"EntryPoint\",\"urlTemplate\":\"https:\\\/\\\/www.evb.com\\\/?s={search_term_string}\"},\"query-input\":{\"@type\":\"PropertyValueSpecification\",\"valueRequired\":true,\"valueName\":\"search_term_string\"}}],\"inLanguage\":\"cs\"},{\"@type\":\"Organization\",\"@id\":\"https:\\\/\\\/www.evb.com\\\/#organization\",\"name\":\"EVB\",\"url\":\"https:\\\/\\\/www.evb.com\\\/\",\"logo\":{\"@type\":\"ImageObject\",\"inLanguage\":\"cs\",\"@id\":\"https:\\\/\\\/www.evb.com\\\/#\\\/schema\\\/logo\\\/image\\\/\",\"url\":\"https:\\\/\\\/www.evb.com\\\/wp-content\\\/uploads\\\/2021\\\/03\\\/evb-3.png\",\"contentUrl\":\"https:\\\/\\\/www.evb.com\\\/wp-content\\\/uploads\\\/2021\\\/03\\\/evb-3.png\",\"width\":605,\"height\":626,\"caption\":\"EVB\"},\"image\":{\"@id\":\"https:\\\/\\\/www.evb.com\\\/#\\\/schema\\\/logo\\\/image\\\/\"}},{\"@type\":\"Person\",\"@id\":\"https:\\\/\\\/www.evb.com\\\/#\\\/schema\\\/person\\\/fe8f0137976034abdfd2ae4f8c5682d0\",\"name\":\"evb\",\"image\":{\"@type\":\"ImageObject\",\"inLanguage\":\"cs\",\"@id\":\"https:\\\/\\\/secure.gravatar.com\\\/avatar\\\/6919cc4e91e3745783933e1263b15b0bed21b5e46f2b1e21643aa8b29240d0f7?s=96&d=mm&r=g\",\"url\":\"https:\\\/\\\/secure.gravatar.com\\\/avatar\\\/6919cc4e91e3745783933e1263b15b0bed21b5e46f2b1e21643aa8b29240d0f7?s=96&d=mm&r=g\",\"contentUrl\":\"https:\\\/\\\/secure.gravatar.com\\\/avatar\\\/6919cc4e91e3745783933e1263b15b0bed21b5e46f2b1e21643aa8b29240d0f7?s=96&d=mm&r=g\",\"caption\":\"evb\"}}]}<\/script>\n<!-- \/ Yoast SEO plugin. -->","yoast_head_json":{"title":"Workplace Charging: Driving the Transition to Electric Vehicles","description":"The transition to electric vehicles (EVs) is gaining momentum, and workplace charging plays a crucial role in supporting this shift.","robots":{"index":"index","follow":"follow","max-snippet":"max-snippet:-1","max-image-preview":"max-image-preview:large","max-video-preview":"max-video-preview:-1"},"canonical":"https:\/\/www.evb.com\/cs\/workplace-charging-driving-the-transition-to-electric-vehicles\/","og_locale":"cs_CZ","og_type":"article","og_title":"Workplace Charging: Driving the Transition to Electric Vehicles","og_description":"The transition to electric vehicles (EVs) is gaining momentum, and workplace charging plays a crucial role in supporting this shift.","og_url":"https:\/\/www.evb.com\/cs\/workplace-charging-driving-the-transition-to-electric-vehicles\/","og_site_name":"EVB","article_published_time":"2024-02-18T06:14:49+00:00","author":"evb","twitter_card":"summary_large_image","twitter_misc":{"Napsal(a)":"evb","Odhadovan\u00e1 doba \u010dten\u00ed":"3 minuty"},"schema":{"@context":"https:\/\/schema.org","@graph":[{"@type":"Article","@id":"https:\/\/www.evb.com\/workplace-charging-driving-the-transition-to-electric-vehicles\/#article","isPartOf":{"@id":"https:\/\/www.evb.com\/workplace-charging-driving-the-transition-to-electric-vehicles\/"},"author":{"name":"evb","@id":"https:\/\/www.evb.com\/#\/schema\/person\/fe8f0137976034abdfd2ae4f8c5682d0"},"headline":"Workplace Charging: Driving the Transition to Electric Vehicles","datePublished":"2024-02-18T06:14:49+00:00","mainEntityOfPage":{"@id":"https:\/\/www.evb.com\/workplace-charging-driving-the-transition-to-electric-vehicles\/"},"wordCount":444,"commentCount":0,"publisher":{"@id":"https:\/\/www.evb.com\/#organization"},"articleSection":["Short Blog"],"inLanguage":"cs","potentialAction":[{"@type":"CommentAction","name":"Comment","target":["https:\/\/www.evb.com\/workplace-charging-driving-the-transition-to-electric-vehicles\/#respond"]}]},{"@type":"WebPage","@id":"https:\/\/www.evb.com\/workplace-charging-driving-the-transition-to-electric-vehicles\/","url":"https:\/\/www.evb.com\/workplace-charging-driving-the-transition-to-electric-vehicles\/","name":"Workplace Charging: Driving the Transition to Electric Vehicles","isPartOf":{"@id":"https:\/\/www.evb.com\/#website"},"datePublished":"2024-02-18T06:14:49+00:00","description":"The transition to electric vehicles (EVs) is gaining momentum, and workplace charging plays a crucial role in supporting this shift.","breadcrumb":{"@id":"https:\/\/www.evb.com\/workplace-charging-driving-the-transition-to-electric-vehicles\/#breadcrumb"},"inLanguage":"cs","potentialAction":[{"@type":"ReadAction","target":["https:\/\/www.evb.com\/workplace-charging-driving-the-transition-to-electric-vehicles\/"]}]},{"@type":"BreadcrumbList","@id":"https:\/\/www.evb.com\/workplace-charging-driving-the-transition-to-electric-vehicles\/#breadcrumb","itemListElement":[{"@type":"ListItem","position":1,"name":"Home","item":"https:\/\/www.evb.com\/"},{"@type":"ListItem","position":2,"name":"Workplace Charging: Driving the Transition to Electric Vehicles"}]},{"@type":"WebSite","@id":"https:\/\/www.evb.com\/#website","url":"https:\/\/www.evb.com\/","name":"EVB","description":"Smart EV Charging &amp; Energy Storage Solutions","publisher":{"@id":"https:\/\/www.evb.com\/#organization"},"potentialAction":[{"@type":"SearchAction","target":{"@type":"EntryPoint","urlTemplate":"https:\/\/www.evb.com\/?s={search_term_string}"},"query-input":{"@type":"PropertyValueSpecification","valueRequired":true,"valueName":"search_term_string"}}],"inLanguage":"cs"},{"@type":"Organization","@id":"https:\/\/www.evb.com\/#organization","name":"EVB","url":"https:\/\/www.evb.com\/","logo":{"@type":"ImageObject","inLanguage":"cs","@id":"https:\/\/www.evb.com\/#\/schema\/logo\/image\/","url":"https:\/\/www.evb.com\/wp-content\/uploads\/2021\/03\/evb-3.png","contentUrl":"https:\/\/www.evb.com\/wp-content\/uploads\/2021\/03\/evb-3.png","width":605,"height":626,"caption":"EVB"},"image":{"@id":"https:\/\/www.evb.com\/#\/schema\/logo\/image\/"}},{"@type":"Person","@id":"https:\/\/www.evb.com\/#\/schema\/person\/fe8f0137976034abdfd2ae4f8c5682d0","name":"evb","image":{"@type":"ImageObject","inLanguage":"cs","@id":"https:\/\/secure.gravatar.com\/avatar\/6919cc4e91e3745783933e1263b15b0bed21b5e46f2b1e21643aa8b29240d0f7?s=96&d=mm&r=g","url":"https:\/\/secure.gravatar.com\/avatar\/6919cc4e91e3745783933e1263b15b0bed21b5e46f2b1e21643aa8b29240d0f7?s=96&d=mm&r=g","contentUrl":"https:\/\/secure.gravatar.com\/avatar\/6919cc4e91e3745783933e1263b15b0bed21b5e46f2b1e21643aa8b29240d0f7?s=96&d=mm&r=g","caption":"evb"}}]}},"_links":{"self":[{"href":"https:\/\/www.evb.com\/cs\/wp-json\/wp\/v2\/posts\/10766","targetHints":{"allow":["GET"]}}],"collection":[{"href":"https:\/\/www.evb.com\/cs\/wp-json\/wp\/v2\/posts"}],"about":[{"href":"https:\/\/www.evb.com\/cs\/wp-json\/wp\/v2\/types\/post"}],"author":[{"embeddable":true,"href":"https:\/\/www.evb.com\/cs\/wp-json\/wp\/v2\/users\/3"}],"replies":[{"embeddable":true,"href":"https:\/\/www.evb.com\/cs\/wp-json\/wp\/v2\/comments?post=10766"}],"version-history":[{"count":1,"href":"https:\/\/www.evb.com\/cs\/wp-json\/wp\/v2\/posts\/10766\/revisions"}],"predecessor-version":[{"id":10767,"href":"https:\/\/www.evb.com\/cs\/wp-json\/wp\/v2\/posts\/10766\/revisions\/10767"}],"wp:attachment":[{"href":"https:\/\/www.evb.com\/cs\/wp-json\/wp\/v2\/media?parent=10766"}],"wp:term":[{"taxonomy":"category","embeddable":true,"href":"https:\/\/www.evb.com\/cs\/wp-json\/wp\/v2\/categories?post=10766"},{"taxonomy":"post_tag","embeddable":true,"href":"https:\/\/www.evb.com\/cs\/wp-json\/wp\/v2\/tags?post=10766"}],"curies":[{"name":"wp","href":"https:\/\/api.w.org\/{rel}","templated":true}]}}