{"id":10766,"date":"2024-02-18T14:14:49","date_gmt":"2024-02-18T06:14:49","guid":{"rendered":"https:\/\/www.evb.com\/?p=10766"},"modified":"2024-01-30T14:16:34","modified_gmt":"2024-01-30T06:16:34","slug":"workplace-charging-driving-the-transition-to-electric-vehicles","status":"publish","type":"post","link":"https:\/\/www.evb.com\/de\/workplace-charging-driving-the-transition-to-electric-vehicles\/","title":{"rendered":"Laden am Arbeitsplatz: Den \u00dcbergang zu Elektrofahrzeugen vorantreiben"},"content":{"rendered":"<p>Der \u00dcbergang zu Elektrofahrzeugen (EVs) gewinnt an Dynamik, und das Laden am Arbeitsplatz spielt eine entscheidende Rolle bei der Unterst\u00fctzung dieses Wandels. Bei <a href=\"https:\/\/www.evb.com\/de\"><u>EVB<\/u><\/a>Unser Unternehmen engagiert sich f\u00fcr die Umstellung auf Elektrofahrzeuge und bietet zuverl\u00e4ssige Ladel\u00f6sungen f\u00fcr den Arbeitsplatz. Erfahren Sie, wie unsere Produkte und Dienstleistungen umweltfreundliche Initiativen unterst\u00fctzen, Mitarbeitern komfortable Ladem\u00f6glichkeiten bieten und Unternehmen dabei helfen, Ausgaben und Finanzen effektiv zu verwalten.<\/p>\n\n\n\n<h2 class=\"wp-block-heading\"><strong>Zuverl\u00e4ssige Ladestation am Arbeitsplatz: Unterst\u00fctzung umweltfreundlicher Initiativen<\/strong><strong><\/strong><\/h2>\n\n\n\n<p>EVB ist sich der Bedeutung des Ladens am Arbeitsplatz f\u00fcr die F\u00f6rderung umweltfreundlicher Initiativen bewusst. Unsere <a href=\"https:\/\/www.evb.com\/de\/nach-branche\/\"><u>Ladestation f\u00fcr Elektrofahrzeuge<\/u><\/a>Wir bieten unseren Mitarbeitern zuverl\u00e4ssige Ladestationen und ermutigen sie, Elektrofahrzeuge als Fortbewegungsmittel zu nutzen. Mit der Installation von EVB-Ladestationen an Arbeitspl\u00e4tzen demonstrieren unsere Kunden ihr Engagement f\u00fcr Nachhaltigkeit und bieten ihren Mitarbeitern eine wertvolle Annehmlichkeit. Wir sind stolz darauf, umweltfreundliche Initiativen zu unterst\u00fctzen und Unternehmen zu erm\u00f6glichen, zu einer gr\u00fcneren Zukunft beizutragen.<\/p>\n\n\n\n<h2 class=\"wp-block-heading\"><strong>Einfach einstecken und loslegen: Komfortables Laden f\u00fcr Mitarbeiter<\/strong><strong><\/strong><\/h2>\n\n\n\n<p>Komfort ist entscheidend beim Laden am Arbeitsplatz. EVB bietet Ladel\u00f6sungen, die die Bed\u00fcrfnisse der Mitarbeiter ber\u00fccksichtigen und ihnen das Laden ihrer Elektrofahrzeuge einfach und m\u00fchelos erm\u00f6glichen. Mit unseren Ladestationen f\u00fcr Elektrofahrzeuge k\u00f6nnen Mitarbeiter ihre Fahrzeuge einfach anschlie\u00dfen und problemlos zur Arbeit fahren. Wir wissen, wie wichtig ein reibungsloses Ladeerlebnis ist, und unsere Produkte sind darauf ausgelegt, genau das zu bieten. Unser Unternehmen setzt sich daf\u00fcr ein, dass die Mitarbeiter unserer Kunden eine komfortable und effiziente Ladel\u00f6sung an ihrem Arbeitsplatz haben.<\/p>\n\n\n\n<h2 class=\"wp-block-heading\"><strong>Ausgaben und Finanzen verwalten: Effektive Abrechnung und Daten\u00fcberwachung f\u00fcr Unternehmen<\/strong><strong><\/strong><\/h2>\n\n\n\n<p>Unternehmen ben\u00f6tigen effektive Tools zur Verwaltung der Ausgaben und Finanzen im Zusammenhang mit dem Laden am Arbeitsplatz. EVB bietet L\u00f6sungen f\u00fcr Abrechnung und Daten\u00fcberwachung, mit denen Unternehmen ihre Ladenutzung und -kosten im Blick behalten. Unsere fortschrittlichen Systeme liefern pr\u00e4zise Abrechnungsinformationen und erm\u00f6glichen Unternehmen eine gezielte Kostenverteilung. Dar\u00fcber hinaus bieten unsere Daten\u00fcberwachungsfunktionen wertvolle Einblicke in Lademuster, Nutzungstrends und den Energieverbrauch. Mit diesen Informationen k\u00f6nnen Unternehmen fundierte Entscheidungen hinsichtlich ihrer Energiemanagementstrategien treffen. Wir m\u00f6chten unseren Kunden die Tools zur Verf\u00fcgung stellen, die sie ben\u00f6tigen, um ihre Ausgaben und Finanzen im Zusammenhang mit dem Laden am Arbeitsplatz effektiv zu verwalten.<\/p>\n\n\n\n<h2 class=\"wp-block-heading\"><strong>Abschluss<\/strong><strong><\/strong><\/h2>\n\n\n\n<p>Zusammenfassend l\u00e4sst sich sagen: EVB engagiert sich daf\u00fcr, den Umstieg auf Elektrofahrzeuge durch Ladel\u00f6sungen am Arbeitsplatz voranzutreiben. Unsere zuverl\u00e4ssigen Ladestationen von EV Solutions unterst\u00fctzen umweltfreundliche Initiativen und erm\u00f6glichen Mitarbeitern ein komfortables und unkompliziertes Laden. Wir bieten au\u00dferdem effektive Abrechnungs- und Daten\u00fcberwachungstools, die Unternehmen bei der Verwaltung ihrer Ausgaben und Finanzen im Zusammenhang mit dem Laden am Arbeitsplatz unterst\u00fctzen. Vertrauen Sie auf unser Unternehmen EVB, das Ihnen zuverl\u00e4ssige und effiziente Ladel\u00f6sungen am Arbeitsplatz bietet. Gemeinsam arbeiten wir an einer nachhaltigen und umweltfreundlicheren Zukunft des Transports.<\/p>","protected":false},"excerpt":{"rendered":"<p>Die Umstellung auf Elektrofahrzeuge gewinnt an Dynamik, und das Laden am Arbeitsplatz spielt dabei eine entscheidende Rolle. Wir bei EVB engagieren uns f\u00fcr den Umstieg auf Elektrofahrzeuge und bieten zuverl\u00e4ssige Ladel\u00f6sungen f\u00fcr den Arbeitsplatz. Erfahren Sie, wie unsere Produkte und Dienstleistungen umweltfreundliche Initiativen unterst\u00fctzen, komfortable Ladem\u00f6glichkeiten f\u00fcr Mitarbeiter bieten und [\u2026]<\/p>","protected":false},"author":3,"featured_media":0,"comment_status":"open","ping_status":"open","sticky":false,"template":"","format":"standard","meta":{"footnotes":""},"categories":[48],"tags":[],"class_list":["post-10766","post","type-post","status-publish","format-standard","hentry","category-short-blog"],"acf":[],"yoast_head":"<!-- This site is optimized with the Yoast SEO plugin v27.4 - https:\/\/yoast.com\/product\/yoast-seo-wordpress\/ -->\n<title>Workplace Charging: Driving the Transition to Electric Vehicles<\/title>\n<meta name=\"description\" content=\"The transition to electric vehicles (EVs) is gaining momentum, and workplace charging plays a crucial role in supporting this shift.\" \/>\n<meta name=\"robots\" content=\"index, follow, max-snippet:-1, max-image-preview:large, max-video-preview:-1\" \/>\n<link rel=\"canonical\" href=\"https:\/\/www.evb.com\/de\/workplace-charging-driving-the-transition-to-electric-vehicles\/\" \/>\n<meta property=\"og:locale\" content=\"de_DE\" \/>\n<meta property=\"og:type\" content=\"article\" \/>\n<meta property=\"og:title\" content=\"Workplace Charging: Driving the Transition to Electric Vehicles\" \/>\n<meta property=\"og:description\" content=\"The transition to electric vehicles (EVs) is gaining momentum, and workplace charging plays a crucial role in supporting this shift.\" \/>\n<meta property=\"og:url\" content=\"https:\/\/www.evb.com\/de\/workplace-charging-driving-the-transition-to-electric-vehicles\/\" \/>\n<meta property=\"og:site_name\" content=\"EVB\" \/>\n<meta property=\"article:published_time\" content=\"2024-02-18T06:14:49+00:00\" \/>\n<meta name=\"author\" content=\"evb\" \/>\n<meta name=\"twitter:card\" content=\"summary_large_image\" \/>\n<meta name=\"twitter:label1\" content=\"Verfasst von\" \/>\n\t<meta name=\"twitter:data1\" content=\"evb\" \/>\n\t<meta name=\"twitter:label2\" content=\"Gesch\u00e4tzte Lesezeit\" \/>\n\t<meta name=\"twitter:data2\" content=\"3\u00a0Minuten\" \/>\n<script type=\"application\/ld+json\" class=\"yoast-schema-graph\">{\"@context\":\"https:\\\/\\\/schema.org\",\"@graph\":[{\"@type\":\"Article\",\"@id\":\"https:\\\/\\\/www.evb.com\\\/workplace-charging-driving-the-transition-to-electric-vehicles\\\/#article\",\"isPartOf\":{\"@id\":\"https:\\\/\\\/www.evb.com\\\/workplace-charging-driving-the-transition-to-electric-vehicles\\\/\"},\"author\":{\"name\":\"evb\",\"@id\":\"https:\\\/\\\/www.evb.com\\\/#\\\/schema\\\/person\\\/fe8f0137976034abdfd2ae4f8c5682d0\"},\"headline\":\"Workplace Charging: Driving the Transition to Electric Vehicles\",\"datePublished\":\"2024-02-18T06:14:49+00:00\",\"mainEntityOfPage\":{\"@id\":\"https:\\\/\\\/www.evb.com\\\/workplace-charging-driving-the-transition-to-electric-vehicles\\\/\"},\"wordCount\":444,\"commentCount\":0,\"publisher\":{\"@id\":\"https:\\\/\\\/www.evb.com\\\/#organization\"},\"articleSection\":[\"Short Blog\"],\"inLanguage\":\"de\",\"potentialAction\":[{\"@type\":\"CommentAction\",\"name\":\"Comment\",\"target\":[\"https:\\\/\\\/www.evb.com\\\/workplace-charging-driving-the-transition-to-electric-vehicles\\\/#respond\"]}]},{\"@type\":\"WebPage\",\"@id\":\"https:\\\/\\\/www.evb.com\\\/workplace-charging-driving-the-transition-to-electric-vehicles\\\/\",\"url\":\"https:\\\/\\\/www.evb.com\\\/workplace-charging-driving-the-transition-to-electric-vehicles\\\/\",\"name\":\"Workplace Charging: Driving the Transition to Electric Vehicles\",\"isPartOf\":{\"@id\":\"https:\\\/\\\/www.evb.com\\\/#website\"},\"datePublished\":\"2024-02-18T06:14:49+00:00\",\"description\":\"The transition to electric vehicles (EVs) is gaining momentum, and workplace charging plays a crucial role in supporting this shift.\",\"breadcrumb\":{\"@id\":\"https:\\\/\\\/www.evb.com\\\/workplace-charging-driving-the-transition-to-electric-vehicles\\\/#breadcrumb\"},\"inLanguage\":\"de\",\"potentialAction\":[{\"@type\":\"ReadAction\",\"target\":[\"https:\\\/\\\/www.evb.com\\\/workplace-charging-driving-the-transition-to-electric-vehicles\\\/\"]}]},{\"@type\":\"BreadcrumbList\",\"@id\":\"https:\\\/\\\/www.evb.com\\\/workplace-charging-driving-the-transition-to-electric-vehicles\\\/#breadcrumb\",\"itemListElement\":[{\"@type\":\"ListItem\",\"position\":1,\"name\":\"Home\",\"item\":\"https:\\\/\\\/www.evb.com\\\/\"},{\"@type\":\"ListItem\",\"position\":2,\"name\":\"Workplace Charging: Driving the Transition to Electric Vehicles\"}]},{\"@type\":\"WebSite\",\"@id\":\"https:\\\/\\\/www.evb.com\\\/#website\",\"url\":\"https:\\\/\\\/www.evb.com\\\/\",\"name\":\"EVB\",\"description\":\"Smart EV Charging &amp; Energy Storage Solutions\",\"publisher\":{\"@id\":\"https:\\\/\\\/www.evb.com\\\/#organization\"},\"potentialAction\":[{\"@type\":\"SearchAction\",\"target\":{\"@type\":\"EntryPoint\",\"urlTemplate\":\"https:\\\/\\\/www.evb.com\\\/?s={search_term_string}\"},\"query-input\":{\"@type\":\"PropertyValueSpecification\",\"valueRequired\":true,\"valueName\":\"search_term_string\"}}],\"inLanguage\":\"de\"},{\"@type\":\"Organization\",\"@id\":\"https:\\\/\\\/www.evb.com\\\/#organization\",\"name\":\"EVB\",\"url\":\"https:\\\/\\\/www.evb.com\\\/\",\"logo\":{\"@type\":\"ImageObject\",\"inLanguage\":\"de\",\"@id\":\"https:\\\/\\\/www.evb.com\\\/#\\\/schema\\\/logo\\\/image\\\/\",\"url\":\"https:\\\/\\\/www.evb.com\\\/wp-content\\\/uploads\\\/2021\\\/03\\\/evb-3.png\",\"contentUrl\":\"https:\\\/\\\/www.evb.com\\\/wp-content\\\/uploads\\\/2021\\\/03\\\/evb-3.png\",\"width\":605,\"height\":626,\"caption\":\"EVB\"},\"image\":{\"@id\":\"https:\\\/\\\/www.evb.com\\\/#\\\/schema\\\/logo\\\/image\\\/\"}},{\"@type\":\"Person\",\"@id\":\"https:\\\/\\\/www.evb.com\\\/#\\\/schema\\\/person\\\/fe8f0137976034abdfd2ae4f8c5682d0\",\"name\":\"evb\",\"image\":{\"@type\":\"ImageObject\",\"inLanguage\":\"de\",\"@id\":\"https:\\\/\\\/secure.gravatar.com\\\/avatar\\\/6919cc4e91e3745783933e1263b15b0bed21b5e46f2b1e21643aa8b29240d0f7?s=96&d=mm&r=g\",\"url\":\"https:\\\/\\\/secure.gravatar.com\\\/avatar\\\/6919cc4e91e3745783933e1263b15b0bed21b5e46f2b1e21643aa8b29240d0f7?s=96&d=mm&r=g\",\"contentUrl\":\"https:\\\/\\\/secure.gravatar.com\\\/avatar\\\/6919cc4e91e3745783933e1263b15b0bed21b5e46f2b1e21643aa8b29240d0f7?s=96&d=mm&r=g\",\"caption\":\"evb\"}}]}<\/script>\n<!-- \/ Yoast SEO plugin. -->","yoast_head_json":{"title":"Workplace Charging: Driving the Transition to Electric Vehicles","description":"The transition to electric vehicles (EVs) is gaining momentum, and workplace charging plays a crucial role in supporting this shift.","robots":{"index":"index","follow":"follow","max-snippet":"max-snippet:-1","max-image-preview":"max-image-preview:large","max-video-preview":"max-video-preview:-1"},"canonical":"https:\/\/www.evb.com\/de\/workplace-charging-driving-the-transition-to-electric-vehicles\/","og_locale":"de_DE","og_type":"article","og_title":"Workplace Charging: Driving the Transition to Electric Vehicles","og_description":"The transition to electric vehicles (EVs) is gaining momentum, and workplace charging plays a crucial role in supporting this shift.","og_url":"https:\/\/www.evb.com\/de\/workplace-charging-driving-the-transition-to-electric-vehicles\/","og_site_name":"EVB","article_published_time":"2024-02-18T06:14:49+00:00","author":"evb","twitter_card":"summary_large_image","twitter_misc":{"Verfasst von":"evb","Gesch\u00e4tzte Lesezeit":"3\u00a0Minuten"},"schema":{"@context":"https:\/\/schema.org","@graph":[{"@type":"Article","@id":"https:\/\/www.evb.com\/workplace-charging-driving-the-transition-to-electric-vehicles\/#article","isPartOf":{"@id":"https:\/\/www.evb.com\/workplace-charging-driving-the-transition-to-electric-vehicles\/"},"author":{"name":"evb","@id":"https:\/\/www.evb.com\/#\/schema\/person\/fe8f0137976034abdfd2ae4f8c5682d0"},"headline":"Workplace Charging: Driving the Transition to Electric Vehicles","datePublished":"2024-02-18T06:14:49+00:00","mainEntityOfPage":{"@id":"https:\/\/www.evb.com\/workplace-charging-driving-the-transition-to-electric-vehicles\/"},"wordCount":444,"commentCount":0,"publisher":{"@id":"https:\/\/www.evb.com\/#organization"},"articleSection":["Short Blog"],"inLanguage":"de","potentialAction":[{"@type":"CommentAction","name":"Comment","target":["https:\/\/www.evb.com\/workplace-charging-driving-the-transition-to-electric-vehicles\/#respond"]}]},{"@type":"WebPage","@id":"https:\/\/www.evb.com\/workplace-charging-driving-the-transition-to-electric-vehicles\/","url":"https:\/\/www.evb.com\/workplace-charging-driving-the-transition-to-electric-vehicles\/","name":"Workplace Charging: Driving the Transition to Electric Vehicles","isPartOf":{"@id":"https:\/\/www.evb.com\/#website"},"datePublished":"2024-02-18T06:14:49+00:00","description":"The transition to electric vehicles (EVs) is gaining momentum, and workplace charging plays a crucial role in supporting this shift.","breadcrumb":{"@id":"https:\/\/www.evb.com\/workplace-charging-driving-the-transition-to-electric-vehicles\/#breadcrumb"},"inLanguage":"de","potentialAction":[{"@type":"ReadAction","target":["https:\/\/www.evb.com\/workplace-charging-driving-the-transition-to-electric-vehicles\/"]}]},{"@type":"BreadcrumbList","@id":"https:\/\/www.evb.com\/workplace-charging-driving-the-transition-to-electric-vehicles\/#breadcrumb","itemListElement":[{"@type":"ListItem","position":1,"name":"Home","item":"https:\/\/www.evb.com\/"},{"@type":"ListItem","position":2,"name":"Workplace Charging: Driving the Transition to Electric Vehicles"}]},{"@type":"WebSite","@id":"https:\/\/www.evb.com\/#website","url":"https:\/\/www.evb.com\/","name":"EVB","description":"Smart EV Charging &amp; Energy Storage Solutions","publisher":{"@id":"https:\/\/www.evb.com\/#organization"},"potentialAction":[{"@type":"SearchAction","target":{"@type":"EntryPoint","urlTemplate":"https:\/\/www.evb.com\/?s={search_term_string}"},"query-input":{"@type":"PropertyValueSpecification","valueRequired":true,"valueName":"search_term_string"}}],"inLanguage":"de"},{"@type":"Organization","@id":"https:\/\/www.evb.com\/#organization","name":"EVB","url":"https:\/\/www.evb.com\/","logo":{"@type":"ImageObject","inLanguage":"de","@id":"https:\/\/www.evb.com\/#\/schema\/logo\/image\/","url":"https:\/\/www.evb.com\/wp-content\/uploads\/2021\/03\/evb-3.png","contentUrl":"https:\/\/www.evb.com\/wp-content\/uploads\/2021\/03\/evb-3.png","width":605,"height":626,"caption":"EVB"},"image":{"@id":"https:\/\/www.evb.com\/#\/schema\/logo\/image\/"}},{"@type":"Person","@id":"https:\/\/www.evb.com\/#\/schema\/person\/fe8f0137976034abdfd2ae4f8c5682d0","name":"evb","image":{"@type":"ImageObject","inLanguage":"de","@id":"https:\/\/secure.gravatar.com\/avatar\/6919cc4e91e3745783933e1263b15b0bed21b5e46f2b1e21643aa8b29240d0f7?s=96&d=mm&r=g","url":"https:\/\/secure.gravatar.com\/avatar\/6919cc4e91e3745783933e1263b15b0bed21b5e46f2b1e21643aa8b29240d0f7?s=96&d=mm&r=g","contentUrl":"https:\/\/secure.gravatar.com\/avatar\/6919cc4e91e3745783933e1263b15b0bed21b5e46f2b1e21643aa8b29240d0f7?s=96&d=mm&r=g","caption":"evb"}}]}},"_links":{"self":[{"href":"https:\/\/www.evb.com\/de\/wp-json\/wp\/v2\/posts\/10766","targetHints":{"allow":["GET"]}}],"collection":[{"href":"https:\/\/www.evb.com\/de\/wp-json\/wp\/v2\/posts"}],"about":[{"href":"https:\/\/www.evb.com\/de\/wp-json\/wp\/v2\/types\/post"}],"author":[{"embeddable":true,"href":"https:\/\/www.evb.com\/de\/wp-json\/wp\/v2\/users\/3"}],"replies":[{"embeddable":true,"href":"https:\/\/www.evb.com\/de\/wp-json\/wp\/v2\/comments?post=10766"}],"version-history":[{"count":1,"href":"https:\/\/www.evb.com\/de\/wp-json\/wp\/v2\/posts\/10766\/revisions"}],"predecessor-version":[{"id":10767,"href":"https:\/\/www.evb.com\/de\/wp-json\/wp\/v2\/posts\/10766\/revisions\/10767"}],"wp:attachment":[{"href":"https:\/\/www.evb.com\/de\/wp-json\/wp\/v2\/media?parent=10766"}],"wp:term":[{"taxonomy":"category","embeddable":true,"href":"https:\/\/www.evb.com\/de\/wp-json\/wp\/v2\/categories?post=10766"},{"taxonomy":"post_tag","embeddable":true,"href":"https:\/\/www.evb.com\/de\/wp-json\/wp\/v2\/tags?post=10766"}],"curies":[{"name":"wp","href":"https:\/\/api.w.org\/{rel}","templated":true}]}}