{"id":10766,"date":"2024-02-18T14:14:49","date_gmt":"2024-02-18T06:14:49","guid":{"rendered":"https:\/\/www.evb.com\/?p=10766"},"modified":"2024-01-30T14:16:34","modified_gmt":"2024-01-30T06:16:34","slug":"workplace-charging-driving-the-transition-to-electric-vehicles","status":"publish","type":"post","link":"https:\/\/www.evb.com\/es\/workplace-charging-driving-the-transition-to-electric-vehicles\/","title":{"rendered":"Carga en el lugar de trabajo: impulsando la transici\u00f3n a veh\u00edculos el\u00e9ctricos"},"content":{"rendered":"<p>La transici\u00f3n a los veh\u00edculos el\u00e9ctricos (VE) est\u00e1 cobrando impulso, y la carga en el lugar de trabajo desempe\u00f1a un papel crucial para respaldar este cambio. <a href=\"https:\/\/www.evb.com\/es\"><u>EVB<\/u><\/a>Nuestra empresa se dedica a impulsar la transici\u00f3n a los veh\u00edculos el\u00e9ctricos mediante soluciones de carga fiables en el lugar de trabajo. Exploremos c\u00f3mo nuestros productos y servicios apoyan iniciativas ecol\u00f3gicas, ofrecen opciones de carga pr\u00e1cticas para los empleados y ayudan a las empresas a gestionar sus gastos y finanzas eficazmente.<\/p>\n\n\n\n<h2 class=\"wp-block-heading\"><strong>Punto de carga confiable en el lugar de trabajo: apoyando iniciativas ecol\u00f3gicas<\/strong><strong><\/strong><\/h2>\n\n\n\n<p>EVB comprende la importancia de la carga en el lugar de trabajo para promover iniciativas ecol\u00f3gicas. Nuestra <a href=\"https:\/\/www.evb.com\/es\/por-industria\/\"><u>Estaci\u00f3n de carga de soluciones para veh\u00edculos el\u00e9ctricos<\/u><\/a>Ofrecemos un punto de carga confiable para nuestros empleados, anim\u00e1ndolos a adoptar los veh\u00edculos el\u00e9ctricos como medio de transporte. Al instalar estaciones de carga EVB en sus lugares de trabajo, nuestros clientes demuestran su compromiso con la sostenibilidad y ofrecen un servicio valioso a sus empleados. Nos enorgullece apoyar iniciativas ecol\u00f3gicas y permitir que las empresas contribuyan a un futuro m\u00e1s verde.<\/p>\n\n\n\n<h2 class=\"wp-block-heading\"><strong>Simplemente con\u00e9ctelo y comience a trabajar: carga conveniente para los empleados<\/strong><strong><\/strong><\/h2>\n\n\n\n<p>La comodidad es clave a la hora de cargar en el lugar de trabajo. EVB ofrece soluciones de carga que priorizan las necesidades de los empleados, facilit\u00e1ndoles la carga de sus veh\u00edculos el\u00e9ctricos. Con nuestras estaciones de carga EV Solutions, los empleados pueden simplemente enchufar sus veh\u00edculos y ponerse a trabajar sin complicaciones. Entendemos la importancia de una experiencia de carga fluida, y nuestros productos est\u00e1n dise\u00f1ados para proporcionar precisamente eso. Nuestra empresa se compromete a garantizar que los empleados de nuestros clientes tengan una soluci\u00f3n de carga c\u00f3moda y eficiente en su lugar de trabajo.<\/p>\n\n\n\n<h2 class=\"wp-block-heading\"><strong>Gesti\u00f3n de gastos y finanzas: facturaci\u00f3n eficaz y monitorizaci\u00f3n de datos para empresas<\/strong><strong><\/strong><\/h2>\n\n\n\n<p>Las empresas necesitan herramientas eficaces para gestionar los gastos y las finanzas asociadas con la carga en el lugar de trabajo. En EVB, ofrecemos soluciones de facturaci\u00f3n y monitorizaci\u00f3n de datos que ayudan a las empresas a controlar su uso y costes de carga. Nuestros sistemas avanzados proporcionan informaci\u00f3n precisa sobre la facturaci\u00f3n, lo que permite a las empresas asignar los costes adecuadamente. Adem\u00e1s, nuestras funciones de monitorizaci\u00f3n de datos ofrecen informaci\u00f3n valiosa sobre los patrones de carga, las tendencias de uso y el consumo energ\u00e9tico. Con esta informaci\u00f3n, las empresas pueden tomar decisiones informadas sobre sus estrategias de gesti\u00f3n energ\u00e9tica. Nuestro objetivo es proporcionar a nuestros clientes las herramientas necesarias para gestionar eficazmente sus gastos y finanzas relacionadas con la carga en el lugar de trabajo.<\/p>\n\n\n\n<h2 class=\"wp-block-heading\"><strong>Conclusi\u00f3n<\/strong><strong><\/strong><\/h2>\n\n\n\n<p>En conclusi\u00f3n, EVB se compromete a impulsar la transici\u00f3n a veh\u00edculos el\u00e9ctricos mediante soluciones de carga en el lugar de trabajo. Nuestras fiables estaciones de carga EV Solutions apoyan iniciativas ecol\u00f3gicas y ofrecen una experiencia de carga c\u00f3moda y sin complicaciones para los empleados. Tambi\u00e9n ofrecemos herramientas eficaces de facturaci\u00f3n y monitorizaci\u00f3n de datos para ayudar a las empresas a gestionar sus gastos y finanzas asociados con la carga en el lugar de trabajo. Conf\u00ede en nuestra empresa, EVB, para ofrecerle soluciones de carga en el lugar de trabajo fiables y eficientes, mientras trabajamos juntos para crear un futuro del transporte sostenible y m\u00e1s ecol\u00f3gico.<\/p>","protected":false},"excerpt":{"rendered":"<p>La transici\u00f3n a los veh\u00edculos el\u00e9ctricos (VE) est\u00e1 cobrando impulso, y la carga en el lugar de trabajo desempe\u00f1a un papel crucial para impulsar este cambio. En EVB, nuestra empresa se dedica a impulsar la transici\u00f3n a los VE proporcionando soluciones fiables de carga en el lugar de trabajo. Exploremos c\u00f3mo nuestros productos y servicios apoyan iniciativas ecol\u00f3gicas, ofrecen opciones de carga c\u00f3modas para los empleados y [\u2026]<\/p>","protected":false},"author":3,"featured_media":0,"comment_status":"open","ping_status":"open","sticky":false,"template":"","format":"standard","meta":{"footnotes":""},"categories":[48],"tags":[],"class_list":["post-10766","post","type-post","status-publish","format-standard","hentry","category-short-blog"],"acf":[],"yoast_head":"<!-- This site is optimized with the Yoast SEO plugin v27.4 - https:\/\/yoast.com\/product\/yoast-seo-wordpress\/ -->\n<title>Workplace Charging: Driving the Transition to Electric Vehicles<\/title>\n<meta name=\"description\" content=\"The transition to electric vehicles (EVs) is gaining momentum, and workplace charging plays a crucial role in supporting this shift.\" \/>\n<meta name=\"robots\" content=\"index, follow, max-snippet:-1, max-image-preview:large, max-video-preview:-1\" \/>\n<link rel=\"canonical\" href=\"https:\/\/www.evb.com\/es\/workplace-charging-driving-the-transition-to-electric-vehicles\/\" \/>\n<meta property=\"og:locale\" content=\"es_ES\" \/>\n<meta property=\"og:type\" content=\"article\" \/>\n<meta property=\"og:title\" content=\"Workplace Charging: Driving the Transition to Electric Vehicles\" \/>\n<meta property=\"og:description\" content=\"The transition to electric vehicles (EVs) is gaining momentum, and workplace charging plays a crucial role in supporting this shift.\" \/>\n<meta property=\"og:url\" content=\"https:\/\/www.evb.com\/es\/workplace-charging-driving-the-transition-to-electric-vehicles\/\" \/>\n<meta property=\"og:site_name\" content=\"EVB\" \/>\n<meta property=\"article:published_time\" content=\"2024-02-18T06:14:49+00:00\" \/>\n<meta name=\"author\" content=\"evb\" \/>\n<meta name=\"twitter:card\" content=\"summary_large_image\" \/>\n<meta name=\"twitter:label1\" content=\"Escrito por\" \/>\n\t<meta name=\"twitter:data1\" content=\"evb\" \/>\n\t<meta name=\"twitter:label2\" content=\"Tiempo de lectura\" \/>\n\t<meta name=\"twitter:data2\" content=\"3 minutos\" \/>\n<script type=\"application\/ld+json\" class=\"yoast-schema-graph\">{\"@context\":\"https:\\\/\\\/schema.org\",\"@graph\":[{\"@type\":\"Article\",\"@id\":\"https:\\\/\\\/www.evb.com\\\/workplace-charging-driving-the-transition-to-electric-vehicles\\\/#article\",\"isPartOf\":{\"@id\":\"https:\\\/\\\/www.evb.com\\\/workplace-charging-driving-the-transition-to-electric-vehicles\\\/\"},\"author\":{\"name\":\"evb\",\"@id\":\"https:\\\/\\\/www.evb.com\\\/#\\\/schema\\\/person\\\/fe8f0137976034abdfd2ae4f8c5682d0\"},\"headline\":\"Workplace Charging: Driving the Transition to Electric Vehicles\",\"datePublished\":\"2024-02-18T06:14:49+00:00\",\"mainEntityOfPage\":{\"@id\":\"https:\\\/\\\/www.evb.com\\\/workplace-charging-driving-the-transition-to-electric-vehicles\\\/\"},\"wordCount\":444,\"commentCount\":0,\"publisher\":{\"@id\":\"https:\\\/\\\/www.evb.com\\\/#organization\"},\"articleSection\":[\"Short Blog\"],\"inLanguage\":\"es\",\"potentialAction\":[{\"@type\":\"CommentAction\",\"name\":\"Comment\",\"target\":[\"https:\\\/\\\/www.evb.com\\\/workplace-charging-driving-the-transition-to-electric-vehicles\\\/#respond\"]}]},{\"@type\":\"WebPage\",\"@id\":\"https:\\\/\\\/www.evb.com\\\/workplace-charging-driving-the-transition-to-electric-vehicles\\\/\",\"url\":\"https:\\\/\\\/www.evb.com\\\/workplace-charging-driving-the-transition-to-electric-vehicles\\\/\",\"name\":\"Workplace Charging: Driving the Transition to Electric Vehicles\",\"isPartOf\":{\"@id\":\"https:\\\/\\\/www.evb.com\\\/#website\"},\"datePublished\":\"2024-02-18T06:14:49+00:00\",\"description\":\"The transition to electric vehicles (EVs) is gaining momentum, and workplace charging plays a crucial role in supporting this shift.\",\"breadcrumb\":{\"@id\":\"https:\\\/\\\/www.evb.com\\\/workplace-charging-driving-the-transition-to-electric-vehicles\\\/#breadcrumb\"},\"inLanguage\":\"es\",\"potentialAction\":[{\"@type\":\"ReadAction\",\"target\":[\"https:\\\/\\\/www.evb.com\\\/workplace-charging-driving-the-transition-to-electric-vehicles\\\/\"]}]},{\"@type\":\"BreadcrumbList\",\"@id\":\"https:\\\/\\\/www.evb.com\\\/workplace-charging-driving-the-transition-to-electric-vehicles\\\/#breadcrumb\",\"itemListElement\":[{\"@type\":\"ListItem\",\"position\":1,\"name\":\"Home\",\"item\":\"https:\\\/\\\/www.evb.com\\\/\"},{\"@type\":\"ListItem\",\"position\":2,\"name\":\"Workplace Charging: Driving the Transition to Electric Vehicles\"}]},{\"@type\":\"WebSite\",\"@id\":\"https:\\\/\\\/www.evb.com\\\/#website\",\"url\":\"https:\\\/\\\/www.evb.com\\\/\",\"name\":\"EVB\",\"description\":\"Smart EV Charging &amp; Energy Storage Solutions\",\"publisher\":{\"@id\":\"https:\\\/\\\/www.evb.com\\\/#organization\"},\"potentialAction\":[{\"@type\":\"SearchAction\",\"target\":{\"@type\":\"EntryPoint\",\"urlTemplate\":\"https:\\\/\\\/www.evb.com\\\/?s={search_term_string}\"},\"query-input\":{\"@type\":\"PropertyValueSpecification\",\"valueRequired\":true,\"valueName\":\"search_term_string\"}}],\"inLanguage\":\"es\"},{\"@type\":\"Organization\",\"@id\":\"https:\\\/\\\/www.evb.com\\\/#organization\",\"name\":\"EVB\",\"url\":\"https:\\\/\\\/www.evb.com\\\/\",\"logo\":{\"@type\":\"ImageObject\",\"inLanguage\":\"es\",\"@id\":\"https:\\\/\\\/www.evb.com\\\/#\\\/schema\\\/logo\\\/image\\\/\",\"url\":\"https:\\\/\\\/www.evb.com\\\/wp-content\\\/uploads\\\/2021\\\/03\\\/evb-3.png\",\"contentUrl\":\"https:\\\/\\\/www.evb.com\\\/wp-content\\\/uploads\\\/2021\\\/03\\\/evb-3.png\",\"width\":605,\"height\":626,\"caption\":\"EVB\"},\"image\":{\"@id\":\"https:\\\/\\\/www.evb.com\\\/#\\\/schema\\\/logo\\\/image\\\/\"}},{\"@type\":\"Person\",\"@id\":\"https:\\\/\\\/www.evb.com\\\/#\\\/schema\\\/person\\\/fe8f0137976034abdfd2ae4f8c5682d0\",\"name\":\"evb\",\"image\":{\"@type\":\"ImageObject\",\"inLanguage\":\"es\",\"@id\":\"https:\\\/\\\/secure.gravatar.com\\\/avatar\\\/6919cc4e91e3745783933e1263b15b0bed21b5e46f2b1e21643aa8b29240d0f7?s=96&d=mm&r=g\",\"url\":\"https:\\\/\\\/secure.gravatar.com\\\/avatar\\\/6919cc4e91e3745783933e1263b15b0bed21b5e46f2b1e21643aa8b29240d0f7?s=96&d=mm&r=g\",\"contentUrl\":\"https:\\\/\\\/secure.gravatar.com\\\/avatar\\\/6919cc4e91e3745783933e1263b15b0bed21b5e46f2b1e21643aa8b29240d0f7?s=96&d=mm&r=g\",\"caption\":\"evb\"}}]}<\/script>\n<!-- \/ Yoast SEO plugin. -->","yoast_head_json":{"title":"Workplace Charging: Driving the Transition to Electric Vehicles","description":"The transition to electric vehicles (EVs) is gaining momentum, and workplace charging plays a crucial role in supporting this shift.","robots":{"index":"index","follow":"follow","max-snippet":"max-snippet:-1","max-image-preview":"max-image-preview:large","max-video-preview":"max-video-preview:-1"},"canonical":"https:\/\/www.evb.com\/es\/workplace-charging-driving-the-transition-to-electric-vehicles\/","og_locale":"es_ES","og_type":"article","og_title":"Workplace Charging: Driving the Transition to Electric Vehicles","og_description":"The transition to electric vehicles (EVs) is gaining momentum, and workplace charging plays a crucial role in supporting this shift.","og_url":"https:\/\/www.evb.com\/es\/workplace-charging-driving-the-transition-to-electric-vehicles\/","og_site_name":"EVB","article_published_time":"2024-02-18T06:14:49+00:00","author":"evb","twitter_card":"summary_large_image","twitter_misc":{"Escrito por":"evb","Tiempo de lectura":"3 minutos"},"schema":{"@context":"https:\/\/schema.org","@graph":[{"@type":"Article","@id":"https:\/\/www.evb.com\/workplace-charging-driving-the-transition-to-electric-vehicles\/#article","isPartOf":{"@id":"https:\/\/www.evb.com\/workplace-charging-driving-the-transition-to-electric-vehicles\/"},"author":{"name":"evb","@id":"https:\/\/www.evb.com\/#\/schema\/person\/fe8f0137976034abdfd2ae4f8c5682d0"},"headline":"Workplace Charging: Driving the Transition to Electric Vehicles","datePublished":"2024-02-18T06:14:49+00:00","mainEntityOfPage":{"@id":"https:\/\/www.evb.com\/workplace-charging-driving-the-transition-to-electric-vehicles\/"},"wordCount":444,"commentCount":0,"publisher":{"@id":"https:\/\/www.evb.com\/#organization"},"articleSection":["Short Blog"],"inLanguage":"es","potentialAction":[{"@type":"CommentAction","name":"Comment","target":["https:\/\/www.evb.com\/workplace-charging-driving-the-transition-to-electric-vehicles\/#respond"]}]},{"@type":"WebPage","@id":"https:\/\/www.evb.com\/workplace-charging-driving-the-transition-to-electric-vehicles\/","url":"https:\/\/www.evb.com\/workplace-charging-driving-the-transition-to-electric-vehicles\/","name":"Workplace Charging: Driving the Transition to Electric Vehicles","isPartOf":{"@id":"https:\/\/www.evb.com\/#website"},"datePublished":"2024-02-18T06:14:49+00:00","description":"The transition to electric vehicles (EVs) is gaining momentum, and workplace charging plays a crucial role in supporting this shift.","breadcrumb":{"@id":"https:\/\/www.evb.com\/workplace-charging-driving-the-transition-to-electric-vehicles\/#breadcrumb"},"inLanguage":"es","potentialAction":[{"@type":"ReadAction","target":["https:\/\/www.evb.com\/workplace-charging-driving-the-transition-to-electric-vehicles\/"]}]},{"@type":"BreadcrumbList","@id":"https:\/\/www.evb.com\/workplace-charging-driving-the-transition-to-electric-vehicles\/#breadcrumb","itemListElement":[{"@type":"ListItem","position":1,"name":"Home","item":"https:\/\/www.evb.com\/"},{"@type":"ListItem","position":2,"name":"Workplace Charging: Driving the Transition to Electric Vehicles"}]},{"@type":"WebSite","@id":"https:\/\/www.evb.com\/#website","url":"https:\/\/www.evb.com\/","name":"EVB","description":"Smart EV Charging &amp; Energy Storage Solutions","publisher":{"@id":"https:\/\/www.evb.com\/#organization"},"potentialAction":[{"@type":"SearchAction","target":{"@type":"EntryPoint","urlTemplate":"https:\/\/www.evb.com\/?s={search_term_string}"},"query-input":{"@type":"PropertyValueSpecification","valueRequired":true,"valueName":"search_term_string"}}],"inLanguage":"es"},{"@type":"Organization","@id":"https:\/\/www.evb.com\/#organization","name":"EVB","url":"https:\/\/www.evb.com\/","logo":{"@type":"ImageObject","inLanguage":"es","@id":"https:\/\/www.evb.com\/#\/schema\/logo\/image\/","url":"https:\/\/www.evb.com\/wp-content\/uploads\/2021\/03\/evb-3.png","contentUrl":"https:\/\/www.evb.com\/wp-content\/uploads\/2021\/03\/evb-3.png","width":605,"height":626,"caption":"EVB"},"image":{"@id":"https:\/\/www.evb.com\/#\/schema\/logo\/image\/"}},{"@type":"Person","@id":"https:\/\/www.evb.com\/#\/schema\/person\/fe8f0137976034abdfd2ae4f8c5682d0","name":"evb","image":{"@type":"ImageObject","inLanguage":"es","@id":"https:\/\/secure.gravatar.com\/avatar\/6919cc4e91e3745783933e1263b15b0bed21b5e46f2b1e21643aa8b29240d0f7?s=96&d=mm&r=g","url":"https:\/\/secure.gravatar.com\/avatar\/6919cc4e91e3745783933e1263b15b0bed21b5e46f2b1e21643aa8b29240d0f7?s=96&d=mm&r=g","contentUrl":"https:\/\/secure.gravatar.com\/avatar\/6919cc4e91e3745783933e1263b15b0bed21b5e46f2b1e21643aa8b29240d0f7?s=96&d=mm&r=g","caption":"evb"}}]}},"_links":{"self":[{"href":"https:\/\/www.evb.com\/es\/wp-json\/wp\/v2\/posts\/10766","targetHints":{"allow":["GET"]}}],"collection":[{"href":"https:\/\/www.evb.com\/es\/wp-json\/wp\/v2\/posts"}],"about":[{"href":"https:\/\/www.evb.com\/es\/wp-json\/wp\/v2\/types\/post"}],"author":[{"embeddable":true,"href":"https:\/\/www.evb.com\/es\/wp-json\/wp\/v2\/users\/3"}],"replies":[{"embeddable":true,"href":"https:\/\/www.evb.com\/es\/wp-json\/wp\/v2\/comments?post=10766"}],"version-history":[{"count":1,"href":"https:\/\/www.evb.com\/es\/wp-json\/wp\/v2\/posts\/10766\/revisions"}],"predecessor-version":[{"id":10767,"href":"https:\/\/www.evb.com\/es\/wp-json\/wp\/v2\/posts\/10766\/revisions\/10767"}],"wp:attachment":[{"href":"https:\/\/www.evb.com\/es\/wp-json\/wp\/v2\/media?parent=10766"}],"wp:term":[{"taxonomy":"category","embeddable":true,"href":"https:\/\/www.evb.com\/es\/wp-json\/wp\/v2\/categories?post=10766"},{"taxonomy":"post_tag","embeddable":true,"href":"https:\/\/www.evb.com\/es\/wp-json\/wp\/v2\/tags?post=10766"}],"curies":[{"name":"wp","href":"https:\/\/api.w.org\/{rel}","templated":true}]}}