{"id":10766,"date":"2024-02-18T14:14:49","date_gmt":"2024-02-18T06:14:49","guid":{"rendered":"https:\/\/www.evb.com\/?p=10766"},"modified":"2024-01-30T14:16:34","modified_gmt":"2024-01-30T06:16:34","slug":"workplace-charging-driving-the-transition-to-electric-vehicles","status":"publish","type":"post","link":"https:\/\/www.evb.com\/fi\/workplace-charging-driving-the-transition-to-electric-vehicles\/","title":{"rendered":"Ty\u00f6paikan lataus: S\u00e4hk\u00f6ajoneuvoihin siirtymisen edist\u00e4minen"},"content":{"rendered":"<p>Siirtyminen s\u00e4hk\u00f6ajoneuvoihin on kiihtym\u00e4ss\u00e4, ja ty\u00f6paikkalatauksella on ratkaiseva rooli t\u00e4m\u00e4n muutoksen tukemisessa. <a href=\"https:\/\/www.evb.com\/fi\"><u>EVB<\/u><\/a>yrityksemme on omistautunut edist\u00e4m\u00e4\u00e4n siirtymist\u00e4 s\u00e4hk\u00f6autoihin tarjoamalla luotettavia ty\u00f6paikkalatausratkaisuja. Tutustutaanpa siihen, miten tuotteemme ja palvelumme tukevat ymp\u00e4rist\u00f6yst\u00e4v\u00e4llisi\u00e4 aloitteita, tarjoavat k\u00e4tevi\u00e4 latausvaihtoehtoja ty\u00f6ntekij\u00f6ille ja auttavat yrityksi\u00e4 hallitsemaan menoja ja taloutta tehokkaasti.<\/p>\n\n\n\n<h2 class=\"wp-block-heading\"><strong>Luotettava latauspiste ty\u00f6paikalla: Tuemme ymp\u00e4rist\u00f6yst\u00e4v\u00e4llisi\u00e4 aloitteita<\/strong><strong><\/strong><\/h2>\n\n\n\n<p>EVB ymm\u00e4rt\u00e4\u00e4 ty\u00f6paikkalatauksen merkityksen ymp\u00e4rist\u00f6yst\u00e4v\u00e4llisten aloitteiden edist\u00e4misess\u00e4. Meid\u00e4n <a href=\"https:\/\/www.evb.com\/fi\/by-industry\/\"><u>S\u00e4hk\u00f6autojen latausasema<\/u><\/a>tarjoavat ty\u00f6ntekij\u00f6ille luotettavan latauspisteen ja kannustavat heit\u00e4 omaksumaan s\u00e4hk\u00f6autoja kulkuv\u00e4lineen\u00e4. Asentamalla s\u00e4hk\u00f6autojen latausasemia ty\u00f6paikoille asiakkaamme osoittavat sitoutumisensa kest\u00e4v\u00e4\u00e4n kehitykseen ja tarjoavat arvokkaan mukavuuden ty\u00f6ntekij\u00f6illeen. Olemme ylpeit\u00e4 voidessamme tukea ymp\u00e4rist\u00f6yst\u00e4v\u00e4llisi\u00e4 aloitteita ja auttaa yrityksi\u00e4 osallistumaan vihre\u00e4mm\u00e4n tulevaisuuden luomiseen.<\/p>\n\n\n\n<h2 class=\"wp-block-heading\"><strong>Liit\u00e4 vain pistorasiaan ja aloita ty\u00f6skentely: K\u00e4tev\u00e4\u00e4 latausta ty\u00f6ntekij\u00f6ille<\/strong><strong><\/strong><\/h2>\n\n\n\n<p>K\u00e4tevyys on avainasemassa ty\u00f6paikkalatauksessa. EVB tarjoaa latausratkaisuja, jotka asettavat ty\u00f6ntekij\u00f6iden tarpeet etusijalle, tehden s\u00e4hk\u00f6autojen lataamisesta yksinkertaista ja vaivatonta. EV Solutions -latausasemiemme avulla ty\u00f6ntekij\u00e4t voivat yksinkertaisesti ladata ajoneuvonsa ja p\u00e4\u00e4st\u00e4 t\u00f6ihin ilman vaivaa. Ymm\u00e4rr\u00e4mme saumattoman latauskokemuksen t\u00e4rkeyden, ja tuotteemme on suunniteltu tarjoamaan juuri sit\u00e4. Yrityksemme on sitoutunut varmistamaan, ett\u00e4 asiakkaidemme ty\u00f6ntekij\u00f6ill\u00e4 on k\u00e4tev\u00e4 ja tehokas latausratkaisu ty\u00f6paikallaan.<\/p>\n\n\n\n<h2 class=\"wp-block-heading\"><strong>Hallitse menoja ja taloutta: Tehokas laskutus ja tietojen seuranta yrityksille<\/strong><strong><\/strong><\/h2>\n\n\n\n<p>Yritykset tarvitsevat tehokkaita ty\u00f6kaluja ty\u00f6paikkalataukseen liittyvien kulujen ja talousasioiden hallintaan. EVB:ll\u00e4 tarjoamme laskutus- ja datanvalvontaratkaisuja, jotka auttavat yrityksi\u00e4 seuraamaan lataustarvettaan ja -kustannuksiaan. Edistykselliset j\u00e4rjestelm\u00e4mme tarjoavat tarkat laskutustiedot, joiden avulla yritykset voivat kohdistaa kustannukset asianmukaisesti. Lis\u00e4ksi datanvalvontaominaisuutemme tarjoavat arvokasta tietoa latausmalleista, k\u00e4ytt\u00f6trendeist\u00e4 ja energiankulutuksesta. N\u00e4iden tietojen avulla yritykset voivat tehd\u00e4 tietoon perustuvia p\u00e4\u00e4t\u00f6ksi\u00e4 energianhallintastrategioistaan. Tavoitteenamme on tarjota asiakkaillemme ty\u00f6kalut, joita he tarvitsevat ty\u00f6paikkalataukseen liittyvien kulujen ja talousasioiden tehokkaaseen hallintaan.<\/p>\n\n\n\n<h2 class=\"wp-block-heading\"><strong>Johtop\u00e4\u00e4t\u00f6s<\/strong><strong><\/strong><\/h2>\n\n\n\n<p>Yhteenvetona voidaan todeta, ett\u00e4 EVB on sitoutunut edist\u00e4m\u00e4\u00e4n siirtymist\u00e4 s\u00e4hk\u00f6ajoneuvoihin ty\u00f6paikkalatausratkaisujen avulla. Luotettavat EV Solutions -latausasemamme tukevat ymp\u00e4rist\u00f6yst\u00e4v\u00e4llisi\u00e4 aloitteita ja tarjoavat ty\u00f6ntekij\u00f6ille k\u00e4tev\u00e4n ja vaivattoman latauskokemuksen. Tarjoamme my\u00f6s tehokkaita laskutus- ja tiedonseurantaty\u00f6kaluja, jotka auttavat yrityksi\u00e4 hallitsemaan ty\u00f6paikkalataukseen liittyvi\u00e4 menojaan ja talouttaan. Luota yritykseemme EVB:hen, joka tarjoaa sinulle luotettavia ja tehokkaita ty\u00f6paikkalatausratkaisuja, kun ty\u00f6skentelemme yhdess\u00e4 luodaksemme kest\u00e4v\u00e4n ja vihre\u00e4mm\u00e4n tulevaisuuden liikenteelle.<\/p>","protected":false},"excerpt":{"rendered":"<p>The transition to electric vehicles (EVs) is gaining momentum, and workplace charging plays a crucial role in supporting this shift. At EVB, our company is dedicated to driving the transition to EVs by providing reliable workplace charging solutions. Let&#8217;s explore how our products and services support eco-friendly initiatives, offer convenient charging options for employees, and [&hellip;]<\/p>","protected":false},"author":3,"featured_media":0,"comment_status":"open","ping_status":"open","sticky":false,"template":"","format":"standard","meta":{"footnotes":""},"categories":[48],"tags":[],"class_list":["post-10766","post","type-post","status-publish","format-standard","hentry","category-short-blog"],"acf":[],"yoast_head":"<!-- This site is optimized with the Yoast SEO plugin v27.4 - https:\/\/yoast.com\/product\/yoast-seo-wordpress\/ -->\n<title>Workplace Charging: Driving the Transition to Electric Vehicles<\/title>\n<meta name=\"description\" content=\"The transition to electric vehicles (EVs) is gaining momentum, and workplace charging plays a crucial role in supporting this shift.\" \/>\n<meta name=\"robots\" content=\"index, follow, max-snippet:-1, max-image-preview:large, max-video-preview:-1\" \/>\n<link rel=\"canonical\" href=\"https:\/\/www.evb.com\/fi\/workplace-charging-driving-the-transition-to-electric-vehicles\/\" \/>\n<meta property=\"og:locale\" content=\"fi_FI\" \/>\n<meta property=\"og:type\" content=\"article\" \/>\n<meta property=\"og:title\" content=\"Workplace Charging: Driving the Transition to Electric Vehicles\" \/>\n<meta property=\"og:description\" content=\"The transition to electric vehicles (EVs) is gaining momentum, and workplace charging plays a crucial role in supporting this shift.\" \/>\n<meta property=\"og:url\" content=\"https:\/\/www.evb.com\/fi\/workplace-charging-driving-the-transition-to-electric-vehicles\/\" \/>\n<meta property=\"og:site_name\" content=\"EVB\" \/>\n<meta property=\"article:published_time\" content=\"2024-02-18T06:14:49+00:00\" \/>\n<meta name=\"author\" content=\"evb\" \/>\n<meta name=\"twitter:card\" content=\"summary_large_image\" \/>\n<meta name=\"twitter:label1\" content=\"Kirjoittanut\" \/>\n\t<meta name=\"twitter:data1\" content=\"evb\" \/>\n\t<meta name=\"twitter:label2\" content=\"Arvioitu lukuaika\" \/>\n\t<meta name=\"twitter:data2\" content=\"3 minuuttia\" \/>\n<script type=\"application\/ld+json\" class=\"yoast-schema-graph\">{\"@context\":\"https:\\\/\\\/schema.org\",\"@graph\":[{\"@type\":\"Article\",\"@id\":\"https:\\\/\\\/www.evb.com\\\/workplace-charging-driving-the-transition-to-electric-vehicles\\\/#article\",\"isPartOf\":{\"@id\":\"https:\\\/\\\/www.evb.com\\\/workplace-charging-driving-the-transition-to-electric-vehicles\\\/\"},\"author\":{\"name\":\"evb\",\"@id\":\"https:\\\/\\\/www.evb.com\\\/#\\\/schema\\\/person\\\/fe8f0137976034abdfd2ae4f8c5682d0\"},\"headline\":\"Workplace Charging: Driving the Transition to Electric Vehicles\",\"datePublished\":\"2024-02-18T06:14:49+00:00\",\"mainEntityOfPage\":{\"@id\":\"https:\\\/\\\/www.evb.com\\\/workplace-charging-driving-the-transition-to-electric-vehicles\\\/\"},\"wordCount\":444,\"commentCount\":0,\"publisher\":{\"@id\":\"https:\\\/\\\/www.evb.com\\\/#organization\"},\"articleSection\":[\"Short Blog\"],\"inLanguage\":\"fi\",\"potentialAction\":[{\"@type\":\"CommentAction\",\"name\":\"Comment\",\"target\":[\"https:\\\/\\\/www.evb.com\\\/workplace-charging-driving-the-transition-to-electric-vehicles\\\/#respond\"]}]},{\"@type\":\"WebPage\",\"@id\":\"https:\\\/\\\/www.evb.com\\\/workplace-charging-driving-the-transition-to-electric-vehicles\\\/\",\"url\":\"https:\\\/\\\/www.evb.com\\\/workplace-charging-driving-the-transition-to-electric-vehicles\\\/\",\"name\":\"Workplace Charging: Driving the Transition to Electric Vehicles\",\"isPartOf\":{\"@id\":\"https:\\\/\\\/www.evb.com\\\/#website\"},\"datePublished\":\"2024-02-18T06:14:49+00:00\",\"description\":\"The transition to electric vehicles (EVs) is gaining momentum, and workplace charging plays a crucial role in supporting this shift.\",\"breadcrumb\":{\"@id\":\"https:\\\/\\\/www.evb.com\\\/workplace-charging-driving-the-transition-to-electric-vehicles\\\/#breadcrumb\"},\"inLanguage\":\"fi\",\"potentialAction\":[{\"@type\":\"ReadAction\",\"target\":[\"https:\\\/\\\/www.evb.com\\\/workplace-charging-driving-the-transition-to-electric-vehicles\\\/\"]}]},{\"@type\":\"BreadcrumbList\",\"@id\":\"https:\\\/\\\/www.evb.com\\\/workplace-charging-driving-the-transition-to-electric-vehicles\\\/#breadcrumb\",\"itemListElement\":[{\"@type\":\"ListItem\",\"position\":1,\"name\":\"Home\",\"item\":\"https:\\\/\\\/www.evb.com\\\/\"},{\"@type\":\"ListItem\",\"position\":2,\"name\":\"Workplace Charging: Driving the Transition to Electric Vehicles\"}]},{\"@type\":\"WebSite\",\"@id\":\"https:\\\/\\\/www.evb.com\\\/#website\",\"url\":\"https:\\\/\\\/www.evb.com\\\/\",\"name\":\"EVB\",\"description\":\"Smart EV Charging &amp; Energy Storage Solutions\",\"publisher\":{\"@id\":\"https:\\\/\\\/www.evb.com\\\/#organization\"},\"potentialAction\":[{\"@type\":\"SearchAction\",\"target\":{\"@type\":\"EntryPoint\",\"urlTemplate\":\"https:\\\/\\\/www.evb.com\\\/?s={search_term_string}\"},\"query-input\":{\"@type\":\"PropertyValueSpecification\",\"valueRequired\":true,\"valueName\":\"search_term_string\"}}],\"inLanguage\":\"fi\"},{\"@type\":\"Organization\",\"@id\":\"https:\\\/\\\/www.evb.com\\\/#organization\",\"name\":\"EVB\",\"url\":\"https:\\\/\\\/www.evb.com\\\/\",\"logo\":{\"@type\":\"ImageObject\",\"inLanguage\":\"fi\",\"@id\":\"https:\\\/\\\/www.evb.com\\\/#\\\/schema\\\/logo\\\/image\\\/\",\"url\":\"https:\\\/\\\/www.evb.com\\\/wp-content\\\/uploads\\\/2021\\\/03\\\/evb-3.png\",\"contentUrl\":\"https:\\\/\\\/www.evb.com\\\/wp-content\\\/uploads\\\/2021\\\/03\\\/evb-3.png\",\"width\":605,\"height\":626,\"caption\":\"EVB\"},\"image\":{\"@id\":\"https:\\\/\\\/www.evb.com\\\/#\\\/schema\\\/logo\\\/image\\\/\"}},{\"@type\":\"Person\",\"@id\":\"https:\\\/\\\/www.evb.com\\\/#\\\/schema\\\/person\\\/fe8f0137976034abdfd2ae4f8c5682d0\",\"name\":\"evb\",\"image\":{\"@type\":\"ImageObject\",\"inLanguage\":\"fi\",\"@id\":\"https:\\\/\\\/secure.gravatar.com\\\/avatar\\\/6919cc4e91e3745783933e1263b15b0bed21b5e46f2b1e21643aa8b29240d0f7?s=96&d=mm&r=g\",\"url\":\"https:\\\/\\\/secure.gravatar.com\\\/avatar\\\/6919cc4e91e3745783933e1263b15b0bed21b5e46f2b1e21643aa8b29240d0f7?s=96&d=mm&r=g\",\"contentUrl\":\"https:\\\/\\\/secure.gravatar.com\\\/avatar\\\/6919cc4e91e3745783933e1263b15b0bed21b5e46f2b1e21643aa8b29240d0f7?s=96&d=mm&r=g\",\"caption\":\"evb\"}}]}<\/script>\n<!-- \/ Yoast SEO plugin. -->","yoast_head_json":{"title":"Workplace Charging: Driving the Transition to Electric Vehicles","description":"The transition to electric vehicles (EVs) is gaining momentum, and workplace charging plays a crucial role in supporting this shift.","robots":{"index":"index","follow":"follow","max-snippet":"max-snippet:-1","max-image-preview":"max-image-preview:large","max-video-preview":"max-video-preview:-1"},"canonical":"https:\/\/www.evb.com\/fi\/workplace-charging-driving-the-transition-to-electric-vehicles\/","og_locale":"fi_FI","og_type":"article","og_title":"Workplace Charging: Driving the Transition to Electric Vehicles","og_description":"The transition to electric vehicles (EVs) is gaining momentum, and workplace charging plays a crucial role in supporting this shift.","og_url":"https:\/\/www.evb.com\/fi\/workplace-charging-driving-the-transition-to-electric-vehicles\/","og_site_name":"EVB","article_published_time":"2024-02-18T06:14:49+00:00","author":"evb","twitter_card":"summary_large_image","twitter_misc":{"Kirjoittanut":"evb","Arvioitu lukuaika":"3 minuuttia"},"schema":{"@context":"https:\/\/schema.org","@graph":[{"@type":"Article","@id":"https:\/\/www.evb.com\/workplace-charging-driving-the-transition-to-electric-vehicles\/#article","isPartOf":{"@id":"https:\/\/www.evb.com\/workplace-charging-driving-the-transition-to-electric-vehicles\/"},"author":{"name":"evb","@id":"https:\/\/www.evb.com\/#\/schema\/person\/fe8f0137976034abdfd2ae4f8c5682d0"},"headline":"Workplace Charging: Driving the Transition to Electric Vehicles","datePublished":"2024-02-18T06:14:49+00:00","mainEntityOfPage":{"@id":"https:\/\/www.evb.com\/workplace-charging-driving-the-transition-to-electric-vehicles\/"},"wordCount":444,"commentCount":0,"publisher":{"@id":"https:\/\/www.evb.com\/#organization"},"articleSection":["Short Blog"],"inLanguage":"fi","potentialAction":[{"@type":"CommentAction","name":"Comment","target":["https:\/\/www.evb.com\/workplace-charging-driving-the-transition-to-electric-vehicles\/#respond"]}]},{"@type":"WebPage","@id":"https:\/\/www.evb.com\/workplace-charging-driving-the-transition-to-electric-vehicles\/","url":"https:\/\/www.evb.com\/workplace-charging-driving-the-transition-to-electric-vehicles\/","name":"Workplace Charging: Driving the Transition to Electric Vehicles","isPartOf":{"@id":"https:\/\/www.evb.com\/#website"},"datePublished":"2024-02-18T06:14:49+00:00","description":"The transition to electric vehicles (EVs) is gaining momentum, and workplace charging plays a crucial role in supporting this shift.","breadcrumb":{"@id":"https:\/\/www.evb.com\/workplace-charging-driving-the-transition-to-electric-vehicles\/#breadcrumb"},"inLanguage":"fi","potentialAction":[{"@type":"ReadAction","target":["https:\/\/www.evb.com\/workplace-charging-driving-the-transition-to-electric-vehicles\/"]}]},{"@type":"BreadcrumbList","@id":"https:\/\/www.evb.com\/workplace-charging-driving-the-transition-to-electric-vehicles\/#breadcrumb","itemListElement":[{"@type":"ListItem","position":1,"name":"Home","item":"https:\/\/www.evb.com\/"},{"@type":"ListItem","position":2,"name":"Workplace Charging: Driving the Transition to Electric Vehicles"}]},{"@type":"WebSite","@id":"https:\/\/www.evb.com\/#website","url":"https:\/\/www.evb.com\/","name":"EVB","description":"Smart EV Charging &amp; Energy Storage Solutions","publisher":{"@id":"https:\/\/www.evb.com\/#organization"},"potentialAction":[{"@type":"SearchAction","target":{"@type":"EntryPoint","urlTemplate":"https:\/\/www.evb.com\/?s={search_term_string}"},"query-input":{"@type":"PropertyValueSpecification","valueRequired":true,"valueName":"search_term_string"}}],"inLanguage":"fi"},{"@type":"Organization","@id":"https:\/\/www.evb.com\/#organization","name":"EVB","url":"https:\/\/www.evb.com\/","logo":{"@type":"ImageObject","inLanguage":"fi","@id":"https:\/\/www.evb.com\/#\/schema\/logo\/image\/","url":"https:\/\/www.evb.com\/wp-content\/uploads\/2021\/03\/evb-3.png","contentUrl":"https:\/\/www.evb.com\/wp-content\/uploads\/2021\/03\/evb-3.png","width":605,"height":626,"caption":"EVB"},"image":{"@id":"https:\/\/www.evb.com\/#\/schema\/logo\/image\/"}},{"@type":"Person","@id":"https:\/\/www.evb.com\/#\/schema\/person\/fe8f0137976034abdfd2ae4f8c5682d0","name":"evb","image":{"@type":"ImageObject","inLanguage":"fi","@id":"https:\/\/secure.gravatar.com\/avatar\/6919cc4e91e3745783933e1263b15b0bed21b5e46f2b1e21643aa8b29240d0f7?s=96&d=mm&r=g","url":"https:\/\/secure.gravatar.com\/avatar\/6919cc4e91e3745783933e1263b15b0bed21b5e46f2b1e21643aa8b29240d0f7?s=96&d=mm&r=g","contentUrl":"https:\/\/secure.gravatar.com\/avatar\/6919cc4e91e3745783933e1263b15b0bed21b5e46f2b1e21643aa8b29240d0f7?s=96&d=mm&r=g","caption":"evb"}}]}},"_links":{"self":[{"href":"https:\/\/www.evb.com\/fi\/wp-json\/wp\/v2\/posts\/10766","targetHints":{"allow":["GET"]}}],"collection":[{"href":"https:\/\/www.evb.com\/fi\/wp-json\/wp\/v2\/posts"}],"about":[{"href":"https:\/\/www.evb.com\/fi\/wp-json\/wp\/v2\/types\/post"}],"author":[{"embeddable":true,"href":"https:\/\/www.evb.com\/fi\/wp-json\/wp\/v2\/users\/3"}],"replies":[{"embeddable":true,"href":"https:\/\/www.evb.com\/fi\/wp-json\/wp\/v2\/comments?post=10766"}],"version-history":[{"count":1,"href":"https:\/\/www.evb.com\/fi\/wp-json\/wp\/v2\/posts\/10766\/revisions"}],"predecessor-version":[{"id":10767,"href":"https:\/\/www.evb.com\/fi\/wp-json\/wp\/v2\/posts\/10766\/revisions\/10767"}],"wp:attachment":[{"href":"https:\/\/www.evb.com\/fi\/wp-json\/wp\/v2\/media?parent=10766"}],"wp:term":[{"taxonomy":"category","embeddable":true,"href":"https:\/\/www.evb.com\/fi\/wp-json\/wp\/v2\/categories?post=10766"},{"taxonomy":"post_tag","embeddable":true,"href":"https:\/\/www.evb.com\/fi\/wp-json\/wp\/v2\/tags?post=10766"}],"curies":[{"name":"wp","href":"https:\/\/api.w.org\/{rel}","templated":true}]}}