{"id":10766,"date":"2024-02-18T14:14:49","date_gmt":"2024-02-18T06:14:49","guid":{"rendered":"https:\/\/www.evb.com\/?p=10766"},"modified":"2024-01-30T14:16:34","modified_gmt":"2024-01-30T06:16:34","slug":"workplace-charging-driving-the-transition-to-electric-vehicles","status":"publish","type":"post","link":"https:\/\/www.evb.com\/hu\/workplace-charging-driving-the-transition-to-electric-vehicles\/","title":{"rendered":"Munkahelyi t\u00f6lt\u00e9s: Az elektromos j\u00e1rm\u0171vekre val\u00f3 \u00e1tt\u00e9r\u00e9s el\u0151mozd\u00edt\u00e1sa"},"content":{"rendered":"<p>Az elektromos j\u00e1rm\u0171vekre (EV) val\u00f3 \u00e1tt\u00e9r\u00e9s lend\u00fcletet vesz, \u00e9s a munkahelyi t\u00f6lt\u00e9s kulcsszerepet j\u00e1tszik ebben az elmozdul\u00e1sban. <a href=\"https:\/\/www.evb.com\/hu\"><u>EVB<\/u><\/a>, c\u00e9g\u00fcnk elk\u00f6telezett az elektromos j\u00e1rm\u0171vekre val\u00f3 \u00e1tt\u00e9r\u00e9s el\u0151mozd\u00edt\u00e1sa ir\u00e1nt megb\u00edzhat\u00f3 munkahelyi t\u00f6lt\u00e9si megold\u00e1sok biztos\u00edt\u00e1s\u00e1val. Fedezz\u00fck fel, hogyan t\u00e1mogatj\u00e1k term\u00e9keink \u00e9s szolg\u00e1ltat\u00e1saink a k\u00f6rnyezetbar\u00e1t kezdem\u00e9nyez\u00e9seket, hogyan k\u00edn\u00e1lnak k\u00e9nyelmes t\u00f6lt\u00e9si lehet\u0151s\u00e9geket az alkalmazottak sz\u00e1m\u00e1ra, \u00e9s hogyan seg\u00edtenek a v\u00e1llalkoz\u00e1soknak a kiad\u00e1sok \u00e9s a p\u00e9nz\u00fcgyek hat\u00e9kony kezel\u00e9s\u00e9ben.<\/p>\n\n\n\n<h2 class=\"wp-block-heading\"><strong>Megb\u00edzhat\u00f3 t\u00f6lt\u0151pont a munkahelyen: K\u00f6rnyezetbar\u00e1t kezdem\u00e9nyez\u00e9sek t\u00e1mogat\u00e1sa<\/strong><strong><\/strong><\/h2>\n\n\n\n<p>Az EVB tiszt\u00e1ban van a munkahelyi t\u00f6lt\u00e9s fontoss\u00e1g\u00e1val a k\u00f6rnyezetbar\u00e1t kezdem\u00e9nyez\u00e9sek el\u0151mozd\u00edt\u00e1s\u00e1ban. <a href=\"https:\/\/www.evb.com\/hu\/by-industry\/\"><u>Elektromosaut\u00f3-megold\u00e1sok t\u00f6lt\u0151\u00e1llom\u00e1sa<\/u><\/a>Megb\u00edzhat\u00f3 t\u00f6lt\u0151pontot biztos\u00edtunk alkalmazottaink sz\u00e1m\u00e1ra, \u00f6szt\u00f6n\u00f6zve \u0151ket az elektromos j\u00e1rm\u0171vek k\u00f6zleked\u00e9si eszk\u00f6zk\u00e9nt val\u00f3 haszn\u00e1lat\u00e1ra. Azzal, hogy EVB t\u00f6lt\u0151\u00e1llom\u00e1sokat telep\u00edt\u00fcnk a munkahelyeken, \u00fcgyfeleink bizony\u00edtj\u00e1k elk\u00f6telezetts\u00e9g\u00fcket a fenntarthat\u00f3s\u00e1g ir\u00e1nt, \u00e9s \u00e9rt\u00e9kes k\u00e9nyelmet biztos\u00edtanak alkalmazottaik sz\u00e1m\u00e1ra. B\u00fcszk\u00e9k vagyunk arra, hogy t\u00e1mogatjuk a k\u00f6rnyezetbar\u00e1t kezdem\u00e9nyez\u00e9seket, \u00e9s lehet\u0151v\u00e9 tessz\u00fck a v\u00e1llalkoz\u00e1sok sz\u00e1m\u00e1ra, hogy hozz\u00e1j\u00e1ruljanak egy z\u00f6ldebb j\u00f6v\u0151h\u00f6z.<\/p>\n\n\n\n<h2 class=\"wp-block-heading\"><strong>Egyszer\u0171en csatlakoztassa, \u00e9s m\u00e1ris munk\u00e1ba \u00e1llhat: K\u00e9nyelmes t\u00f6lt\u00e9s az alkalmazottak sz\u00e1m\u00e1ra<\/strong><strong><\/strong><\/h2>\n\n\n\n<p>A k\u00e9nyelem kulcsfontoss\u00e1g\u00fa a munkahelyi t\u00f6lt\u00e9s ter\u00e9n. Az EVB olyan t\u00f6lt\u00e9si megold\u00e1sokat k\u00edn\u00e1l, amelyek az alkalmazottak ig\u00e9nyeit helyezik el\u0151t\u00e9rbe, \u00edgy egyszer\u0171v\u00e9 \u00e9s k\u00f6nnyedd\u00e9 teszik sz\u00e1mukra az elektromos j\u00e1rm\u0171veik t\u00f6lt\u00e9s\u00e9t. EV Solutions t\u00f6lt\u0151\u00e1llom\u00e1sainkkal az alkalmazottak egyszer\u0171en csatlakoztathatj\u00e1k j\u00e1rm\u0171veiket, \u00e9s gond n\u00e9lk\u00fcl munk\u00e1ba \u00e1llhatnak. Meg\u00e9rtj\u00fck a z\u00f6kken\u0151mentes t\u00f6lt\u00e9si \u00e9lm\u00e9ny fontoss\u00e1g\u00e1t, \u00e9s term\u00e9keinket \u00fagy tervezt\u00fck, hogy pontosan ezt biztos\u00edts\u00e1k. C\u00e9g\u00fcnk elk\u00f6telezett amellett, hogy \u00fcgyfeleink alkalmazottai k\u00e9nyelmes \u00e9s hat\u00e9kony t\u00f6lt\u00e9si megold\u00e1ssal rendelkezzenek a munkahely\u00fck\u00f6n.<\/p>\n\n\n\n<h2 class=\"wp-block-heading\"><strong>Kiad\u00e1sok \u00e9s p\u00e9nz\u00fcgyek kezel\u00e9se: Hat\u00e9kony sz\u00e1ml\u00e1z\u00e1s \u00e9s adatfel\u00fcgyelet v\u00e1llalkoz\u00e1sok sz\u00e1m\u00e1ra<\/strong><strong><\/strong><\/h2>\n\n\n\n<p>A v\u00e1llalkoz\u00e1soknak hat\u00e9kony eszk\u00f6z\u00f6kre van sz\u00fcks\u00e9g\u00fck a munkahelyi t\u00f6lt\u00e9ssel kapcsolatos kiad\u00e1sok \u00e9s p\u00e9nz\u00fcgyek kezel\u00e9s\u00e9hez. Az EVB-n\u00e9l sz\u00e1ml\u00e1z\u00e1si \u00e9s adatfel\u00fcgyeleti megold\u00e1sokat k\u00edn\u00e1lunk, amelyek seg\u00edtenek a v\u00e1llalkoz\u00e1soknak nyomon k\u00f6vetni a t\u00f6lt\u00e9si felhaszn\u00e1l\u00e1sukat \u00e9s k\u00f6lts\u00e9geiket. Fejlett rendszereink pontos sz\u00e1ml\u00e1z\u00e1si inform\u00e1ci\u00f3kat biztos\u00edtanak, lehet\u0151v\u00e9 t\u00e9ve a v\u00e1llalkoz\u00e1sok sz\u00e1m\u00e1ra a k\u00f6lts\u00e9gek megfelel\u0151 eloszt\u00e1s\u00e1t. Ezenk\u00edv\u00fcl adatfel\u00fcgyeleti funkci\u00f3ink \u00e9rt\u00e9kes betekint\u00e9st ny\u00fajtanak a t\u00f6lt\u00e9si mint\u00e1kba, a felhaszn\u00e1l\u00e1si trendekbe \u00e9s az energiafogyaszt\u00e1sba. Ezen inform\u00e1ci\u00f3k birtok\u00e1ban a v\u00e1llalkoz\u00e1sok megalapozott d\u00f6nt\u00e9seket hozhatnak energiagazd\u00e1lkod\u00e1si strat\u00e9gi\u00e1ikkal kapcsolatban. C\u00e9lunk, hogy \u00fcgyfeleink rendelkezzenek a munkahelyi t\u00f6lt\u00e9ssel kapcsolatos kiad\u00e1saik \u00e9s p\u00e9nz\u00fcgyeik hat\u00e9kony kezel\u00e9s\u00e9hez sz\u00fcks\u00e9ges eszk\u00f6z\u00f6kkel.<\/p>\n\n\n\n<h2 class=\"wp-block-heading\"><strong>K\u00f6vetkeztet\u00e9s<\/strong><strong><\/strong><\/h2>\n\n\n\n<p>\u00d6sszefoglalva, az EVB elk\u00f6telezett az elektromos j\u00e1rm\u0171vekre val\u00f3 \u00e1tt\u00e9r\u00e9s el\u0151mozd\u00edt\u00e1sa ir\u00e1nt munkahelyi t\u00f6lt\u00e9si megold\u00e1sok r\u00e9v\u00e9n. Megb\u00edzhat\u00f3 EV Solutions t\u00f6lt\u0151\u00e1llom\u00e1saink t\u00e1mogatj\u00e1k a k\u00f6rnyezetbar\u00e1t kezdem\u00e9nyez\u00e9seket, \u00e9s k\u00e9nyelmes, probl\u00e9mamentes t\u00f6lt\u00e9si \u00e9lm\u00e9nyt ny\u00fajtanak az alkalmazottak sz\u00e1m\u00e1ra. Hat\u00e9kony sz\u00e1ml\u00e1z\u00e1si \u00e9s adatfel\u00fcgyeleti eszk\u00f6z\u00f6ket is k\u00edn\u00e1lunk, amelyek seg\u00edtenek a v\u00e1llalkoz\u00e1soknak a munkahelyi t\u00f6lt\u00e9ssel kapcsolatos kiad\u00e1saik \u00e9s p\u00e9nz\u00fcgyeik kezel\u00e9s\u00e9ben. B\u00edzzon v\u00e1llalatunkban, az EVB-ben, hogy megb\u00edzhat\u00f3 \u00e9s hat\u00e9kony munkahelyi t\u00f6lt\u00e9si megold\u00e1sokat k\u00edn\u00e1lunk \u00d6nnek, mik\u00f6zben egy\u00fctt dolgozunk a k\u00f6zleked\u00e9s fenntarthat\u00f3 \u00e9s z\u00f6ldebb j\u00f6v\u0151j\u00e9nek megteremt\u00e9s\u00e9n.<\/p>","protected":false},"excerpt":{"rendered":"<p>The transition to electric vehicles (EVs) is gaining momentum, and workplace charging plays a crucial role in supporting this shift. At EVB, our company is dedicated to driving the transition to EVs by providing reliable workplace charging solutions. Let&#8217;s explore how our products and services support eco-friendly initiatives, offer convenient charging options for employees, and [&hellip;]<\/p>","protected":false},"author":3,"featured_media":0,"comment_status":"open","ping_status":"open","sticky":false,"template":"","format":"standard","meta":{"footnotes":""},"categories":[48],"tags":[],"class_list":["post-10766","post","type-post","status-publish","format-standard","hentry","category-short-blog"],"acf":[],"yoast_head":"<!-- This site is optimized with the Yoast SEO plugin v27.4 - https:\/\/yoast.com\/product\/yoast-seo-wordpress\/ -->\n<title>Workplace Charging: Driving the Transition to Electric Vehicles<\/title>\n<meta name=\"description\" content=\"The transition to electric vehicles (EVs) is gaining momentum, and workplace charging plays a crucial role in supporting this shift.\" \/>\n<meta name=\"robots\" content=\"index, follow, max-snippet:-1, max-image-preview:large, max-video-preview:-1\" \/>\n<link rel=\"canonical\" href=\"https:\/\/www.evb.com\/hu\/workplace-charging-driving-the-transition-to-electric-vehicles\/\" \/>\n<meta property=\"og:locale\" content=\"hu_HU\" \/>\n<meta property=\"og:type\" content=\"article\" \/>\n<meta property=\"og:title\" content=\"Workplace Charging: Driving the Transition to Electric Vehicles\" \/>\n<meta property=\"og:description\" content=\"The transition to electric vehicles (EVs) is gaining momentum, and workplace charging plays a crucial role in supporting this shift.\" \/>\n<meta property=\"og:url\" content=\"https:\/\/www.evb.com\/hu\/workplace-charging-driving-the-transition-to-electric-vehicles\/\" \/>\n<meta property=\"og:site_name\" content=\"EVB\" \/>\n<meta property=\"article:published_time\" content=\"2024-02-18T06:14:49+00:00\" \/>\n<meta name=\"author\" content=\"evb\" \/>\n<meta name=\"twitter:card\" content=\"summary_large_image\" \/>\n<meta name=\"twitter:label1\" content=\"Szerz\u0151:\" \/>\n\t<meta name=\"twitter:data1\" content=\"evb\" \/>\n\t<meta name=\"twitter:label2\" content=\"Becs\u00fclt olvas\u00e1si id\u0151\" \/>\n\t<meta name=\"twitter:data2\" content=\"3 perc\" \/>\n<script type=\"application\/ld+json\" class=\"yoast-schema-graph\">{\"@context\":\"https:\\\/\\\/schema.org\",\"@graph\":[{\"@type\":\"Article\",\"@id\":\"https:\\\/\\\/www.evb.com\\\/workplace-charging-driving-the-transition-to-electric-vehicles\\\/#article\",\"isPartOf\":{\"@id\":\"https:\\\/\\\/www.evb.com\\\/workplace-charging-driving-the-transition-to-electric-vehicles\\\/\"},\"author\":{\"name\":\"evb\",\"@id\":\"https:\\\/\\\/www.evb.com\\\/#\\\/schema\\\/person\\\/fe8f0137976034abdfd2ae4f8c5682d0\"},\"headline\":\"Workplace Charging: Driving the Transition to Electric Vehicles\",\"datePublished\":\"2024-02-18T06:14:49+00:00\",\"mainEntityOfPage\":{\"@id\":\"https:\\\/\\\/www.evb.com\\\/workplace-charging-driving-the-transition-to-electric-vehicles\\\/\"},\"wordCount\":444,\"commentCount\":0,\"publisher\":{\"@id\":\"https:\\\/\\\/www.evb.com\\\/#organization\"},\"articleSection\":[\"Short Blog\"],\"inLanguage\":\"hu\",\"potentialAction\":[{\"@type\":\"CommentAction\",\"name\":\"Comment\",\"target\":[\"https:\\\/\\\/www.evb.com\\\/workplace-charging-driving-the-transition-to-electric-vehicles\\\/#respond\"]}]},{\"@type\":\"WebPage\",\"@id\":\"https:\\\/\\\/www.evb.com\\\/workplace-charging-driving-the-transition-to-electric-vehicles\\\/\",\"url\":\"https:\\\/\\\/www.evb.com\\\/workplace-charging-driving-the-transition-to-electric-vehicles\\\/\",\"name\":\"Workplace Charging: Driving the Transition to Electric Vehicles\",\"isPartOf\":{\"@id\":\"https:\\\/\\\/www.evb.com\\\/#website\"},\"datePublished\":\"2024-02-18T06:14:49+00:00\",\"description\":\"The transition to electric vehicles (EVs) is gaining momentum, and workplace charging plays a crucial role in supporting this shift.\",\"breadcrumb\":{\"@id\":\"https:\\\/\\\/www.evb.com\\\/workplace-charging-driving-the-transition-to-electric-vehicles\\\/#breadcrumb\"},\"inLanguage\":\"hu\",\"potentialAction\":[{\"@type\":\"ReadAction\",\"target\":[\"https:\\\/\\\/www.evb.com\\\/workplace-charging-driving-the-transition-to-electric-vehicles\\\/\"]}]},{\"@type\":\"BreadcrumbList\",\"@id\":\"https:\\\/\\\/www.evb.com\\\/workplace-charging-driving-the-transition-to-electric-vehicles\\\/#breadcrumb\",\"itemListElement\":[{\"@type\":\"ListItem\",\"position\":1,\"name\":\"Home\",\"item\":\"https:\\\/\\\/www.evb.com\\\/\"},{\"@type\":\"ListItem\",\"position\":2,\"name\":\"Workplace Charging: Driving the Transition to Electric Vehicles\"}]},{\"@type\":\"WebSite\",\"@id\":\"https:\\\/\\\/www.evb.com\\\/#website\",\"url\":\"https:\\\/\\\/www.evb.com\\\/\",\"name\":\"EVB\",\"description\":\"Smart EV Charging &amp; Energy Storage Solutions\",\"publisher\":{\"@id\":\"https:\\\/\\\/www.evb.com\\\/#organization\"},\"potentialAction\":[{\"@type\":\"SearchAction\",\"target\":{\"@type\":\"EntryPoint\",\"urlTemplate\":\"https:\\\/\\\/www.evb.com\\\/?s={search_term_string}\"},\"query-input\":{\"@type\":\"PropertyValueSpecification\",\"valueRequired\":true,\"valueName\":\"search_term_string\"}}],\"inLanguage\":\"hu\"},{\"@type\":\"Organization\",\"@id\":\"https:\\\/\\\/www.evb.com\\\/#organization\",\"name\":\"EVB\",\"url\":\"https:\\\/\\\/www.evb.com\\\/\",\"logo\":{\"@type\":\"ImageObject\",\"inLanguage\":\"hu\",\"@id\":\"https:\\\/\\\/www.evb.com\\\/#\\\/schema\\\/logo\\\/image\\\/\",\"url\":\"https:\\\/\\\/www.evb.com\\\/wp-content\\\/uploads\\\/2021\\\/03\\\/evb-3.png\",\"contentUrl\":\"https:\\\/\\\/www.evb.com\\\/wp-content\\\/uploads\\\/2021\\\/03\\\/evb-3.png\",\"width\":605,\"height\":626,\"caption\":\"EVB\"},\"image\":{\"@id\":\"https:\\\/\\\/www.evb.com\\\/#\\\/schema\\\/logo\\\/image\\\/\"}},{\"@type\":\"Person\",\"@id\":\"https:\\\/\\\/www.evb.com\\\/#\\\/schema\\\/person\\\/fe8f0137976034abdfd2ae4f8c5682d0\",\"name\":\"evb\",\"image\":{\"@type\":\"ImageObject\",\"inLanguage\":\"hu\",\"@id\":\"https:\\\/\\\/secure.gravatar.com\\\/avatar\\\/6919cc4e91e3745783933e1263b15b0bed21b5e46f2b1e21643aa8b29240d0f7?s=96&d=mm&r=g\",\"url\":\"https:\\\/\\\/secure.gravatar.com\\\/avatar\\\/6919cc4e91e3745783933e1263b15b0bed21b5e46f2b1e21643aa8b29240d0f7?s=96&d=mm&r=g\",\"contentUrl\":\"https:\\\/\\\/secure.gravatar.com\\\/avatar\\\/6919cc4e91e3745783933e1263b15b0bed21b5e46f2b1e21643aa8b29240d0f7?s=96&d=mm&r=g\",\"caption\":\"evb\"}}]}<\/script>\n<!-- \/ Yoast SEO plugin. -->","yoast_head_json":{"title":"Workplace Charging: Driving the Transition to Electric Vehicles","description":"The transition to electric vehicles (EVs) is gaining momentum, and workplace charging plays a crucial role in supporting this shift.","robots":{"index":"index","follow":"follow","max-snippet":"max-snippet:-1","max-image-preview":"max-image-preview:large","max-video-preview":"max-video-preview:-1"},"canonical":"https:\/\/www.evb.com\/hu\/workplace-charging-driving-the-transition-to-electric-vehicles\/","og_locale":"hu_HU","og_type":"article","og_title":"Workplace Charging: Driving the Transition to Electric Vehicles","og_description":"The transition to electric vehicles (EVs) is gaining momentum, and workplace charging plays a crucial role in supporting this shift.","og_url":"https:\/\/www.evb.com\/hu\/workplace-charging-driving-the-transition-to-electric-vehicles\/","og_site_name":"EVB","article_published_time":"2024-02-18T06:14:49+00:00","author":"evb","twitter_card":"summary_large_image","twitter_misc":{"Szerz\u0151:":"evb","Becs\u00fclt olvas\u00e1si id\u0151":"3 perc"},"schema":{"@context":"https:\/\/schema.org","@graph":[{"@type":"Article","@id":"https:\/\/www.evb.com\/workplace-charging-driving-the-transition-to-electric-vehicles\/#article","isPartOf":{"@id":"https:\/\/www.evb.com\/workplace-charging-driving-the-transition-to-electric-vehicles\/"},"author":{"name":"evb","@id":"https:\/\/www.evb.com\/#\/schema\/person\/fe8f0137976034abdfd2ae4f8c5682d0"},"headline":"Workplace Charging: Driving the Transition to Electric Vehicles","datePublished":"2024-02-18T06:14:49+00:00","mainEntityOfPage":{"@id":"https:\/\/www.evb.com\/workplace-charging-driving-the-transition-to-electric-vehicles\/"},"wordCount":444,"commentCount":0,"publisher":{"@id":"https:\/\/www.evb.com\/#organization"},"articleSection":["Short Blog"],"inLanguage":"hu","potentialAction":[{"@type":"CommentAction","name":"Comment","target":["https:\/\/www.evb.com\/workplace-charging-driving-the-transition-to-electric-vehicles\/#respond"]}]},{"@type":"WebPage","@id":"https:\/\/www.evb.com\/workplace-charging-driving-the-transition-to-electric-vehicles\/","url":"https:\/\/www.evb.com\/workplace-charging-driving-the-transition-to-electric-vehicles\/","name":"Workplace Charging: Driving the Transition to Electric Vehicles","isPartOf":{"@id":"https:\/\/www.evb.com\/#website"},"datePublished":"2024-02-18T06:14:49+00:00","description":"The transition to electric vehicles (EVs) is gaining momentum, and workplace charging plays a crucial role in supporting this shift.","breadcrumb":{"@id":"https:\/\/www.evb.com\/workplace-charging-driving-the-transition-to-electric-vehicles\/#breadcrumb"},"inLanguage":"hu","potentialAction":[{"@type":"ReadAction","target":["https:\/\/www.evb.com\/workplace-charging-driving-the-transition-to-electric-vehicles\/"]}]},{"@type":"BreadcrumbList","@id":"https:\/\/www.evb.com\/workplace-charging-driving-the-transition-to-electric-vehicles\/#breadcrumb","itemListElement":[{"@type":"ListItem","position":1,"name":"Home","item":"https:\/\/www.evb.com\/"},{"@type":"ListItem","position":2,"name":"Workplace Charging: Driving the Transition to Electric Vehicles"}]},{"@type":"WebSite","@id":"https:\/\/www.evb.com\/#website","url":"https:\/\/www.evb.com\/","name":"EVB","description":"Smart EV Charging &amp; Energy Storage Solutions","publisher":{"@id":"https:\/\/www.evb.com\/#organization"},"potentialAction":[{"@type":"SearchAction","target":{"@type":"EntryPoint","urlTemplate":"https:\/\/www.evb.com\/?s={search_term_string}"},"query-input":{"@type":"PropertyValueSpecification","valueRequired":true,"valueName":"search_term_string"}}],"inLanguage":"hu"},{"@type":"Organization","@id":"https:\/\/www.evb.com\/#organization","name":"EVB","url":"https:\/\/www.evb.com\/","logo":{"@type":"ImageObject","inLanguage":"hu","@id":"https:\/\/www.evb.com\/#\/schema\/logo\/image\/","url":"https:\/\/www.evb.com\/wp-content\/uploads\/2021\/03\/evb-3.png","contentUrl":"https:\/\/www.evb.com\/wp-content\/uploads\/2021\/03\/evb-3.png","width":605,"height":626,"caption":"EVB"},"image":{"@id":"https:\/\/www.evb.com\/#\/schema\/logo\/image\/"}},{"@type":"Person","@id":"https:\/\/www.evb.com\/#\/schema\/person\/fe8f0137976034abdfd2ae4f8c5682d0","name":"evb","image":{"@type":"ImageObject","inLanguage":"hu","@id":"https:\/\/secure.gravatar.com\/avatar\/6919cc4e91e3745783933e1263b15b0bed21b5e46f2b1e21643aa8b29240d0f7?s=96&d=mm&r=g","url":"https:\/\/secure.gravatar.com\/avatar\/6919cc4e91e3745783933e1263b15b0bed21b5e46f2b1e21643aa8b29240d0f7?s=96&d=mm&r=g","contentUrl":"https:\/\/secure.gravatar.com\/avatar\/6919cc4e91e3745783933e1263b15b0bed21b5e46f2b1e21643aa8b29240d0f7?s=96&d=mm&r=g","caption":"evb"}}]}},"_links":{"self":[{"href":"https:\/\/www.evb.com\/hu\/wp-json\/wp\/v2\/posts\/10766","targetHints":{"allow":["GET"]}}],"collection":[{"href":"https:\/\/www.evb.com\/hu\/wp-json\/wp\/v2\/posts"}],"about":[{"href":"https:\/\/www.evb.com\/hu\/wp-json\/wp\/v2\/types\/post"}],"author":[{"embeddable":true,"href":"https:\/\/www.evb.com\/hu\/wp-json\/wp\/v2\/users\/3"}],"replies":[{"embeddable":true,"href":"https:\/\/www.evb.com\/hu\/wp-json\/wp\/v2\/comments?post=10766"}],"version-history":[{"count":1,"href":"https:\/\/www.evb.com\/hu\/wp-json\/wp\/v2\/posts\/10766\/revisions"}],"predecessor-version":[{"id":10767,"href":"https:\/\/www.evb.com\/hu\/wp-json\/wp\/v2\/posts\/10766\/revisions\/10767"}],"wp:attachment":[{"href":"https:\/\/www.evb.com\/hu\/wp-json\/wp\/v2\/media?parent=10766"}],"wp:term":[{"taxonomy":"category","embeddable":true,"href":"https:\/\/www.evb.com\/hu\/wp-json\/wp\/v2\/categories?post=10766"},{"taxonomy":"post_tag","embeddable":true,"href":"https:\/\/www.evb.com\/hu\/wp-json\/wp\/v2\/tags?post=10766"}],"curies":[{"name":"wp","href":"https:\/\/api.w.org\/{rel}","templated":true}]}}