{"id":39286,"date":"2026-03-14T10:39:48","date_gmt":"2026-03-14T02:39:48","guid":{"rendered":"https:\/\/www.evb.com\/?p=39286"},"modified":"2026-03-14T11:10:41","modified_gmt":"2026-03-14T03:10:41","slug":"what-is-dynamic-power-management-a-2026-guide-for-dc-fast-charging-sites","status":"publish","type":"post","link":"https:\/\/www.evb.com\/hu\/what-is-dynamic-power-management-a-2026-guide-for-dc-fast-charging-sites\/","title":{"rendered":"Mi a dinamikus energiagazd\u00e1lkod\u00e1s? 2026-os \u00fatmutat\u00f3 egyen\u00e1ram\u00fa gyorst\u00f6lt\u0151 \u00e1llom\u00e1sokhoz"},"content":{"rendered":"<p><br>DC t\u00f6lt\u00e9s eset\u00e9n <strong>dinamikus energiagazd\u00e1lkod\u00e1s<\/strong> eszk\u00f6z\u00f6k <strong>egy telephely rendelkez\u00e9sre \u00e1ll\u00f3 teljes\u00edtm\u00e9ny\u00e9nek val\u00f3s idej\u0171 be\u00e1ll\u00edt\u00e1sa \u00e9s eloszt\u00e1sa t\u00f6bb t\u00f6lt\u0151 \u00e9s csatlakoz\u00f3 k\u00f6z\u00f6tt<\/strong>A c\u00e9lja egyszer\u0171: seg\u00edteni a t\u00f6lt\u0151\u00e1llom\u00e1snak t\u00f6bb j\u00e1rm\u0171 kiszolg\u00e1l\u00e1s\u00e1ban, a r\u00e1cshat\u00e1rokon bel\u00fcl maradni, \u00e9s megb\u00edzhat\u00f3an m\u0171k\u00f6dni, amikor a val\u00f3s forgalmi k\u00f6r\u00fclm\u00e9nyek nyom\u00e1st gyakorolnak a t\u00f6lt\u0151\u00e1llom\u00e1sra.<\/p>\n\n\n\n<p>Egyszer\u0171bben fogalmazva, a dinamikus energiagazd\u00e1lkod\u00e1s seg\u00edt a telephelynek a megl\u00e9v\u0151 energi\u00e1t intelligensebb m\u00f3don felhaszn\u00e1lni. Ahelyett, hogy t\u00falb\u0151v\u00edten\u00e9k a h\u00e1l\u00f3zati csatlakoz\u00e1st, vagy hagyn\u00e1k, hogy egyes t\u00f6lt\u0151k t\u00e9tlen\u00fcl \u00e1lljanak, mik\u00f6zben m\u00e1sok t\u00falterheltek, az \u00fczemeltet\u0151k kiegyens\u00falyozhatj\u00e1k az energi\u00e1t a telephelyen, ahogy a j\u00e1rm\u0171vek \u00e9rkeznek, t\u00e1voznak, vagy v\u00e1ltozik a t\u00f6lt\u00e9si ig\u00e9ny\u00fck.<\/p>\n\n\n\n<p>A t\u00f6lt\u0151pontok \u00fczemeltet\u0151i sz\u00e1m\u00e1ra a val\u00f3di k\u00e9rd\u00e9s ritk\u00e1n az, hogy \u201eTelep\u00edthet\u00fcnk-e t\u00f6bb t\u00f6lt\u0151t?\u201d. A val\u00f3di k\u00e9rd\u00e9s a k\u00f6vetkez\u0151: <strong>Z\u00f6kken\u0151mentesen m\u0171k\u00f6dhet-e a telephely, amikor megn\u0151 a kereslet, t\u00f6bb j\u00e1rm\u0171 csatlakozik egyszerre, \u00e9s a teljes\u00edtm\u00e9nykorl\u00e1t hirtelen nyom\u00e1s al\u00e1 ker\u00fcl?<\/strong> Pontosan erre a probl\u00e9m\u00e1ra tervezt\u00e9k a dinamikus energiagazd\u00e1lkod\u00e1st.<\/p>\n\n\n\n<hr class=\"wp-block-separator has-alpha-channel-opacity\"\/>\n\n\n\n<h2 class=\"wp-block-heading\">1) Mi\u00e9rt van sz\u00fcks\u00e9g dinamikus energiagazd\u00e1lkod\u00e1sra az egyen\u00e1ram\u00fa t\u00f6lt\u0151\u00e1llom\u00e1sokon?<\/h2>\n\n\n\n<p>Az egyen\u00e1ram\u00fa gyorst\u00f6lt\u0151 helyek \u00e1ltal\u00e1ban h\u00e1romf\u00e9le korl\u00e1toz\u00e1ssal szembes\u00fclnek.<\/p>\n\n\n\n<h3 class=\"wp-block-heading\">A) H\u00e1l\u00f3zati \u00e9s teljes\u00edtm\u00e9nykorl\u00e1tok<\/h3>\n\n\n\n<p>M\u00e9g ha van is fizikai hely tov\u00e1bbi t\u00f6lt\u0151k elhelyez\u00e9s\u00e9re, a telephely tov\u00e1bbra is korl\u00e1tozott a k\u00f6vetkez\u0151k miatt:<\/p>\n\n\n\n<ul class=\"wp-block-list\">\n<li>szerz\u0151d\u00e9ses teljes\u00edtm\u00e9nykapacit\u00e1s<\/li>\n\n\n\n<li>transzform\u00e1tor \u00e9s kapcsol\u00f3berendez\u00e9s hat\u00e1r\u00e9rt\u00e9kei<\/li>\n\n\n\n<li>v\u00e9delmi be\u00e1ll\u00edt\u00e1sok \u00e9s elfogadhat\u00f3 teljes\u00edtm\u00e9nyr\u00e1mpa-viselked\u00e9s<\/li>\n<\/ul>\n\n\n\n<p>Telephelyszint\u0171 szab\u00e1lyoz\u00e1s n\u00e9lk\u00fcl t\u00f6bb, egyszerre nagy teljes\u00edtm\u00e9ny\u0171 t\u00f6lt\u0151 t\u00falterhel\u00e9shez k\u00f6zel\u00edtheti a telephelyet, v\u00e9delmi kiold\u00e1sokat v\u00e1lthat ki, vagy egyszer\u0171en a teljes telephely kisz\u00e1m\u00edthatatlan viselked\u00e9s\u00e9t okozhatja.<\/p>\n\n\n\n<p>Sz\u00e1mos kereskedelmi \u00e9s ipari telephelyen van egy <strong>exportmentess\u00e9g<\/strong>, ami azt jelenti, hogy az elektromos \u00e1ram nem \u00e1ramolhat vissza a h\u00e1l\u00f3zatba. Azokon a helysz\u00edneken, amelyek napelemes, energiat\u00e1rol\u00f3 \u00e9s t\u00f6lt\u0151rendszereket haszn\u00e1lnak, a dinamikus energiagazd\u00e1lkod\u00e1s praktikus m\u00f3dd\u00e1 v\u00e1lik ezen korl\u00e1toz\u00e1sok \u00f6sszehangol\u00e1s\u00e1ra.<\/p>\n\n\n\n<h3 class=\"wp-block-heading\">B) Egyenetlen j\u00e1rm\u0171\u00e9rkez\u00e9sek<\/h3>\n\n\n\n<p>Az egyen\u00e1ram\u00fa t\u00f6lt\u00e9si ig\u00e9ny ritk\u00e1n z\u00f6kken\u0151mentes. A val\u00f3s \u00fczemben gyakran tapasztalhat\u00f3k a k\u00f6vetkez\u0151k:<\/p>\n\n\n\n<ul class=\"wp-block-list\">\n<li>hull\u00e1mszer\u0171 cs\u00facsok az \u00e9rkez\u00e9sekben<\/li>\n\n\n\n<li>vegyes j\u00e1rm\u0171t\u00edpusok elt\u00e9r\u0151 t\u00f6lt\u00e9si fogad\u00e1si k\u00e9pess\u00e9ggel<\/li>\n\n\n\n<li>r\u00f6vid \u00e9s hossz\u00fa \u00fcl\u00e9sek egym\u00e1s mellett zajlanak<\/li>\n<\/ul>\n\n\n\n<p>A fix energiaeloszt\u00e1si modell gyakran pazarolja a kapacit\u00e1st a csendes id\u0151szakokban, \u00e9s probl\u00e9m\u00e1v\u00e1 v\u00e1lik, amint a telephely forgalmass\u00e1 v\u00e1lik. Sok telephelyen val\u00f3j\u00e1ban nincs hi\u00e1ny a telep\u00edtett berendez\u00e9sekb\u0151l. Az a m\u00f3d, amellyel a telep\u00edtett kW-t olyan t\u00f6lt\u00e9si kapacit\u00e1ss\u00e1 alak\u00edthatn\u00e1k, amelyet val\u00f3ban k\u00f6vetkezetesen lehetne sz\u00e1ll\u00edtani.<\/p>\n\n\n\n<h3 class=\"wp-block-heading\">C) Cs\u00facskock\u00e1zat \u00e9s m\u0171k\u00f6d\u00e9si instabilit\u00e1s<\/h3>\n\n\n\n<p><br>A nagy teljes\u00edtm\u00e9ny\u0171 egyen\u00e1ram\u00fa t\u00f6lt\u00e9s gyakran h\u00e1rom probl\u00e9m\u00e1t okoz egyszerre:<\/p>\n\n\n\n<ul class=\"wp-block-list\">\n<li>magasabb cs\u00facsid\u0151szaki k\u00f6lts\u00e9gek, a tarif\u00e1t\u00f3l f\u00fcgg\u0151en<\/li>\n\n\n\n<li>t\u00f6bb v\u00e9letlenszer\u0171 meghib\u00e1sod\u00e1s a cs\u00facsforgalom idej\u00e9n<\/li>\n\n\n\n<li>nagyobb t\u00e1mogat\u00e1si terhel\u00e9s, ha \u201eaz oldal csak cs\u00facsid\u0151ben hib\u00e1sodik meg\u201d<\/li>\n<\/ul>\n\n\n\n<p><strong>Az ultragyors t\u00f6lt\u00e9s val\u00f3s\u00e1ga:<\/strong> Ahogy a folyad\u00e9kh\u0171t\u00e9ses t\u00f6lt\u00e9si teljes\u00edtm\u00e9ny folyamatosan n\u00f6vekszik, az egycsatlakoz\u00f3s t\u00f6lt\u00e9si teljes\u00edtm\u00e9ny is egyre nagyobb lesz. Ebben a k\u00f6rnyezetben, ha k\u00e9t j\u00e1rm\u0171 egyszerre kezdi meg a nagy teljes\u00edtm\u00e9ny\u0171 t\u00f6lt\u00e9st, a telephely gyorsan megk\u00f6zel\u00edtheti a transzform\u00e1tor vagy az eloszt\u00f3 korl\u00e1tait. <br><strong>A dinamikus energiagazd\u00e1lkod\u00e1s a nagym\u00e9ret\u0171 ultragyors t\u00f6lt\u00e9s biztons\u00e1gi alapj\u00e1v\u00e1 v\u00e1lik.<\/strong>, mert seg\u00edt a nagy teljes\u00edtm\u00e9ny\u0171 helysz\u00ednek ir\u00e1ny\u00edthat\u00f3s\u00e1g\u00e1ban, kisz\u00e1m\u00edthat\u00f3s\u00e1g\u00e1ban \u00e9s m\u0171k\u00f6d\u0151k\u00e9pess\u00e9g\u00e9ben akkor is, ha egyszerre t\u00f6bb j\u00e1rm\u0171 is elkezdi a teljes\u00edtm\u00e9nyfelv\u00e9telt.<\/p>\n\n\n\n<hr class=\"wp-block-separator has-alpha-channel-opacity\"\/>\n\n\n\n<h2 class=\"wp-block-heading\">2) Mit jelent a dinamikus energiagazd\u00e1lkod\u00e1s az egyen\u00e1ram\u00fa gyorst\u00f6lt\u00e9sben?<\/h2>\n\n\n\n<p>Az egyen\u00e1ram\u00fa gyorst\u00f6lt\u00e9s sor\u00e1n a dinamikus energiagazd\u00e1lkod\u00e1s \u00e1ltal\u00e1ban h\u00e1rom dolgot foglal mag\u00e1ban:<\/p>\n\n\n\n<ol start=\"1\" class=\"wp-block-list\">\n<li><strong>\u00c1ll\u00edtson be egy webhelyszint\u0171 teljes\u00edtm\u00e9nykorl\u00e1tot<\/strong> Hat\u00e1rozza meg a webhely \u00e1ltal felvett vagy leadhat\u00f3 maxim\u00e1lis teljes\u00edtm\u00e9nyt.<\/li>\n\n\n\n<li><strong>Ossza el az \u00e1ramot a t\u00f6lt\u0151k \u00e9s csatlakoz\u00f3k k\u00f6z\u00f6tt<\/strong> A kiv\u00e1lasztott vez\u00e9rl\u00e9si logika alapj\u00e1n ossza el a rendelkez\u00e9sre \u00e1ll\u00f3 teljes\u00edtm\u00e9nyt az akt\u00edv munkamenetek k\u00f6z\u00f6tt.<\/li>\n\n\n\n<li><strong>Folyamatos, val\u00f3s idej\u0171 be\u00e1ll\u00edt\u00e1s<\/strong> Friss\u00edtse a kioszt\u00e1st, ahogy a j\u00e1rm\u0171vek csatlakoznak, lecsatlakoznak, vagy v\u00e1ltozik a t\u00f6lt\u00e9si ig\u00e9ny\u00fck.<\/li>\n<\/ol>\n\n\n\n<p>Nem arr\u00f3l van sz\u00f3, hogy pap\u00edron egyetlen t\u00f6lt\u0151t nagyobbnak t\u00fcntess\u00fcnk fel. Arr\u00f3l van sz\u00f3, hogy a webhelyet egy olyan rendszerr\u00e9 alak\u00edtsuk, amely k\u00e9pes\u2026 <strong>a hatalom eloszt\u00e1sa, koordin\u00e1l\u00e1sa \u00e9s v\u00e9delme<\/strong> val\u00f3s id\u0151ben. Min\u00e9l magasabb az er\u0151szint, ann\u00e1l kev\u00e9sb\u00e9 hasznos a statikus gondolkod\u00e1s.<\/p>\n\n\n\n<hr class=\"wp-block-separator has-alpha-channel-opacity\"\/>\n\n\n\n<h2 class=\"wp-block-heading\">3) Hogyan m\u0171k\u00f6dik a dinamikus energiagazd\u00e1lkod\u00e1s<\/h2>\n\n\n\n<p>A legt\u00f6bb egyen\u00e1ram\u00fa helysz\u00edn egy egyszer\u0171 szab\u00e1lyoz\u00e1si hurkot k\u00f6vet, legal\u00e1bbis elvileg.<\/p>\n\n\n\n<h3 class=\"wp-block-heading\">1. l\u00e9p\u00e9s: A val\u00f3di korl\u00e1tok azonos\u00edt\u00e1sa<\/h3>\n\n\n\n<p>A rendszer figyeli:<\/p>\n\n\n\n<ul class=\"wp-block-list\">\n<li>a webhely el\u00e9rhet\u0151 teljes\u00edtm\u00e9nykorl\u00e1tja<\/li>\n\n\n\n<li>aktu\u00e1lis t\u00f6lt\u00e9si terhel\u00e9s<\/li>\n\n\n\n<li>t\u00f6lt\u0151 \u00e9s csatlakoz\u00f3 \u00e1llapota<\/li>\n\n\n\n<li>bizonyos esetekben m\u00e1s webhelyterhel\u00e9sek is<\/li>\n<\/ul>\n\n\n\n<p>Ez egyszer\u0171en hangzik, de a projektek gyakran itt kezdenek neh\u00e9zs\u00e9gekbe \u00fctk\u00f6zni. Ha egy telephely nem l\u00e1tja tiszt\u00e1n saj\u00e1t val\u00f3di korl\u00e1tait, a k\u00e9s\u0151bbi ir\u00e1ny\u00edt\u00e1si d\u00f6nt\u00e9sek \u00e1ltal\u00e1ban ink\u00e1bb reakt\u00edvak, mint pontosak lesznek.<\/p>\n\n\n\n<h3 class=\"wp-block-heading\">2. l\u00e9p\u00e9s: A hatalom szab\u00e1lyok szerinti megoszt\u00e1sa<\/h3>\n\n\n\n<p>Az \u00e1ltal\u00e1nos energiaeloszt\u00e1si szab\u00e1lyok a k\u00f6vetkez\u0151k:<\/p>\n\n\n\n<ul class=\"wp-block-list\">\n<li>egyenl\u0151 megoszt\u00e1s<\/li>\n\n\n\n<li>priorit\u00e1son alapul\u00f3 eloszt\u00e1s<\/li>\n\n\n\n<li>minim\u00e1lis garant\u00e1lt teljes\u00edtm\u00e9ny munkamenetenk\u00e9nt<\/li>\n\n\n\n<li>flott\u00e1k felad\u00e1si vagy indul\u00e1si id\u0151 alap\u00fa eloszt\u00e1sa<\/li>\n<\/ul>\n\n\n\n<p><strong><strong>A dinamikus allok\u00e1ci\u00f3 nemcsak technikai funkci\u00f3. \u00dczleti eszk\u00f6z is.<\/strong><\/strong> Az \u00fczemeltet\u0151k k\u00fcl\u00f6nb\u00f6z\u0151 szolg\u00e1ltat\u00e1si szintek l\u00e9trehoz\u00e1s\u00e1ra haszn\u00e1lhatj\u00e1k. P\u00e9ld\u00e1ul egy logisztikai flotta sz\u00e1m\u00e1ra legal\u00e1bb 60 kW garant\u00e1lt lehet az indul\u00e1si menetrendek v\u00e9delme \u00e9rdek\u00e9ben, m\u00edg a nyilv\u00e1nos felhaszn\u00e1l\u00f3k rugalmas energi\u00e1t kaphatnak a fennmarad\u00f3 rendelkez\u00e9sre \u00e1ll\u00f3 mennyis\u00e9g alapj\u00e1n. Ez lehet\u0151v\u00e9 teszi a telephely sz\u00e1m\u00e1ra, hogy megv\u00e9dje a fontos \u00fcgyfeleket, mik\u00f6zben a tartal\u00e9k kapacit\u00e1st bev\u00e9tell\u00e9 alak\u00edtja.<\/p>\n\n\n\n<h3 class=\"wp-block-heading\">3. l\u00e9p\u00e9s: Tartsa stabilan a webhelyet<\/h3>\n\n\n\n<p>A rendszer ekkor:<\/p>\n\n\n\n<ul class=\"wp-block-list\">\n<li>a teljes teljes\u00edtm\u00e9nyt a helysz\u00edni korl\u00e1t alatt tartja<\/li>\n\n\n\n<li>szab\u00e1lyozza a teljes\u00edtm\u00e9nyv\u00e1ltoz\u00e1sok sebess\u00e9g\u00e9t<\/li>\n\n\n\n<li>seg\u00edt a webhelynek kisz\u00e1m\u00edthat\u00f3bban viselkedni ingadoz\u00f3 k\u00f6r\u00fclm\u00e9nyek k\u00f6z\u00f6tt<\/li>\n<\/ul>\n\n\n\n<p>A l\u00e9nyeg a k\u00f6vetkez\u0151: a dinamikus energiagazd\u00e1lkod\u00e1s nem arr\u00f3l sz\u00f3l, hogy minden aut\u00f3 gyorsabban t\u00f6lt\u0151dik. Arr\u00f3l van sz\u00f3, hogy a <strong>maga a telephely stabilabb, k\u00f6nnyebben sk\u00e1l\u00e1zhat\u00f3 \u00e9s termel\u00e9kenyebb val\u00f3s m\u0171k\u00f6d\u00e9si k\u00f6r\u00fclm\u00e9nyek k\u00f6z\u00f6tt<\/strong>.<\/p>\n\n\n\n<hr class=\"wp-block-separator has-alpha-channel-opacity\"\/>\n\n\n\n<h2 class=\"wp-block-heading\">4) Mi v\u00e1ltozik a dinamikus energiagazd\u00e1lkod\u00e1ssal? Telephelyszint\u0171 \u00f6sszehasonl\u00edt\u00e1s<\/h2>\n\n\n\n<figure class=\"wp-block-table\"><table class=\"has-fixed-layout\"><thead><tr><th><strong>\u00d6sszehasonl\u00edt\u00f3 ter\u00fclet<\/strong><\/th><th><strong>Dinamikus energiagazd\u00e1lkod\u00e1s n\u00e9lk\u00fcl<\/strong><\/th><th><strong>Dinamikus energiagazd\u00e1lkod\u00e1ssal<\/strong><\/th><\/tr><\/thead><tbody><tr><td><strong>Helysz\u00edni energiaszab\u00e1lyoz\u00e1s<\/strong><\/td><td>Nagyobb val\u00f3sz\u00edn\u0171s\u00e9ggel \u00e9ri el a h\u00e1l\u00f3zati vagy eloszt\u00e1si korl\u00e1tokat, ha t\u00f6bb j\u00e1rm\u0171 t\u00f6lt\u0151dik nagy teljes\u00edtm\u00e9nnyel<\/td><td>Az energia egy telephely eg\u00e9sz\u00e9re kiterjed\u0151 kondenz\u00e1toron bel\u00fcl oszlik el, ami cs\u00f6kkenti a t\u00falterhel\u00e9s kock\u00e1zat\u00e1t<\/td><\/tr><tr><td><strong>T\u00f6bb t\u00f6lt\u0151 haszn\u00e1latban<\/strong><\/td><td>Egyes t\u00f6lt\u0151k t\u00falterheltek lehetnek, m\u00edg m\u00e1sok alulhaszn\u00e1ltak.<\/td><td>Az energia val\u00f3s id\u0151ben oszthat\u00f3 el, ami jav\u00edtja az \u00e1ltal\u00e1nos kihaszn\u00e1lts\u00e1got<\/td><\/tr><tr><td><strong>Cs\u00facsid\u0151szaki stabilit\u00e1s<\/strong><\/td><td>Nagyobb kock\u00e1zatot jelent a v\u00e9delmi leold\u00e1sok, az instabil viselked\u00e9s vagy a v\u00e9letlenszer\u0171 hib\u00e1k el\u0151fordul\u00e1sa<\/td><td>A teljes\u00edtm\u00e9nyv\u00e1ltoz\u00e1sok sim\u00e1bban szab\u00e1lyozhat\u00f3k, ami jav\u00edtja a kisz\u00e1m\u00edthat\u00f3s\u00e1got<\/td><\/tr><tr><td><strong>Sk\u00e1l\u00e1zhat\u00f3s\u00e1g<\/strong><\/td><td>A h\u00e1l\u00f3zat korszer\u0171s\u00edt\u00e9s\u00e9re kor\u00e1bban lehet sz\u00fcks\u00e9g<\/td><td>T\u00f6bb t\u00f6lt\u0151pont is ki\u00e9p\u00edthet\u0151 a megl\u00e9v\u0151 telephelyi korl\u00e1tokon bel\u00fcl.<\/td><\/tr><tr><td><strong>V\u00e1lasz az egyenetlen \u00e9rkez\u00e9sekre<\/strong><\/td><td>Nehezebb kezelni a l\u00fcktet\u0151 forgalmat vagy a vegyes j\u00e1rm\u0171forgalom ig\u00e9ny\u00e9t<\/td><td>Jobban alkalmas ingadoz\u00f3 forgalomhoz \u00e9s vegyes t\u00f6lt\u00e9si id\u0151szakokhoz<\/td><\/tr><tr><td><strong>V\u00e1rakoz\u00e1si sor \u00e1raml\u00e1sa \u00e9s \u00e1tviteli sebess\u00e9g<\/strong><\/td><td>Egyetlen hossz\u00fa munkamenet is lelass\u00edthatja az eg\u00e9sz webhelyet<\/td><td>A dinamikus eloszt\u00e1s seg\u00edt jav\u00edtani az \u00e1tviteli sebess\u00e9get \u00e9s a v\u00e1rakoz\u00e1si id\u0151 hat\u00e9konys\u00e1g\u00e1t<\/td><\/tr><tr><td><strong>Flottapriorit\u00e1s-szab\u00e1lyoz\u00e1s<\/strong><\/td><td>Neh\u00e9z megv\u00e9deni a fontos j\u00e1rm\u0171veket vagy a garant\u00e1lt szolg\u00e1ltat\u00e1si szinteket<\/td><td>A priorit\u00e1si szab\u00e1lyok alkalmazhat\u00f3k flott\u00e1kra vagy kritikus felhaszn\u00e1l\u00f3kra<\/td><\/tr><tr><td><strong>Napelemes + energiat\u00e1rol\u00f3 integr\u00e1ci\u00f3<\/strong><\/td><td>Nehezebb \u00f6sszehangolni a t\u00f6lt\u00e9st m\u00e1s energiaeszk\u00f6z\u00f6kkel<\/td><td>K\u00f6nnyebb \u00f6sszehangolni a fotovoltaikus, t\u00e1rol\u00f3 \u00e9s t\u00f6lt\u0151terhel\u00e9seket<\/td><\/tr><tr><td><strong>\u00dczemeltet\u00e9si ir\u00e1ny\u00edt\u00e1s<\/strong><\/td><td>Reakt\u00edvabb \u00e9s manu\u00e1lis beavatkoz\u00e1sra szorul\u00f3<\/td><td>Ink\u00e1bb egy fel\u00fcgyelt rendszer a sk\u00e1l\u00e1zhat\u00f3 m\u0171veletekhez<\/td><\/tr><\/tbody><\/table><\/figure>\n\n\n\n<hr class=\"wp-block-separator has-alpha-channel-opacity\"\/>\n\n\n\n<h2 class=\"wp-block-heading\">5) A dinamikus t\u00f6lt\u00e9s f\u0151 el\u0151nyei<\/h2>\n\n\n\n<h3 class=\"wp-block-heading\">1. T\u00f6bb t\u00f6lt\u0151pont azonnali h\u00e1l\u00f3zati fejleszt\u00e9sek n\u00e9lk\u00fcl<\/h3>\n\n\n\n<p>Amikor a transzform\u00e1torok korszer\u0171s\u00edt\u00e9se vagy a h\u00e1l\u00f3zat b\u0151v\u00edt\u00e9se id\u0151be telik, a dinamikus energiagazd\u00e1lkod\u00e1s seg\u00edt az \u00fczemeltet\u0151knek t\u00f6bb j\u00e1rm\u0171vet kiszolg\u00e1lni ugyanazon a telephelyen bel\u00fcl, ahelyett, hogy a k\u00f6vetkez\u0151 energiab\u0151v\u00edt\u00e9sre kellene v\u00e1rniuk a n\u00f6veked\u00e9s felszabad\u00edt\u00e1sa \u00e9rdek\u00e9ben.<\/p>\n\n\n\n<h3 class=\"wp-block-heading\">2. A megl\u00e9v\u0151 energia nagyobb kihaszn\u00e1lts\u00e1ga<\/h3>\n\n\n\n<p>Ahelyett, hogy a t\u00f6lt\u0151\u00e1llom\u00e1s egy r\u00e9sz\u00e9t kihaszn\u00e1latlanul hagyn\u00e1, mik\u00f6zben egy m\u00e1sik t\u00f6lt\u0151 t\u00falterhelt, a dinamikus eloszt\u00e1s seg\u00edt a rendelkez\u00e9sre \u00e1ll\u00f3 kapacit\u00e1s folyamatosabb \u00e9s hat\u00e9konyabb kihaszn\u00e1l\u00e1s\u00e1ban.<\/p>\n\n\n\n<h3 class=\"wp-block-heading\">3. Jobb sorban \u00e1ll\u00e1s \u00e9s z\u00f6kken\u0151mentesebb \u00fcgyf\u00e9l\u00e9lm\u00e9ny<\/h3>\n\n\n\n<p>A val\u00f3s m\u0171veletek sor\u00e1n <strong>t\u00f6bb csatlakoz\u00f3 \u00e9s dinamikus eloszt\u00e1s<\/strong> gyakran jobban teljes\u00edtenek, mint egy t\u00falm\u00e9retezett t\u00f6lt\u0151pont. T\u00f6bb j\u00e1rm\u0171 tud t\u00f6lteni, a cs\u00facsforgalom kezel\u00e9se k\u00f6nnyebb\u00e9 v\u00e1lik, \u00e9s kisebb a val\u00f3sz\u00edn\u0171s\u00e9ge, hogy a telephelyet egyetlen hossz\u00fa munkamenet blokkolja.<\/p>\n\n\n\n<h3 class=\"wp-block-heading\">4. Kevesebb cs\u00facsid\u0151szaki meghib\u00e1sod\u00e1s<\/h3>\n\n\n\n<p>A cs\u00facs\u00e9rt\u00e9kek korl\u00e1toz\u00e1s\u00e1val \u00e9s a teljes\u00edtm\u00e9nyv\u00e1ltoz\u00e1sok szab\u00e1lyoz\u00e1s\u00e1val az \u00fczemeltet\u0151k cs\u00f6kkenthetik a kellemetlen le\u00e1ll\u00e1sokat, a t\u00falterhel\u00e9si esem\u00e9nyeket \u00e9s az olyan \u201ev\u00e9letlenszer\u0171 hib\u00e1kat\u201d, amelyek \u00e1ltal\u00e1ban csak akkor jelentkeznek, amikor a telephely nagy forgalm\u00fa.<\/p>\n\n\n\n<hr class=\"wp-block-separator has-alpha-channel-opacity\"\/>\n\n\n\n<h2 class=\"wp-block-heading\">6) Ahol a dinamikus energiagazd\u00e1lkod\u00e1s a legfontosabb<\/h2>\n\n\n\n<p>A dinamikus energiagazd\u00e1lkod\u00e1s az egyik leghasznosabb telephelyi funkci\u00f3, ahol nagy a t\u00f6lt\u00e9si ig\u00e9ny, de a h\u00e1l\u00f3zati kapacit\u00e1s korl\u00e1tozott.<\/p>\n\n\n\n<h3 class=\"wp-block-heading\">A) Nyilv\u00e1nos DC t\u00f6lt\u0151\u00e1llom\u00e1sok<\/h3>\n\n\n\n<p>A t\u00f6bb t\u00f6lt\u0151vel, vegyes forgalommal \u00e9s l\u00f6ketes \u00e9rkez\u00e9sekkel rendelkez\u0151 helysz\u00ednek jobb \u00e1tereszt\u0151k\u00e9pess\u00e9get \u00e9s stabilabb m\u0171k\u00f6d\u00e9st biztos\u00edtanak.<\/p>\n\n\n\n<h3 class=\"wp-block-heading\">B) Flottatelepek \u00e9s vegyes haszn\u00e1lat\u00fa telephelyek<\/h3>\n\n\n\n<p>A flotta j\u00e1rm\u0171vei gyakran hull\u00e1mokban t\u00e9rnek vissza. A dinamikus energiagazd\u00e1lkod\u00e1s seg\u00edt a t\u00f6lt\u00e9s priorit\u00e1s\u00e1nak meghat\u00e1roz\u00e1s\u00e1ban, a telephely hat\u00e1rainak v\u00e9delm\u00e9ben \u00e9s a telek mozg\u00e1sban tart\u00e1s\u00e1ban.<\/p>\n\n\n\n<h3 class=\"wp-block-heading\">C) Korl\u00e1tozott h\u00e1l\u00f3zati kapacit\u00e1s\u00fa vagy hossz\u00fa fejleszt\u00e9si \u00e1tfut\u00e1si idej\u0171 telephelyek<\/h3>\n\n\n\n<p>Ahol a k\u00f6z\u00e9pfesz\u00fclts\u00e9g\u0171 b\u0151v\u00edt\u00e9s, a transzform\u00e1torok vagy a kapcsol\u00f3berendez\u00e9sek korl\u00e1tozottak, a dinamikus energiagazd\u00e1lkod\u00e1s seg\u00edthet a telephely m\u00e9retez\u00e9s\u00e9ben, miel\u0151tt egy nagyobb energiab\u0151v\u00edt\u00e9s befejez\u0151dne.<\/p>\n\n\n\n<hr class=\"wp-block-separator has-alpha-channel-opacity\"\/>\n\n\n\n<h2 class=\"wp-block-heading\">7) Gyakori f\u00e9lre\u00e9rt\u00e9sek<\/h2>\n\n\n\n<h3 class=\"wp-block-heading\">1. f\u00e9lre\u00e9rt\u00e9s: A dinamikus energiagazd\u00e1lkod\u00e1s minden j\u00e1rm\u0171vet gyorsabban t\u00f6lt fel.<\/h3>\n\n\n\n<p>Nem felt\u00e9tlen\u00fcl. A f\u0151 c\u00e9lja a fejleszt\u00e9s. <strong>telephelyszint\u0171 \u00e1tviteli sebess\u00e9g \u00e9s stabilit\u00e1s<\/strong>, nem pedig az\u00e9rt, hogy minden egyes munkamenetb\u0151l maximaliz\u00e1lja a teljes\u00edtm\u00e9nyt.<\/p>\n\n\n\n<h3 class=\"wp-block-heading\">2. f\u00e9lre\u00e9rt\u00e9s: Ez csak nagyobb hardver<\/h3>\n\n\n\n<p>Nem. A dinamikus energiagazd\u00e1lkod\u00e1s egy <strong>telephelyszint\u0171 ellen\u0151rz\u00e9si strat\u00e9gia<\/strong>Ez a koordin\u00e1ci\u00f3t\u00f3l, a szab\u00e1lyokt\u00f3l \u00e9s a rendszer viselked\u00e9s\u00e9t\u0151l f\u00fcgg \u2013 nem csak a nagyobb szekr\u00e9nyekt\u0151l vagy a vastagabb k\u00e1belekt\u0151l.<\/p>\n\n\n\n<h3 class=\"wp-block-heading\">3. f\u00e9lre\u00e9rt\u00e9s: Egyszer bekapcsolod, \u00e9s elfelejted<\/h3>\n\n\n\n<p>Nem igaz\u00e1n. A j\u00f3 eredm\u00e9nyek a vil\u00e1gos m\u0171k\u00f6d\u00e9si szab\u00e1lyokt\u00f3l f\u00fcggenek:<\/p>\n\n\n\n<ul class=\"wp-block-list\">\n<li>minim\u00e1lis teljes\u00edtm\u00e9nygaranci\u00e1k<\/li>\n\n\n\n<li>priorit\u00e1si logika<\/li>\n\n\n\n<li>biztons\u00e1gos teljes\u00edtm\u00e9nyv\u00e1ltoz\u00e1si hat\u00e1r\u00e9rt\u00e9kek<\/li>\n\n\n\n<li>tartal\u00e9k viselked\u00e9s rendellenes k\u00f6r\u00fclm\u00e9nyek k\u00f6z\u00f6tt<\/li>\n<\/ul>\n\n\n\n<p>Jobban \u00e9rthet\u0151 a webhely oper\u00e1ci\u00f3s rendszer\u00e9nek r\u00e9szek\u00e9nt, nem pedig egyszer\u0171 funkci\u00f3v\u00e1lt\u00e1sk\u00e9nt.<\/p>\n\n\n\n<hr class=\"wp-block-separator has-alpha-channel-opacity\"\/>\n\n\n\n<h2 class=\"wp-block-heading\">8) 2026-os trend: a t\u00f6lt\u0151k vez\u00e9rl\u00e9s\u00e9t\u0151l az energia vez\u00e9rl\u00e9s\u00e9ig<\/h2>\n\n\n\n<p>Egy f\u0151 2026-os trend az, hogy a dinamikus energiagazd\u00e1lkod\u00e1s t\u00falmutat a \u201et\u00f6lt\u0151vez\u00e9rl\u00e9sen\u201d, \u00e9s a ... fel\u00e9 halad. <strong>energia-zenekar<\/strong>A napelemes, t\u00e1rol\u00f3s \u00e9s t\u00f6lt\u0151s helysz\u00edneken a rendszer k\u00e9pes figyelni a tet\u0151t\u00e9ri napelemes teljes\u00edtm\u00e9nyt \u00e9s az akkumul\u00e1tor teljes\u00edtm\u00e9ny\u00e9t. <strong>Rendszerchip<\/strong> val\u00f3s id\u0151ben, majd ezt a plusz energi\u00e1t felhaszn\u00e1lva t\u00f6lt\u00e9si munkameneteket t\u00e1mogathat an\u00e9lk\u00fcl, hogy t\u00fall\u00e9pn\u00e9 a telephely h\u00e1l\u00f3zati korl\u00e1tj\u00e1t. Ez lehet\u0151v\u00e9 teszi az \u00fczemeltet\u0151k sz\u00e1m\u00e1ra, hogy n\u00f6velj\u00e9k az \u00e1tereszt\u0151k\u00e9pess\u00e9get, mik\u00f6zben cs\u00f6kkentik a cs\u00facsterhel\u00e9st.<\/p>\n\n\n\n<hr class=\"wp-block-separator has-alpha-channel-opacity\"\/>\n\n\n\n<h2 class=\"wp-block-heading\">9) EVB-aj\u00e1nl\u00e1s: <a href=\"https:\/\/www.evb.com\/hu\/by-charging-type\/evb-dc-ev-charging-solutions\/?playlist=6be638e&amp;video=ad61822\">egy intelligensebb DC gyorst\u00f6lt\u00e9si strat\u00e9gia<\/a> sk\u00e1l\u00e1zhat\u00f3 webhelyekhez<\/h2>\n\n\n\n<figure class=\"wp-block-image size-full\"><img loading=\"lazy\" decoding=\"async\" width=\"2560\" height=\"1600\" src=\"https:\/\/www.evb.com\/wp-content\/uploads\/2026\/01\/20251217-163915.jpeg\" alt=\"EVB DC gyorst\u00f6lt\u0151 sorozat nyilv\u00e1nos \u00e9s kereskedelmi elektromos t\u00f6lt\u0151alkalmaz\u00e1sokhoz\" class=\"wp-image-38753\" srcset=\"https:\/\/www.evb.com\/wp-content\/uploads\/2026\/01\/20251217-163915.jpeg 2560w, https:\/\/www.evb.com\/wp-content\/uploads\/2026\/01\/20251217-163915-1536x960.jpeg 1536w, https:\/\/www.evb.com\/wp-content\/uploads\/2026\/01\/20251217-163915-2048x1280.jpeg 2048w, https:\/\/www.evb.com\/wp-content\/uploads\/2026\/01\/20251217-163915-18x12.jpeg 18w, https:\/\/www.evb.com\/wp-content\/uploads\/2026\/01\/20251217-163915-600x375.jpeg 600w, https:\/\/www.evb.com\/wp-content\/uploads\/2026\/01\/20251217-163915-768x480.jpeg 768w\" sizes=\"auto, (max-width: 2560px) 100vw, 2560px\" \/><figcaption class=\"wp-element-caption\"><a href=\"https:\/\/www.evb.com\/hu\/\">EVB Komplett elektromos aut\u00f3 t\u00f6lt\u00e9si megold\u00e1sok<\/a><\/figcaption><\/figure>\n\n\n\n<p>A dinamikus energiagazd\u00e1lkod\u00e1s akkor teremti meg a legnagyobb \u00e9rt\u00e9ket, ha egy olyan platformon fut, amelyet erre a c\u00e9lra terveztek. <strong>b\u0151v\u00edt\u00e9s, \u00fczemeltet\u00e9s \u00e9s hossz\u00fa t\u00e1v\u00fa alkalmazkod\u00f3k\u00e9pess\u00e9g<\/strong>Az EVB egyen\u00e1ram\u00fa t\u00f6lt\u00e9si megold\u00e1sai t\u00e1mogatj\u00e1k a t\u00f6bb t\u00f6lt\u0151\u00e1llom\u00e1sos elrendez\u00e9seket \u00e9s a szakaszos b\u0151v\u00edt\u00e9si strat\u00e9gi\u00e1kat, lehet\u0151v\u00e9 t\u00e9ve az \u00fczemeltet\u0151k sz\u00e1m\u00e1ra, hogy a mai forgalmi ig\u00e9nyekkel kezdj\u00e9k, \u00e9s a kereslet n\u00f6veked\u00e9s\u00e9vel b\u0151v\u00edts\u00e9k a szolg\u00e1ltat\u00e1saikat.<\/p>\n\n\n\n<p>Az \u00fczemeltet\u0151k sz\u00e1m\u00e1ra a dinamikus energiagazd\u00e1lkod\u00e1s nemcsak a telephely ma t\u00f6rt\u00e9n\u0151 biztons\u00e1gos m\u0171k\u00f6dtet\u00e9s\u00e9r\u0151l sz\u00f3l. Arr\u00f3l is, hogy olyan telephelyet \u00e9p\u00edtsenek, amely holnap is b\u0151v\u00edthet\u0151 felesleges \u00e1ttervez\u00e9s vagy csere n\u00e9lk\u00fcl.<\/p>\n\n\n\n<p>Ha korl\u00e1tozott h\u00e1l\u00f3zati kapacit\u00e1ssal, v\u00e1ltoz\u00f3 forgalommal vagy ambici\u00f3zus n\u00f6veked\u00e9si c\u00e9lokkal rendelkez\u0151 egyen\u00e1ram\u00fa gyorst\u00f6lt\u0151 \u00e1llom\u00e1st tervez vagy korszer\u0171s\u00edt, az EVB seg\u00edthet a telephely k\u00f6r\u00fclm\u00e9nyeinek \u00e1ttekint\u00e9s\u00e9ben \u00e9s egy praktikusabb energiastrat\u00e9gia megvitat\u00e1s\u00e1ban.<\/p>\n\n\n\n<p><strong>Szeretn\u00e9 felm\u00e9rni, hogy a dinamikus energiagazd\u00e1lkod\u00e1s illeszkedik-e az \u00d6n telephely\u00e9hez? <a href=\"https:\/\/www.evb.com\/hu\/lets-connect\/\">Kapcsolatfelv\u00e9tel az EVB-vel <\/a>hogy megbesz\u00e9lj\u00fck a telephely m\u00e9ret\u00e9t, a h\u00e1l\u00f3zati felt\u00e9teleket \u00e9s a bevezet\u00e9si tervet.<\/strong><\/p>\n\n\n\n<hr class=\"wp-block-separator has-alpha-channel-opacity\"\/>\n\n\n\n<h2 class=\"wp-block-heading\"><strong>GYIK<\/strong><\/h2>\n\n\n\n<h3 class=\"wp-block-heading\">Mi a dinamikus energiagazd\u00e1lkod\u00e1s az elektromos j\u00e1rm\u0171vek t\u00f6lt\u00e9s\u00e9n\u00e9l?<\/h3>\n\n\n\n<p>A dinamikus energiagazd\u00e1lkod\u00e1s azt a k\u00e9pess\u00e9get jelenti, hogy egy telephelyen el\u00e9rhet\u0151 t\u00f6lt\u00e9si teljes\u00edtm\u00e9nyt val\u00f3s id\u0151ben ossza el t\u00f6bb t\u00f6lt\u0151 \u00e9s csatlakoz\u00f3 k\u00f6z\u00f6tt. Seg\u00edt a telephelynek a teljes\u00edtm\u00e9nykorl\u00e1tj\u00e1n bel\u00fcl maradni, mik\u00f6zben jav\u00edtja a kihaszn\u00e1lts\u00e1got \u00e9s a m\u0171k\u00f6d\u00e9si stabilit\u00e1st.<\/p>\n\n\n\n<h3 class=\"wp-block-heading\">A dinamikus energiagazd\u00e1lkod\u00e1s ugyanaz, mint az energiamegoszt\u00e1s?<\/h3>\n\n\n\n<p>Szorosan \u00f6sszef\u00fcggenek. Az energiamegoszt\u00e1s \u00e1ltal\u00e1ban azt \u00edrja le, hogyan oszlik meg az energia a t\u00f6lt\u0151k vagy csatlakoz\u00f3k k\u00f6z\u00f6tt. A dinamikus energiagazd\u00e1lkod\u00e1s a t\u00e1gabb, telephelyi szint\u0171 c\u00e9lkit\u0171z\u00e9st hangs\u00falyozza: a telephely korl\u00e1tain bel\u00fcl maradni, mik\u00f6zben a t\u00f6lt\u00e9si m\u0171velet produkt\u00edv \u00e9s stabil marad.<\/p>\n\n\n\n<h3 class=\"wp-block-heading\">Cs\u00f6kkentheti-e a dinamikus energiagazd\u00e1lkod\u00e1s a cs\u00facsid\u0151szaki ig\u00e9nyek kock\u00e1zat\u00e1t?<\/h3>\n\n\n\n<p>Igen. Az\u00e1ltal, hogy szab\u00e1lyozza az egyidej\u0171leg felhaszn\u00e1lt energia mennyis\u00e9g\u00e9t, cs\u00f6kkentheti a sz\u00e9ls\u0151s\u00e9ges cs\u00facsid\u0151szakokat. A t\u00e9nyleges hat\u00e1s a tarifastrukt\u00far\u00e1t\u00f3l, a telephelyi szab\u00e1lyzatt\u00f3l \u00e9s att\u00f3l f\u00fcgg, hogy a telephely haszn\u00e1l-e t\u00e1rol\u00e1si vagy t\u00f6lt\u00e9si \u00fctemterveket is.<\/p>\n\n\n\n<h3 class=\"wp-block-heading\">A dinamikus t\u00f6lt\u00e9s extra hardvert ig\u00e9nyel?<\/h3>\n\n\n\n<p>Gyakran m\u00e9r\u00e9st \u00e9s koordin\u00e1ci\u00f3t ig\u00e9nyel. Egyes telephelyek tov\u00e1bbi m\u00e9r\u0151eszk\u00f6z\u00f6ket vagy telephelyszint\u0171 vez\u00e9rl\u0151ket haszn\u00e1lnak, k\u00fcl\u00f6n\u00f6sen akkor, ha a nem t\u00f6lt\u0151\u00e1ram\u00fa terhel\u00e9seket vagy az exporttilalmi szab\u00e1lyokat is figyelembe kell venni.<\/p>\n\n\n\n<h3 class=\"wp-block-heading\">A dinamikus energiagazd\u00e1lkod\u00e1s csak AC t\u00f6lt\u00e9sn\u00e9l hasznos?<\/h3>\n\n\n\n<p>Nem. Nagyon relev\u00e1ns a k\u00f6vetkez\u0151k szempontj\u00e1b\u00f3l: <strong>DC gyorst\u00f6lt\u00e9s<\/strong>, ahol a teljes\u00edtm\u00e9nyszint magasabb, az ig\u00e9ny egyenetlenebb, \u00e9s a t\u00falterhel\u00e9sek vagy kiold\u00e1sok k\u00f6lts\u00e9ge sokkal nagyobb.<\/p>\n\n\n\n<h3 class=\"wp-block-heading\">Mi a legnagyobb hiba a dinamikus t\u00f6lt\u00e9s enged\u00e9lyez\u00e9sekor?<\/h3>\n\n\n\n<p>Sebess\u00e9gn\u00f6vel\u00e9sk\u00e9nt kezelve. Az igazi \u00e9rt\u00e9k a telephely-kezel\u00e9si strat\u00e9giak\u00e9nt val\u00f3 haszn\u00e1latb\u00f3l ad\u00f3dik: a minim\u00e1lis energiafogyaszt\u00e1si szab\u00e1lyok, a priorit\u00e1si logika, a biztons\u00e1gos korl\u00e1tok \u00e9s a szakaszos b\u0151v\u00edt\u00e9si terv mind sz\u00e1m\u00edtanak.<\/p>\n\n\n\n<hr class=\"wp-block-separator has-alpha-channel-opacity\"\/>\n\n\n\n<p><strong>V\u00e9gs\u0151 k\u00f6vetkeztet\u00e9s:<\/strong> A dinamikus energiagazd\u00e1lkod\u00e1s l\u00e9nyeg\u00e9ben egy telephelyet a \u201esok t\u00f6lt\u0151vel rendelkez\u0151 helyb\u0151l\u201d azz\u00e1 v\u00e1ltoztat, <strong>egy olyan t\u00f6lt\u0151kapacit\u00e1ssal rendelkez\u0151 helysz\u00edn, amely t\u00e9nylegesen m\u0171k\u00f6dik, amikor a val\u00f3di \u00fczemi nyom\u00e1s megkezd\u0151dik<\/strong>.<\/p>","protected":false},"excerpt":{"rendered":"<p>In DC charging, dynamic power management means adjusting and distributing a site\u2019s available power in real time across multiple chargers and connectors.Its purpose is simple: help a charging site serve more vehicles, stay within its grid limit, and keep running reliably when real traffic conditions start to put pressure on the site. Put more simply, [&hellip;]<\/p>","protected":false},"author":3,"featured_media":38800,"comment_status":"open","ping_status":"open","sticky":false,"template":"","format":"standard","meta":{"footnotes":""},"categories":[26],"tags":[207,209,205,206,204,208,137,210,167],"class_list":["post-39286","post","type-post","status-publish","format-standard","has-post-thumbnail","hentry","category-blog","tag-charging-site-design","tag-cpo-operations","tag-dc-fast-charging","tag-dynamic-charging","tag-dynamic-load-management","tag-dynamic-power-management","tag-ev-charging-infrastructure","tag-evb-dc-charger","tag-power-sharing"],"acf":[],"yoast_head":"<!-- This site is optimized with the Yoast SEO plugin v27.4 - https:\/\/yoast.com\/product\/yoast-seo-wordpress\/ -->\n<title>What Is Dynamic Power Management? DC Fast Charging Guide (2026)<\/title>\n<meta name=\"description\" content=\"What is dynamic power management in EV charging? Learn how DC fast charging sites use real-time power allocation to improve utilization, stability, and scalability.\" \/>\n<meta name=\"robots\" content=\"index, follow, max-snippet:-1, max-image-preview:large, max-video-preview:-1\" \/>\n<link rel=\"canonical\" href=\"https:\/\/www.evb.com\/hu\/what-is-dynamic-power-management-a-2026-guide-for-dc-fast-charging-sites\/\" \/>\n<meta property=\"og:locale\" content=\"hu_HU\" \/>\n<meta property=\"og:type\" content=\"article\" \/>\n<meta property=\"og:title\" content=\"What Is Dynamic Power Management? DC Fast Charging Guide (2026)\" \/>\n<meta property=\"og:description\" content=\"What is dynamic power management in EV charging? Learn how DC fast charging sites use real-time power allocation to improve utilization, stability, and scalability.\" \/>\n<meta property=\"og:url\" content=\"https:\/\/www.evb.com\/hu\/what-is-dynamic-power-management-a-2026-guide-for-dc-fast-charging-sites\/\" \/>\n<meta property=\"og:site_name\" content=\"EVB\" \/>\n<meta property=\"article:published_time\" content=\"2026-03-14T02:39:48+00:00\" \/>\n<meta property=\"article:modified_time\" content=\"2026-03-14T03:10:41+00:00\" \/>\n<meta property=\"og:image\" content=\"https:\/\/www.evb.com\/wp-content\/uploads\/2023\/09\/Fast-Efficient-and-Safe-3-Guns-EV-DC-Fast-Charger.webp\" \/>\n\t<meta property=\"og:image:width\" content=\"1280\" \/>\n\t<meta property=\"og:image:height\" content=\"719\" \/>\n\t<meta property=\"og:image:type\" content=\"image\/webp\" \/>\n<meta name=\"author\" content=\"evb\" \/>\n<meta name=\"twitter:card\" content=\"summary_large_image\" \/>\n<meta name=\"twitter:label1\" content=\"Szerz\u0151:\" \/>\n\t<meta name=\"twitter:data1\" content=\"evb\" \/>\n\t<meta name=\"twitter:label2\" content=\"Becs\u00fclt olvas\u00e1si id\u0151\" \/>\n\t<meta name=\"twitter:data2\" content=\"9 perc\" \/>\n<script type=\"application\/ld+json\" class=\"yoast-schema-graph\">{\"@context\":\"https:\\\/\\\/schema.org\",\"@graph\":[{\"@type\":\"Article\",\"@id\":\"https:\\\/\\\/www.evb.com\\\/what-is-dynamic-power-management-a-2026-guide-for-dc-fast-charging-sites\\\/#article\",\"isPartOf\":{\"@id\":\"https:\\\/\\\/www.evb.com\\\/what-is-dynamic-power-management-a-2026-guide-for-dc-fast-charging-sites\\\/\"},\"author\":{\"name\":\"evb\",\"@id\":\"https:\\\/\\\/www.evb.com\\\/#\\\/schema\\\/person\\\/fe8f0137976034abdfd2ae4f8c5682d0\"},\"headline\":\"What Is Dynamic Power Management? A 2026 Guide for DC Fast Charging Sites\",\"datePublished\":\"2026-03-14T02:39:48+00:00\",\"dateModified\":\"2026-03-14T03:10:41+00:00\",\"mainEntityOfPage\":{\"@id\":\"https:\\\/\\\/www.evb.com\\\/what-is-dynamic-power-management-a-2026-guide-for-dc-fast-charging-sites\\\/\"},\"wordCount\":1914,\"commentCount\":0,\"publisher\":{\"@id\":\"https:\\\/\\\/www.evb.com\\\/#organization\"},\"image\":{\"@id\":\"https:\\\/\\\/www.evb.com\\\/what-is-dynamic-power-management-a-2026-guide-for-dc-fast-charging-sites\\\/#primaryimage\"},\"thumbnailUrl\":\"https:\\\/\\\/www.evb.com\\\/wp-content\\\/uploads\\\/2023\\\/09\\\/Fast-Efficient-and-Safe-3-Guns-EV-DC-Fast-Charger.webp\",\"keywords\":[\"charging site design\",\"CPO operations\",\"DC fast charging\",\"dynamic charging\",\"dynamic load management\",\"dynamic power management\",\"EV charging infrastructure\",\"EVB DC charger\",\"Power sharing\"],\"articleSection\":[\"Blog\"],\"inLanguage\":\"hu\",\"potentialAction\":[{\"@type\":\"CommentAction\",\"name\":\"Comment\",\"target\":[\"https:\\\/\\\/www.evb.com\\\/what-is-dynamic-power-management-a-2026-guide-for-dc-fast-charging-sites\\\/#respond\"]}]},{\"@type\":\"WebPage\",\"@id\":\"https:\\\/\\\/www.evb.com\\\/what-is-dynamic-power-management-a-2026-guide-for-dc-fast-charging-sites\\\/\",\"url\":\"https:\\\/\\\/www.evb.com\\\/what-is-dynamic-power-management-a-2026-guide-for-dc-fast-charging-sites\\\/\",\"name\":\"What Is Dynamic Power Management? DC Fast Charging Guide (2026)\",\"isPartOf\":{\"@id\":\"https:\\\/\\\/www.evb.com\\\/#website\"},\"primaryImageOfPage\":{\"@id\":\"https:\\\/\\\/www.evb.com\\\/what-is-dynamic-power-management-a-2026-guide-for-dc-fast-charging-sites\\\/#primaryimage\"},\"image\":{\"@id\":\"https:\\\/\\\/www.evb.com\\\/what-is-dynamic-power-management-a-2026-guide-for-dc-fast-charging-sites\\\/#primaryimage\"},\"thumbnailUrl\":\"https:\\\/\\\/www.evb.com\\\/wp-content\\\/uploads\\\/2023\\\/09\\\/Fast-Efficient-and-Safe-3-Guns-EV-DC-Fast-Charger.webp\",\"datePublished\":\"2026-03-14T02:39:48+00:00\",\"dateModified\":\"2026-03-14T03:10:41+00:00\",\"description\":\"What is dynamic power management in EV charging? Learn how DC fast charging sites use real-time power allocation to improve utilization, stability, and scalability.\",\"breadcrumb\":{\"@id\":\"https:\\\/\\\/www.evb.com\\\/what-is-dynamic-power-management-a-2026-guide-for-dc-fast-charging-sites\\\/#breadcrumb\"},\"inLanguage\":\"hu\",\"potentialAction\":[{\"@type\":\"ReadAction\",\"target\":[\"https:\\\/\\\/www.evb.com\\\/what-is-dynamic-power-management-a-2026-guide-for-dc-fast-charging-sites\\\/\"]}]},{\"@type\":\"ImageObject\",\"inLanguage\":\"hu\",\"@id\":\"https:\\\/\\\/www.evb.com\\\/what-is-dynamic-power-management-a-2026-guide-for-dc-fast-charging-sites\\\/#primaryimage\",\"url\":\"https:\\\/\\\/www.evb.com\\\/wp-content\\\/uploads\\\/2023\\\/09\\\/Fast-Efficient-and-Safe-3-Guns-EV-DC-Fast-Charger.webp\",\"contentUrl\":\"https:\\\/\\\/www.evb.com\\\/wp-content\\\/uploads\\\/2023\\\/09\\\/Fast-Efficient-and-Safe-3-Guns-EV-DC-Fast-Charger.webp\",\"width\":1280,\"height\":719,\"caption\":\"Fast, Efficient and Safe 3 Guns EV DC Fast Charger\"},{\"@type\":\"BreadcrumbList\",\"@id\":\"https:\\\/\\\/www.evb.com\\\/what-is-dynamic-power-management-a-2026-guide-for-dc-fast-charging-sites\\\/#breadcrumb\",\"itemListElement\":[{\"@type\":\"ListItem\",\"position\":1,\"name\":\"Home\",\"item\":\"https:\\\/\\\/www.evb.com\\\/\"},{\"@type\":\"ListItem\",\"position\":2,\"name\":\"What Is Dynamic Power Management? A 2026 Guide for DC Fast Charging Sites\"}]},{\"@type\":\"WebSite\",\"@id\":\"https:\\\/\\\/www.evb.com\\\/#website\",\"url\":\"https:\\\/\\\/www.evb.com\\\/\",\"name\":\"EVB\",\"description\":\"Smart EV Charging &amp; Energy Storage Solutions\",\"publisher\":{\"@id\":\"https:\\\/\\\/www.evb.com\\\/#organization\"},\"potentialAction\":[{\"@type\":\"SearchAction\",\"target\":{\"@type\":\"EntryPoint\",\"urlTemplate\":\"https:\\\/\\\/www.evb.com\\\/?s={search_term_string}\"},\"query-input\":{\"@type\":\"PropertyValueSpecification\",\"valueRequired\":true,\"valueName\":\"search_term_string\"}}],\"inLanguage\":\"hu\"},{\"@type\":\"Organization\",\"@id\":\"https:\\\/\\\/www.evb.com\\\/#organization\",\"name\":\"EVB\",\"url\":\"https:\\\/\\\/www.evb.com\\\/\",\"logo\":{\"@type\":\"ImageObject\",\"inLanguage\":\"hu\",\"@id\":\"https:\\\/\\\/www.evb.com\\\/#\\\/schema\\\/logo\\\/image\\\/\",\"url\":\"https:\\\/\\\/www.evb.com\\\/wp-content\\\/uploads\\\/2021\\\/03\\\/evb-3.png\",\"contentUrl\":\"https:\\\/\\\/www.evb.com\\\/wp-content\\\/uploads\\\/2021\\\/03\\\/evb-3.png\",\"width\":605,\"height\":626,\"caption\":\"EVB\"},\"image\":{\"@id\":\"https:\\\/\\\/www.evb.com\\\/#\\\/schema\\\/logo\\\/image\\\/\"}},{\"@type\":\"Person\",\"@id\":\"https:\\\/\\\/www.evb.com\\\/#\\\/schema\\\/person\\\/fe8f0137976034abdfd2ae4f8c5682d0\",\"name\":\"evb\",\"image\":{\"@type\":\"ImageObject\",\"inLanguage\":\"hu\",\"@id\":\"https:\\\/\\\/secure.gravatar.com\\\/avatar\\\/6919cc4e91e3745783933e1263b15b0bed21b5e46f2b1e21643aa8b29240d0f7?s=96&d=mm&r=g\",\"url\":\"https:\\\/\\\/secure.gravatar.com\\\/avatar\\\/6919cc4e91e3745783933e1263b15b0bed21b5e46f2b1e21643aa8b29240d0f7?s=96&d=mm&r=g\",\"contentUrl\":\"https:\\\/\\\/secure.gravatar.com\\\/avatar\\\/6919cc4e91e3745783933e1263b15b0bed21b5e46f2b1e21643aa8b29240d0f7?s=96&d=mm&r=g\",\"caption\":\"evb\"}}]}<\/script>\n<!-- \/ Yoast SEO plugin. -->","yoast_head_json":{"title":"What Is Dynamic Power Management? DC Fast Charging Guide (2026)","description":"What is dynamic power management in EV charging? Learn how DC fast charging sites use real-time power allocation to improve utilization, stability, and scalability.","robots":{"index":"index","follow":"follow","max-snippet":"max-snippet:-1","max-image-preview":"max-image-preview:large","max-video-preview":"max-video-preview:-1"},"canonical":"https:\/\/www.evb.com\/hu\/what-is-dynamic-power-management-a-2026-guide-for-dc-fast-charging-sites\/","og_locale":"hu_HU","og_type":"article","og_title":"What Is Dynamic Power Management? DC Fast Charging Guide (2026)","og_description":"What is dynamic power management in EV charging? Learn how DC fast charging sites use real-time power allocation to improve utilization, stability, and scalability.","og_url":"https:\/\/www.evb.com\/hu\/what-is-dynamic-power-management-a-2026-guide-for-dc-fast-charging-sites\/","og_site_name":"EVB","article_published_time":"2026-03-14T02:39:48+00:00","article_modified_time":"2026-03-14T03:10:41+00:00","og_image":[{"width":1280,"height":719,"url":"https:\/\/www.evb.com\/wp-content\/uploads\/2023\/09\/Fast-Efficient-and-Safe-3-Guns-EV-DC-Fast-Charger.webp","type":"image\/webp"}],"author":"evb","twitter_card":"summary_large_image","twitter_misc":{"Szerz\u0151:":"evb","Becs\u00fclt olvas\u00e1si id\u0151":"9 perc"},"schema":{"@context":"https:\/\/schema.org","@graph":[{"@type":"Article","@id":"https:\/\/www.evb.com\/what-is-dynamic-power-management-a-2026-guide-for-dc-fast-charging-sites\/#article","isPartOf":{"@id":"https:\/\/www.evb.com\/what-is-dynamic-power-management-a-2026-guide-for-dc-fast-charging-sites\/"},"author":{"name":"evb","@id":"https:\/\/www.evb.com\/#\/schema\/person\/fe8f0137976034abdfd2ae4f8c5682d0"},"headline":"What Is Dynamic Power Management? A 2026 Guide for DC Fast Charging Sites","datePublished":"2026-03-14T02:39:48+00:00","dateModified":"2026-03-14T03:10:41+00:00","mainEntityOfPage":{"@id":"https:\/\/www.evb.com\/what-is-dynamic-power-management-a-2026-guide-for-dc-fast-charging-sites\/"},"wordCount":1914,"commentCount":0,"publisher":{"@id":"https:\/\/www.evb.com\/#organization"},"image":{"@id":"https:\/\/www.evb.com\/what-is-dynamic-power-management-a-2026-guide-for-dc-fast-charging-sites\/#primaryimage"},"thumbnailUrl":"https:\/\/www.evb.com\/wp-content\/uploads\/2023\/09\/Fast-Efficient-and-Safe-3-Guns-EV-DC-Fast-Charger.webp","keywords":["charging site design","CPO operations","DC fast charging","dynamic charging","dynamic load management","dynamic power management","EV charging infrastructure","EVB DC charger","Power sharing"],"articleSection":["Blog"],"inLanguage":"hu","potentialAction":[{"@type":"CommentAction","name":"Comment","target":["https:\/\/www.evb.com\/what-is-dynamic-power-management-a-2026-guide-for-dc-fast-charging-sites\/#respond"]}]},{"@type":"WebPage","@id":"https:\/\/www.evb.com\/what-is-dynamic-power-management-a-2026-guide-for-dc-fast-charging-sites\/","url":"https:\/\/www.evb.com\/what-is-dynamic-power-management-a-2026-guide-for-dc-fast-charging-sites\/","name":"What Is Dynamic Power Management? DC Fast Charging Guide (2026)","isPartOf":{"@id":"https:\/\/www.evb.com\/#website"},"primaryImageOfPage":{"@id":"https:\/\/www.evb.com\/what-is-dynamic-power-management-a-2026-guide-for-dc-fast-charging-sites\/#primaryimage"},"image":{"@id":"https:\/\/www.evb.com\/what-is-dynamic-power-management-a-2026-guide-for-dc-fast-charging-sites\/#primaryimage"},"thumbnailUrl":"https:\/\/www.evb.com\/wp-content\/uploads\/2023\/09\/Fast-Efficient-and-Safe-3-Guns-EV-DC-Fast-Charger.webp","datePublished":"2026-03-14T02:39:48+00:00","dateModified":"2026-03-14T03:10:41+00:00","description":"What is dynamic power management in EV charging? Learn how DC fast charging sites use real-time power allocation to improve utilization, stability, and scalability.","breadcrumb":{"@id":"https:\/\/www.evb.com\/what-is-dynamic-power-management-a-2026-guide-for-dc-fast-charging-sites\/#breadcrumb"},"inLanguage":"hu","potentialAction":[{"@type":"ReadAction","target":["https:\/\/www.evb.com\/what-is-dynamic-power-management-a-2026-guide-for-dc-fast-charging-sites\/"]}]},{"@type":"ImageObject","inLanguage":"hu","@id":"https:\/\/www.evb.com\/what-is-dynamic-power-management-a-2026-guide-for-dc-fast-charging-sites\/#primaryimage","url":"https:\/\/www.evb.com\/wp-content\/uploads\/2023\/09\/Fast-Efficient-and-Safe-3-Guns-EV-DC-Fast-Charger.webp","contentUrl":"https:\/\/www.evb.com\/wp-content\/uploads\/2023\/09\/Fast-Efficient-and-Safe-3-Guns-EV-DC-Fast-Charger.webp","width":1280,"height":719,"caption":"Fast, Efficient and Safe 3 Guns EV DC Fast Charger"},{"@type":"BreadcrumbList","@id":"https:\/\/www.evb.com\/what-is-dynamic-power-management-a-2026-guide-for-dc-fast-charging-sites\/#breadcrumb","itemListElement":[{"@type":"ListItem","position":1,"name":"Home","item":"https:\/\/www.evb.com\/"},{"@type":"ListItem","position":2,"name":"What Is Dynamic Power Management? A 2026 Guide for DC Fast Charging Sites"}]},{"@type":"WebSite","@id":"https:\/\/www.evb.com\/#website","url":"https:\/\/www.evb.com\/","name":"EVB","description":"Smart EV Charging &amp; Energy Storage Solutions","publisher":{"@id":"https:\/\/www.evb.com\/#organization"},"potentialAction":[{"@type":"SearchAction","target":{"@type":"EntryPoint","urlTemplate":"https:\/\/www.evb.com\/?s={search_term_string}"},"query-input":{"@type":"PropertyValueSpecification","valueRequired":true,"valueName":"search_term_string"}}],"inLanguage":"hu"},{"@type":"Organization","@id":"https:\/\/www.evb.com\/#organization","name":"EVB","url":"https:\/\/www.evb.com\/","logo":{"@type":"ImageObject","inLanguage":"hu","@id":"https:\/\/www.evb.com\/#\/schema\/logo\/image\/","url":"https:\/\/www.evb.com\/wp-content\/uploads\/2021\/03\/evb-3.png","contentUrl":"https:\/\/www.evb.com\/wp-content\/uploads\/2021\/03\/evb-3.png","width":605,"height":626,"caption":"EVB"},"image":{"@id":"https:\/\/www.evb.com\/#\/schema\/logo\/image\/"}},{"@type":"Person","@id":"https:\/\/www.evb.com\/#\/schema\/person\/fe8f0137976034abdfd2ae4f8c5682d0","name":"evb","image":{"@type":"ImageObject","inLanguage":"hu","@id":"https:\/\/secure.gravatar.com\/avatar\/6919cc4e91e3745783933e1263b15b0bed21b5e46f2b1e21643aa8b29240d0f7?s=96&d=mm&r=g","url":"https:\/\/secure.gravatar.com\/avatar\/6919cc4e91e3745783933e1263b15b0bed21b5e46f2b1e21643aa8b29240d0f7?s=96&d=mm&r=g","contentUrl":"https:\/\/secure.gravatar.com\/avatar\/6919cc4e91e3745783933e1263b15b0bed21b5e46f2b1e21643aa8b29240d0f7?s=96&d=mm&r=g","caption":"evb"}}]}},"_links":{"self":[{"href":"https:\/\/www.evb.com\/hu\/wp-json\/wp\/v2\/posts\/39286","targetHints":{"allow":["GET"]}}],"collection":[{"href":"https:\/\/www.evb.com\/hu\/wp-json\/wp\/v2\/posts"}],"about":[{"href":"https:\/\/www.evb.com\/hu\/wp-json\/wp\/v2\/types\/post"}],"author":[{"embeddable":true,"href":"https:\/\/www.evb.com\/hu\/wp-json\/wp\/v2\/users\/3"}],"replies":[{"embeddable":true,"href":"https:\/\/www.evb.com\/hu\/wp-json\/wp\/v2\/comments?post=39286"}],"version-history":[{"count":6,"href":"https:\/\/www.evb.com\/hu\/wp-json\/wp\/v2\/posts\/39286\/revisions"}],"predecessor-version":[{"id":39293,"href":"https:\/\/www.evb.com\/hu\/wp-json\/wp\/v2\/posts\/39286\/revisions\/39293"}],"wp:featuredmedia":[{"embeddable":true,"href":"https:\/\/www.evb.com\/hu\/wp-json\/wp\/v2\/media\/38800"}],"wp:attachment":[{"href":"https:\/\/www.evb.com\/hu\/wp-json\/wp\/v2\/media?parent=39286"}],"wp:term":[{"taxonomy":"category","embeddable":true,"href":"https:\/\/www.evb.com\/hu\/wp-json\/wp\/v2\/categories?post=39286"},{"taxonomy":"post_tag","embeddable":true,"href":"https:\/\/www.evb.com\/hu\/wp-json\/wp\/v2\/tags?post=39286"}],"curies":[{"name":"wp","href":"https:\/\/api.w.org\/{rel}","templated":true}]}}