{"id":8978,"date":"2023-12-13T09:38:18","date_gmt":"2023-12-13T01:38:18","guid":{"rendered":"https:\/\/www.evb.com\/?p=8978"},"modified":"2024-02-29T11:21:01","modified_gmt":"2024-02-29T03:21:01","slug":"evbs-smart-wall-mounted-ac-ev-charger","status":"publish","type":"post","link":"https:\/\/www.evb.com\/hu\/evbs-smart-wall-mounted-ac-ev-charger\/","title":{"rendered":"Az EVB intelligens fali, AC elektromos j\u00e1rm\u0171t\u00f6lt\u0151je: Futurisztikus megk\u00f6zel\u00edt\u00e9s az elektromos j\u00e1rm\u0171vek t\u00f6lt\u00e9s\u00e9hez"},"content":{"rendered":"<p>Az elektromos j\u00e1rm\u0171vek (EV) t\u00f6lt\u00e9si ipar\u00e1g\u00e1nak \u00e9lharcosak\u00e9nt, <a href=\"https:\/\/www.evb.com\/hu\">EVB<\/a> k\u00f6vetkezetesen emeli a l\u00e9cet innovat\u00edv megold\u00e1sokkal, amelyek \u00fajra\u00e9rtelmezik a t\u00f6lt\u00e9si \u00e9lm\u00e9nyt. A kiv\u00e1l\u00f3s\u00e1g ir\u00e1nti elk\u00f6telezetts\u00e9g\u00fcnket \u00e9l\u00e9nken t\u00fckr\u00f6zi a falra szerelhet\u0151 AC EV Charger, egy kifinomult \u00e9s intelligens t\u00f6lt\u00e9si megold\u00e1s, amelyet a modern elektromosj\u00e1rm\u0171-felhaszn\u00e1l\u00f3k sokr\u00e9t\u0171 ig\u00e9nyeinek kiel\u00e9g\u00edt\u00e9s\u00e9re terveztek. Fedezz\u00fck fel azokat a megk\u00fcl\u00f6nb\u00f6ztet\u0151 jellemz\u0151ket, amelyek meghat\u00e1rozz\u00e1k... <a href=\"https:\/\/www.evb.com\/hu\/product-item\/ac-ev-charger-with-socket-2\/\">falra szerelhet\u0151 elektromos aut\u00f3 t\u00f6lt\u0151<\/a> k\u00fcl\u00f6n kiemelve az elektromos j\u00e1rm\u0171vek t\u00f6lt\u00e9s\u00e9nek intelligens \u00e9s felhaszn\u00e1l\u00f3bar\u00e1t megk\u00f6zel\u00edt\u00e9s\u00e9t.<\/p>\n\n\n\n<figure class=\"wp-block-image size-full\"><img loading=\"lazy\" decoding=\"async\" width=\"1280\" height=\"720\" src=\"https:\/\/www.evb.com\/wp-content\/uploads\/2023\/12\/18.jpg\" alt=\"18\" class=\"wp-image-8979\" srcset=\"https:\/\/www.evb.com\/wp-content\/uploads\/2023\/12\/18.jpg 1280w, https:\/\/www.evb.com\/wp-content\/uploads\/2023\/12\/18-600x338.jpg 600w, https:\/\/www.evb.com\/wp-content\/uploads\/2023\/12\/18-768x432.jpg 768w\" sizes=\"auto, (max-width: 1280px) 100vw, 1280px\" \/><\/figure>\n\n\n\n<h2 class=\"wp-block-heading\">\u00datt\u00f6r\u0151 szerepet t\u00f6lt\u00fcnk be az elektromos j\u00e1rm\u0171vek t\u00f6lt\u00e9s\u00e9ben<\/h2>\n\n\n\n<p>Az EVB az innov\u00e1ci\u00f3 \u00e9s a megb\u00edzhat\u00f3s\u00e1g z\u00e1szl\u00f3viv\u0151je az elektromos j\u00e1rm\u0171 t\u00f6lt\u00e9si szektorban. El\u0151rel\u00e1t\u00f3 megk\u00f6zel\u00edt\u00e9s\u00fcnkkel \u00e9s a felhaszn\u00e1l\u00f3k\u00f6zpont\u00fa tervez\u00e9s ir\u00e1nti elk\u00f6telezetts\u00e9g\u00fcnkkel folyamatosan arra t\u00f6reksz\u00fcnk, hogy olyan megold\u00e1sokat k\u00edn\u00e1ljunk, amelyek nemcsak megfelelnek, hanem t\u00fal is sz\u00e1rnyalj\u00e1k az elektromos j\u00e1rm\u0171 felhaszn\u00e1l\u00f3k elv\u00e1r\u00e1sait. Falra szerelhet\u0151, v\u00e1ltakoz\u00f3 \u00e1ram\u00fa elektromos j\u00e1rm\u0171t\u00f6lt\u0151nk ennek az elk\u00f6telezetts\u00e9gnek a bizony\u00edt\u00e9ka, amely a technol\u00f3gia, a hat\u00e9konys\u00e1g \u00e9s a felhaszn\u00e1l\u00f3i k\u00e9nyelem z\u00f6kken\u0151mentes \u00f6tv\u00f6zet\u00e9t k\u00edn\u00e1lja.<\/p>\n\n\n\n<h2 class=\"wp-block-heading\">Az intelligens fali, AC elektromos aut\u00f3 t\u00f6lt\u0151: \u00dajra\u00e9rtelmezi a t\u00f6lt\u00e9si dinamik\u00e1t<\/h2>\n\n\n\n<p>Az EVB falra szerelhet\u0151 AC EV Charger nem csup\u00e1n egy t\u00f6lt\u0151\u00e1llom\u00e1s; betekint\u00e9st ny\u00fajt az elektromos aut\u00f3t\u00f6lt\u00e9s j\u00f6v\u0151j\u00e9be. \u00cdme a legfontosabb jellemz\u0151k, amelyek miatt falra szerelhet\u0151 elektromos aut\u00f3t\u00f6lt\u0151nk intelligens \u00e9s futurisztikus v\u00e1laszt\u00e1s:<\/p>\n\n\n\n<p><strong>1. Intelligens alkalmaz\u00e1sintegr\u00e1ci\u00f3<\/strong><\/p>\n\n\n\n<p>AC elektromos aut\u00f3 t\u00f6lt\u0151nk egy okosalkalmaz\u00e1ssal van felszerelve, amely p\u00e9ld\u00e1tlan kontrollt k\u00edn\u00e1l a felhaszn\u00e1l\u00f3knak a t\u00f6lt\u00e9si folyamat felett. Az alkalmaz\u00e1s seg\u00edts\u00e9g\u00e9vel a felhaszn\u00e1l\u00f3k t\u00e1volr\u00f3l figyelhetik a t\u00f6lt\u00e9si folyamatokat, nyomon k\u00f6vethetik az energiafogyaszt\u00e1st, s\u0151t, ak\u00e1r \u00fctemezhetik a t\u00f6lt\u00e9si id\u0151ket is. Ez a k\u00e9nyelem \u00e9s testreszabhat\u00f3s\u00e1gi szint z\u00f6kken\u0151mentesen illeszkedik a mai elektromos aut\u00f3 felhaszn\u00e1l\u00f3k modern, \u00f6sszekapcsolt \u00e9letm\u00f3dj\u00e1hoz.<\/p>\n\n\n\n<p><strong>2. OCPP 1.6J protokoll<\/strong><\/p>\n\n\n\n<p>A t\u00f6lt\u0151 az Open Charge Point Protocol (OCPP) 1.6J szabv\u00e1nyt alkalmazza, amely egy sz\u00e9les k\u00f6rben elismert szabv\u00e1ny a t\u00f6lt\u0151\u00e1llom\u00e1sok \u00e9s a k\u00f6zponti kezel\u0151rendszerek k\u00f6z\u00f6tti kommunik\u00e1ci\u00f3ra. Ez biztos\u00edtja a kompatibilit\u00e1st \u00e9s az interoperabilit\u00e1st, lehet\u0151v\u00e9 t\u00e9ve a felhaszn\u00e1l\u00f3k sz\u00e1m\u00e1ra, hogy z\u00f6kken\u0151mentesen csatlakozhassanak \u00e9s kezelhess\u00e9k t\u00f6lt\u0151infrastrukt\u00far\u00e1jukat.<\/p>\n\n\n\n<p><strong>3. Sokoldal\u00fa csatlakoz\u00e1si lehet\u0151s\u00e9gek<\/strong><\/p>\n\n\n\n<p>Wi-Fi, Ethernet, Bluetooth \u00e9s 4G csatlakoz\u00e1si lehet\u0151s\u00e9gekkel fali t\u00f6lt\u0151nk sz\u00e1mos lehet\u0151s\u00e9get k\u00edn\u00e1l a felhaszn\u00e1l\u00f3knak a z\u00f6kken\u0151mentes kommunik\u00e1ci\u00f3hoz. Ak\u00e1r a Wi-Fi k\u00e9nyelm\u00e9t, az Ethernet megb\u00edzhat\u00f3s\u00e1g\u00e1t, a Bluetooth k\u00f6zels\u00e9g\u00e9t vagy a 4G mobilit\u00e1s\u00e1t r\u00e9szes\u00edtik el\u0151nyben, t\u00f6lt\u0151nk alkalmazkodik a k\u00fcl\u00f6nb\u00f6z\u0151 csatlakoz\u00e1si ig\u00e9nyekhez.<\/p>\n\n\n\n<p><strong>4. Teljes k\u00f6r\u0171 v\u00e9delmi mechanizmusok<\/strong><\/p>\n\n\n\n<p>Az elektromos j\u00e1rm\u0171vek t\u00f6lt\u00e9sekor a biztons\u00e1g a legfontosabb, \u00e9s fali t\u00f6lt\u0151nk a teljes k\u00f6r\u0171 v\u00e9delmet helyezi el\u0151t\u00e9rbe. A t\u00fal\u00e1ramv\u00e9delemt\u0151l a t\u00falmeleged\u00e9s elleni v\u00e9delemig az AC elektromos j\u00e1rm\u0171t\u00f6lt\u0151 biztons\u00e1gos \u00e9s megb\u00edzhat\u00f3 t\u00f6lt\u00e9si folyamatot biztos\u00edt, \u00edgy a felhaszn\u00e1l\u00f3k nyugodtak lehetnek.<\/p>\n\n\n\n<h2 class=\"wp-block-heading\">K\u00f6vetkeztet\u00e9s<\/h2>\n\n\n\n<p>Az EVB intelligens, falra szerelhet\u0151, v\u00e1ltakoz\u00f3 \u00e1ram\u00fa elektromos aut\u00f3 t\u00f6lt\u0151je nem csup\u00e1n egy t\u00f6lt\u00e9si megold\u00e1s; betekint\u00e9st ny\u00fajt az elektromos mobilit\u00e1s j\u00f6v\u0151j\u00e9be. Az olyan funkci\u00f3kkal, mint az intelligens alkalmaz\u00e1sintegr\u00e1ci\u00f3, az OCPP 1.6J protokoll, a sokoldal\u00fa csatlakoz\u00e1si lehet\u0151s\u00e9gek \u00e9s a robusztus v\u00e9delmi mechanizmusok, falra szerelhet\u0151 elektromos aut\u00f3 t\u00f6lt\u0151nk j\u00f3l p\u00e9ld\u00e1zza elk\u00f6telezetts\u00e9g\u00fcnket az intelligens, hat\u00e9kony \u00e9s a mai elektromos j\u00e1rm\u0171felhaszn\u00e1l\u00f3k ig\u00e9nyeire szabott t\u00f6lt\u00e9si \u00e9lm\u00e9ny biztos\u00edt\u00e1sa ir\u00e1nt. Csatlakozzon hozz\u00e1nk az elektromos mobilit\u00e1s j\u00f6v\u0151j\u00e9nek alak\u00edt\u00e1s\u00e1ban, ahol az EVB \u00e9len j\u00e1r a legmodernebb technol\u00f3gi\u00e1val \u00e9s a kiv\u00e1l\u00f3s\u00e1g ir\u00e1nti elk\u00f6telezetts\u00e9ggel.<\/p>","protected":false},"excerpt":{"rendered":"<p>As a frontrunner in the electric vehicle (EV) charging industry, EVB consistently raises the bar with innovative solutions that redefine the charging experience. Our commitment to excellence is vividly portrayed in the wall-mounted AC EV Charger, a sophisticated and intelligent charging solution designed to meet the diverse needs of modern EV users. Let&#8217;s explore the [&hellip;]<\/p>","protected":false},"author":3,"featured_media":9335,"comment_status":"open","ping_status":"open","sticky":false,"template":"","format":"standard","meta":{"footnotes":""},"categories":[48],"tags":[],"class_list":["post-8978","post","type-post","status-publish","format-standard","has-post-thumbnail","hentry","category-short-blog"],"acf":[],"yoast_head":"<!-- This site is optimized with the Yoast SEO plugin v27.4 - https:\/\/yoast.com\/product\/yoast-seo-wordpress\/ -->\n<title>EVB&#039;s Smart wall mounted AC EV Charger: A Futuristic Approach to Electric Vehicle Charging<\/title>\n<meta name=\"description\" content=\"Let&#039;s explore the distinctive features that set our wall-mounted electric car charger apart, emphasizing a smart and user-friendly approach to EV charging.\" \/>\n<meta name=\"robots\" content=\"index, follow, max-snippet:-1, max-image-preview:large, max-video-preview:-1\" \/>\n<link rel=\"canonical\" href=\"https:\/\/www.evb.com\/hu\/evbs-smart-wall-mounted-ac-ev-charger\/\" \/>\n<meta property=\"og:locale\" content=\"hu_HU\" \/>\n<meta property=\"og:type\" content=\"article\" \/>\n<meta property=\"og:title\" content=\"EVB&#039;s Smart wall mounted AC EV Charger: A Futuristic Approach to Electric Vehicle Charging\" \/>\n<meta property=\"og:description\" content=\"Let&#039;s explore the distinctive features that set our wall-mounted electric car charger apart, emphasizing a smart and user-friendly approach to EV charging.\" \/>\n<meta property=\"og:url\" content=\"https:\/\/www.evb.com\/hu\/evbs-smart-wall-mounted-ac-ev-charger\/\" \/>\n<meta property=\"og:site_name\" content=\"EVB\" \/>\n<meta property=\"article:published_time\" content=\"2023-12-13T01:38:18+00:00\" \/>\n<meta property=\"article:modified_time\" content=\"2024-02-29T03:21:01+00:00\" \/>\n<meta property=\"og:image\" content=\"https:\/\/www.evb.com\/wp-content\/uploads\/2023\/12\/4.png\" \/>\n\t<meta property=\"og:image:width\" content=\"1160\" \/>\n\t<meta property=\"og:image:height\" content=\"870\" \/>\n\t<meta property=\"og:image:type\" content=\"image\/png\" \/>\n<meta name=\"author\" content=\"evb\" \/>\n<meta name=\"twitter:card\" content=\"summary_large_image\" \/>\n<meta name=\"twitter:label1\" content=\"Szerz\u0151:\" \/>\n\t<meta name=\"twitter:data1\" content=\"evb\" \/>\n\t<meta name=\"twitter:label2\" content=\"Becs\u00fclt olvas\u00e1si id\u0151\" \/>\n\t<meta name=\"twitter:data2\" content=\"3 perc\" \/>\n<script type=\"application\/ld+json\" class=\"yoast-schema-graph\">{\"@context\":\"https:\\\/\\\/schema.org\",\"@graph\":[{\"@type\":\"Article\",\"@id\":\"https:\\\/\\\/www.evb.com\\\/evbs-smart-wall-mounted-ac-ev-charger\\\/#article\",\"isPartOf\":{\"@id\":\"https:\\\/\\\/www.evb.com\\\/evbs-smart-wall-mounted-ac-ev-charger\\\/\"},\"author\":{\"name\":\"evb\",\"@id\":\"https:\\\/\\\/www.evb.com\\\/#\\\/schema\\\/person\\\/fe8f0137976034abdfd2ae4f8c5682d0\"},\"headline\":\"EVB&#8217;s Smart wall mounted AC EV Charger: A Futuristic Approach to Electric Vehicle Charging\",\"datePublished\":\"2023-12-13T01:38:18+00:00\",\"dateModified\":\"2024-02-29T03:21:01+00:00\",\"mainEntityOfPage\":{\"@id\":\"https:\\\/\\\/www.evb.com\\\/evbs-smart-wall-mounted-ac-ev-charger\\\/\"},\"wordCount\":477,\"commentCount\":0,\"publisher\":{\"@id\":\"https:\\\/\\\/www.evb.com\\\/#organization\"},\"image\":{\"@id\":\"https:\\\/\\\/www.evb.com\\\/evbs-smart-wall-mounted-ac-ev-charger\\\/#primaryimage\"},\"thumbnailUrl\":\"https:\\\/\\\/www.evb.com\\\/wp-content\\\/uploads\\\/2023\\\/12\\\/4.png\",\"articleSection\":[\"Short Blog\"],\"inLanguage\":\"hu\",\"potentialAction\":[{\"@type\":\"CommentAction\",\"name\":\"Comment\",\"target\":[\"https:\\\/\\\/www.evb.com\\\/evbs-smart-wall-mounted-ac-ev-charger\\\/#respond\"]}]},{\"@type\":\"WebPage\",\"@id\":\"https:\\\/\\\/www.evb.com\\\/evbs-smart-wall-mounted-ac-ev-charger\\\/\",\"url\":\"https:\\\/\\\/www.evb.com\\\/evbs-smart-wall-mounted-ac-ev-charger\\\/\",\"name\":\"EVB's Smart wall mounted AC EV Charger: A Futuristic Approach to Electric Vehicle Charging\",\"isPartOf\":{\"@id\":\"https:\\\/\\\/www.evb.com\\\/#website\"},\"primaryImageOfPage\":{\"@id\":\"https:\\\/\\\/www.evb.com\\\/evbs-smart-wall-mounted-ac-ev-charger\\\/#primaryimage\"},\"image\":{\"@id\":\"https:\\\/\\\/www.evb.com\\\/evbs-smart-wall-mounted-ac-ev-charger\\\/#primaryimage\"},\"thumbnailUrl\":\"https:\\\/\\\/www.evb.com\\\/wp-content\\\/uploads\\\/2023\\\/12\\\/4.png\",\"datePublished\":\"2023-12-13T01:38:18+00:00\",\"dateModified\":\"2024-02-29T03:21:01+00:00\",\"description\":\"Let's explore the distinctive features that set our wall-mounted electric car charger apart, emphasizing a smart and user-friendly approach to EV charging.\",\"breadcrumb\":{\"@id\":\"https:\\\/\\\/www.evb.com\\\/evbs-smart-wall-mounted-ac-ev-charger\\\/#breadcrumb\"},\"inLanguage\":\"hu\",\"potentialAction\":[{\"@type\":\"ReadAction\",\"target\":[\"https:\\\/\\\/www.evb.com\\\/evbs-smart-wall-mounted-ac-ev-charger\\\/\"]}]},{\"@type\":\"ImageObject\",\"inLanguage\":\"hu\",\"@id\":\"https:\\\/\\\/www.evb.com\\\/evbs-smart-wall-mounted-ac-ev-charger\\\/#primaryimage\",\"url\":\"https:\\\/\\\/www.evb.com\\\/wp-content\\\/uploads\\\/2023\\\/12\\\/4.png\",\"contentUrl\":\"https:\\\/\\\/www.evb.com\\\/wp-content\\\/uploads\\\/2023\\\/12\\\/4.png\",\"width\":1160,\"height\":870,\"caption\":\"4\"},{\"@type\":\"BreadcrumbList\",\"@id\":\"https:\\\/\\\/www.evb.com\\\/evbs-smart-wall-mounted-ac-ev-charger\\\/#breadcrumb\",\"itemListElement\":[{\"@type\":\"ListItem\",\"position\":1,\"name\":\"Home\",\"item\":\"https:\\\/\\\/www.evb.com\\\/\"},{\"@type\":\"ListItem\",\"position\":2,\"name\":\"EVB&#8217;s Smart wall mounted AC EV Charger: A Futuristic Approach to Electric Vehicle Charging\"}]},{\"@type\":\"WebSite\",\"@id\":\"https:\\\/\\\/www.evb.com\\\/#website\",\"url\":\"https:\\\/\\\/www.evb.com\\\/\",\"name\":\"EVB\",\"description\":\"Smart EV Charging &amp; Energy Storage Solutions\",\"publisher\":{\"@id\":\"https:\\\/\\\/www.evb.com\\\/#organization\"},\"potentialAction\":[{\"@type\":\"SearchAction\",\"target\":{\"@type\":\"EntryPoint\",\"urlTemplate\":\"https:\\\/\\\/www.evb.com\\\/?s={search_term_string}\"},\"query-input\":{\"@type\":\"PropertyValueSpecification\",\"valueRequired\":true,\"valueName\":\"search_term_string\"}}],\"inLanguage\":\"hu\"},{\"@type\":\"Organization\",\"@id\":\"https:\\\/\\\/www.evb.com\\\/#organization\",\"name\":\"EVB\",\"url\":\"https:\\\/\\\/www.evb.com\\\/\",\"logo\":{\"@type\":\"ImageObject\",\"inLanguage\":\"hu\",\"@id\":\"https:\\\/\\\/www.evb.com\\\/#\\\/schema\\\/logo\\\/image\\\/\",\"url\":\"https:\\\/\\\/www.evb.com\\\/wp-content\\\/uploads\\\/2021\\\/03\\\/evb-3.png\",\"contentUrl\":\"https:\\\/\\\/www.evb.com\\\/wp-content\\\/uploads\\\/2021\\\/03\\\/evb-3.png\",\"width\":605,\"height\":626,\"caption\":\"EVB\"},\"image\":{\"@id\":\"https:\\\/\\\/www.evb.com\\\/#\\\/schema\\\/logo\\\/image\\\/\"}},{\"@type\":\"Person\",\"@id\":\"https:\\\/\\\/www.evb.com\\\/#\\\/schema\\\/person\\\/fe8f0137976034abdfd2ae4f8c5682d0\",\"name\":\"evb\",\"image\":{\"@type\":\"ImageObject\",\"inLanguage\":\"hu\",\"@id\":\"https:\\\/\\\/secure.gravatar.com\\\/avatar\\\/6919cc4e91e3745783933e1263b15b0bed21b5e46f2b1e21643aa8b29240d0f7?s=96&d=mm&r=g\",\"url\":\"https:\\\/\\\/secure.gravatar.com\\\/avatar\\\/6919cc4e91e3745783933e1263b15b0bed21b5e46f2b1e21643aa8b29240d0f7?s=96&d=mm&r=g\",\"contentUrl\":\"https:\\\/\\\/secure.gravatar.com\\\/avatar\\\/6919cc4e91e3745783933e1263b15b0bed21b5e46f2b1e21643aa8b29240d0f7?s=96&d=mm&r=g\",\"caption\":\"evb\"}}]}<\/script>\n<!-- \/ Yoast SEO plugin. -->","yoast_head_json":{"title":"EVB's Smart wall mounted AC EV Charger: A Futuristic Approach to Electric Vehicle Charging","description":"Let's explore the distinctive features that set our wall-mounted electric car charger apart, emphasizing a smart and user-friendly approach to EV charging.","robots":{"index":"index","follow":"follow","max-snippet":"max-snippet:-1","max-image-preview":"max-image-preview:large","max-video-preview":"max-video-preview:-1"},"canonical":"https:\/\/www.evb.com\/hu\/evbs-smart-wall-mounted-ac-ev-charger\/","og_locale":"hu_HU","og_type":"article","og_title":"EVB's Smart wall mounted AC EV Charger: A Futuristic Approach to Electric Vehicle Charging","og_description":"Let's explore the distinctive features that set our wall-mounted electric car charger apart, emphasizing a smart and user-friendly approach to EV charging.","og_url":"https:\/\/www.evb.com\/hu\/evbs-smart-wall-mounted-ac-ev-charger\/","og_site_name":"EVB","article_published_time":"2023-12-13T01:38:18+00:00","article_modified_time":"2024-02-29T03:21:01+00:00","og_image":[{"width":1160,"height":870,"url":"https:\/\/www.evb.com\/wp-content\/uploads\/2023\/12\/4.png","type":"image\/png"}],"author":"evb","twitter_card":"summary_large_image","twitter_misc":{"Szerz\u0151:":"evb","Becs\u00fclt olvas\u00e1si id\u0151":"3 perc"},"schema":{"@context":"https:\/\/schema.org","@graph":[{"@type":"Article","@id":"https:\/\/www.evb.com\/evbs-smart-wall-mounted-ac-ev-charger\/#article","isPartOf":{"@id":"https:\/\/www.evb.com\/evbs-smart-wall-mounted-ac-ev-charger\/"},"author":{"name":"evb","@id":"https:\/\/www.evb.com\/#\/schema\/person\/fe8f0137976034abdfd2ae4f8c5682d0"},"headline":"EVB&#8217;s Smart wall mounted AC EV Charger: A Futuristic Approach to Electric Vehicle Charging","datePublished":"2023-12-13T01:38:18+00:00","dateModified":"2024-02-29T03:21:01+00:00","mainEntityOfPage":{"@id":"https:\/\/www.evb.com\/evbs-smart-wall-mounted-ac-ev-charger\/"},"wordCount":477,"commentCount":0,"publisher":{"@id":"https:\/\/www.evb.com\/#organization"},"image":{"@id":"https:\/\/www.evb.com\/evbs-smart-wall-mounted-ac-ev-charger\/#primaryimage"},"thumbnailUrl":"https:\/\/www.evb.com\/wp-content\/uploads\/2023\/12\/4.png","articleSection":["Short Blog"],"inLanguage":"hu","potentialAction":[{"@type":"CommentAction","name":"Comment","target":["https:\/\/www.evb.com\/evbs-smart-wall-mounted-ac-ev-charger\/#respond"]}]},{"@type":"WebPage","@id":"https:\/\/www.evb.com\/evbs-smart-wall-mounted-ac-ev-charger\/","url":"https:\/\/www.evb.com\/evbs-smart-wall-mounted-ac-ev-charger\/","name":"EVB's Smart wall mounted AC EV Charger: A Futuristic Approach to Electric Vehicle Charging","isPartOf":{"@id":"https:\/\/www.evb.com\/#website"},"primaryImageOfPage":{"@id":"https:\/\/www.evb.com\/evbs-smart-wall-mounted-ac-ev-charger\/#primaryimage"},"image":{"@id":"https:\/\/www.evb.com\/evbs-smart-wall-mounted-ac-ev-charger\/#primaryimage"},"thumbnailUrl":"https:\/\/www.evb.com\/wp-content\/uploads\/2023\/12\/4.png","datePublished":"2023-12-13T01:38:18+00:00","dateModified":"2024-02-29T03:21:01+00:00","description":"Let's explore the distinctive features that set our wall-mounted electric car charger apart, emphasizing a smart and user-friendly approach to EV charging.","breadcrumb":{"@id":"https:\/\/www.evb.com\/evbs-smart-wall-mounted-ac-ev-charger\/#breadcrumb"},"inLanguage":"hu","potentialAction":[{"@type":"ReadAction","target":["https:\/\/www.evb.com\/evbs-smart-wall-mounted-ac-ev-charger\/"]}]},{"@type":"ImageObject","inLanguage":"hu","@id":"https:\/\/www.evb.com\/evbs-smart-wall-mounted-ac-ev-charger\/#primaryimage","url":"https:\/\/www.evb.com\/wp-content\/uploads\/2023\/12\/4.png","contentUrl":"https:\/\/www.evb.com\/wp-content\/uploads\/2023\/12\/4.png","width":1160,"height":870,"caption":"4"},{"@type":"BreadcrumbList","@id":"https:\/\/www.evb.com\/evbs-smart-wall-mounted-ac-ev-charger\/#breadcrumb","itemListElement":[{"@type":"ListItem","position":1,"name":"Home","item":"https:\/\/www.evb.com\/"},{"@type":"ListItem","position":2,"name":"EVB&#8217;s Smart wall mounted AC EV Charger: A Futuristic Approach to Electric Vehicle Charging"}]},{"@type":"WebSite","@id":"https:\/\/www.evb.com\/#website","url":"https:\/\/www.evb.com\/","name":"EVB","description":"Smart EV Charging &amp; Energy Storage Solutions","publisher":{"@id":"https:\/\/www.evb.com\/#organization"},"potentialAction":[{"@type":"SearchAction","target":{"@type":"EntryPoint","urlTemplate":"https:\/\/www.evb.com\/?s={search_term_string}"},"query-input":{"@type":"PropertyValueSpecification","valueRequired":true,"valueName":"search_term_string"}}],"inLanguage":"hu"},{"@type":"Organization","@id":"https:\/\/www.evb.com\/#organization","name":"EVB","url":"https:\/\/www.evb.com\/","logo":{"@type":"ImageObject","inLanguage":"hu","@id":"https:\/\/www.evb.com\/#\/schema\/logo\/image\/","url":"https:\/\/www.evb.com\/wp-content\/uploads\/2021\/03\/evb-3.png","contentUrl":"https:\/\/www.evb.com\/wp-content\/uploads\/2021\/03\/evb-3.png","width":605,"height":626,"caption":"EVB"},"image":{"@id":"https:\/\/www.evb.com\/#\/schema\/logo\/image\/"}},{"@type":"Person","@id":"https:\/\/www.evb.com\/#\/schema\/person\/fe8f0137976034abdfd2ae4f8c5682d0","name":"evb","image":{"@type":"ImageObject","inLanguage":"hu","@id":"https:\/\/secure.gravatar.com\/avatar\/6919cc4e91e3745783933e1263b15b0bed21b5e46f2b1e21643aa8b29240d0f7?s=96&d=mm&r=g","url":"https:\/\/secure.gravatar.com\/avatar\/6919cc4e91e3745783933e1263b15b0bed21b5e46f2b1e21643aa8b29240d0f7?s=96&d=mm&r=g","contentUrl":"https:\/\/secure.gravatar.com\/avatar\/6919cc4e91e3745783933e1263b15b0bed21b5e46f2b1e21643aa8b29240d0f7?s=96&d=mm&r=g","caption":"evb"}}]}},"_links":{"self":[{"href":"https:\/\/www.evb.com\/hu\/wp-json\/wp\/v2\/posts\/8978","targetHints":{"allow":["GET"]}}],"collection":[{"href":"https:\/\/www.evb.com\/hu\/wp-json\/wp\/v2\/posts"}],"about":[{"href":"https:\/\/www.evb.com\/hu\/wp-json\/wp\/v2\/types\/post"}],"author":[{"embeddable":true,"href":"https:\/\/www.evb.com\/hu\/wp-json\/wp\/v2\/users\/3"}],"replies":[{"embeddable":true,"href":"https:\/\/www.evb.com\/hu\/wp-json\/wp\/v2\/comments?post=8978"}],"version-history":[{"count":1,"href":"https:\/\/www.evb.com\/hu\/wp-json\/wp\/v2\/posts\/8978\/revisions"}],"predecessor-version":[{"id":8980,"href":"https:\/\/www.evb.com\/hu\/wp-json\/wp\/v2\/posts\/8978\/revisions\/8980"}],"wp:featuredmedia":[{"embeddable":true,"href":"https:\/\/www.evb.com\/hu\/wp-json\/wp\/v2\/media\/9335"}],"wp:attachment":[{"href":"https:\/\/www.evb.com\/hu\/wp-json\/wp\/v2\/media?parent=8978"}],"wp:term":[{"taxonomy":"category","embeddable":true,"href":"https:\/\/www.evb.com\/hu\/wp-json\/wp\/v2\/categories?post=8978"},{"taxonomy":"post_tag","embeddable":true,"href":"https:\/\/www.evb.com\/hu\/wp-json\/wp\/v2\/tags?post=8978"}],"curies":[{"name":"wp","href":"https:\/\/api.w.org\/{rel}","templated":true}]}}