{"id":9882,"date":"2024-01-04T13:16:00","date_gmt":"2024-01-04T05:16:00","guid":{"rendered":"https:\/\/www.evb.com\/?p=9882"},"modified":"2024-01-26T10:03:57","modified_gmt":"2024-01-26T02:03:57","slug":"introducing-the-evb-dual-socket-ev-charger-power-up-your-electric-vehicle-with-convenience-and-efficiency","status":"publish","type":"post","link":"https:\/\/www.evb.com\/hu\/introducing-the-evb-dual-socket-ev-charger-power-up-your-electric-vehicle-with-convenience-and-efficiency\/","title":{"rendered":"Bemutatkozik az EVB kett\u0151s aljzat\u00fa elektromos j\u00e1rm\u0171t\u00f6lt\u0151: T\u00f6ltse fel elektromos j\u00e1rm\u0171v\u00e9t k\u00e9nyelmesen \u00e9s hat\u00e9konyan"},"content":{"rendered":"<p>K\u00e9pvisel\u0151k\u00e9nt <a href=\"https:\/\/www.evb.com\/hu\"><u>EVB<\/u><\/a>Izgatottan mutatom be a rendk\u00edv\u00fcl hat\u00e9kony \u00e9s sokoldal\u00fa <a href=\"https:\/\/www.evb.com\/hu\/product-item\/dual-socket-ac-ev-charger-2\/\"><u>kett\u0151s aljzat\u00fa elektromos aut\u00f3 t\u00f6lt\u0151<\/u><\/a>Az EVB-n\u00e9l meg\u00e9rtj\u00fck a megb\u00edzhat\u00f3 \u00e9s gyors t\u00f6lt\u00e9si megold\u00e1s fontoss\u00e1g\u00e1t az elektromos j\u00e1rm\u0171vek tulajdonosai sz\u00e1m\u00e1ra. EVB kett\u0151s aljzat\u00fa elektromos j\u00e1rm\u0171t\u00f6lt\u0151nk, a BENY Electric Smart EV Charger, k\u00e9t 2-es t\u00edpus\u00fa (IEC 62196-2) csatlakoz\u00f3aljzattal, 3 f\u00e1zis\u00fa, 32 amperes t\u00f6lt\u0151vel \u00e9s leny\u0171g\u00f6z\u0151, 22 kW-os teljes\u00edtm\u00e9nnyel rendelkezik. Az IP55 id\u0151j\u00e1r\u00e1s\u00e1ll\u00f3s\u00e1gi besorol\u00e1snak \u00e9s a CE biztons\u00e1gi tan\u00fas\u00edtv\u00e1nynak k\u00f6sz\u00f6nhet\u0151en t\u00f6lt\u0151nk z\u00f6kken\u0151mentes \u00e9s gondtalan t\u00f6lt\u00e9si \u00e9lm\u00e9nyt ny\u00fajt.<\/p>\n\n\n\n<figure class=\"wp-block-image size-full\"><img loading=\"lazy\" decoding=\"async\" width=\"1280\" height=\"720\" src=\"https:\/\/www.evb.com\/wp-content\/uploads\/2024\/01\/4.jpg\" alt=\"4\" class=\"wp-image-9886\" srcset=\"https:\/\/www.evb.com\/wp-content\/uploads\/2024\/01\/4.jpg 1280w, https:\/\/www.evb.com\/wp-content\/uploads\/2024\/01\/4-600x338.jpg 600w, https:\/\/www.evb.com\/wp-content\/uploads\/2024\/01\/4-768x432.jpg 768w\" sizes=\"auto, (max-width: 1280px) 100vw, 1280px\" \/><\/figure>\n\n\n\n<h2 class=\"wp-block-heading\"><strong>Kett\u0151s aljzat k\u00e9nyelme az egyidej\u0171 t\u00f6lt\u00e9shez<\/strong><strong><\/strong><\/h2>\n\n\n\n<p>Az EVB kett\u0151s aljzat\u00fa elektromos j\u00e1rm\u0171t\u00f6lt\u0151nk egyik kiemelked\u0151 tulajdons\u00e1ga, hogy k\u00e9t elektromos j\u00e1rm\u0171vet is k\u00e9pes egyszerre t\u00f6lteni. K\u00e9t Type 2-es csatlakoz\u00f3aljzattal k\u00e9nyelmesen t\u00f6lthet egyszerre k\u00e9t j\u00e1rm\u0171vet, maximaliz\u00e1lva a t\u00f6lt\u00e9si kapacit\u00e1st \u00e9s id\u0151t takar\u00edtva meg. Ak\u00e1r t\u00f6bb elektromos j\u00e1rm\u0171ve van a h\u00e1ztart\u00e1s\u00e1ban, ak\u00e1r a saj\u00e1t \u00e9s egy bar\u00e1tja j\u00e1rm\u0171v\u00e9t is t\u00f6ltenie kell, kett\u0151s aljzat\u00fa elektromos j\u00e1rm\u0171t\u00f6lt\u0151nk biztos\u00edtja a sz\u00fcks\u00e9ges rugalmass\u00e1got \u00e9s k\u00e9nyelmet.<\/p>\n\n\n\n<h2 class=\"wp-block-heading\"><strong>Er\u0151teljes \u00e9s gyors t\u00f6lt\u00e9si teljes\u00edtm\u00e9ny<\/strong><strong><\/strong><\/h2>\n\n\n\n<p>Meg\u00e9rtj\u00fck, hogy az id\u0151 dr\u00e1ga, \u00e9s \u00d6n a lehet\u0151 leggyorsabban szeretne visszat\u00e9rni az \u00fatra. Ez\u00e9rt tervezt\u00fck EVB kett\u0151s aljzat\u00fa elektromos j\u00e1rm\u0171t\u00f6lt\u0151nket, hogy nagy teljes\u00edtm\u00e9ny\u0171 \u00e9s gyors t\u00f6lt\u00e9si teljes\u00edtm\u00e9nyt ny\u00fajtson. A 3 f\u00e1zis\u00fa, 32 amperes t\u00e1pell\u00e1t\u00e1snak \u00e9s a leny\u0171g\u00f6z\u0151, 22 kW-os teljes\u00edtm\u00e9nynek k\u00f6sz\u00f6nhet\u0151en t\u00f6lt\u0151nk r\u00f6vid id\u0151 alatt jelent\u0151s mennyis\u00e9g\u0171 energi\u00e1t tud biztos\u00edtani elektromos j\u00e1rm\u0171v\u00e9nek. Ez azt jelenti, hogy kevesebb id\u0151t kell t\u00f6ltenie a j\u00e1rm\u0171 t\u00f6lt\u00e9s\u00e9re v\u00e1rva, \u00e9s t\u00f6bb id\u0151t az \u00fat \u00e9lvezet\u00e9vel.<\/p>\n\n\n\n<h2 class=\"wp-block-heading\"><strong>Robusztus \u00e9s id\u0151j\u00e1r\u00e1s\u00e1ll\u00f3 kialak\u00edt\u00e1s<\/strong><strong><\/strong><\/h2>\n\n\n\n<p>EVB kett\u0151s aljzat\u00fa elektromos aut\u00f3 t\u00f6lt\u0151nk k\u00fcl\u00f6nf\u00e9le id\u0151j\u00e1r\u00e1si k\u00f6r\u00fclm\u00e9nyeknek is ellen\u00e1ll. IP55 besorol\u00e1s\u00e1nak k\u00f6sz\u00f6nhet\u0151en ellen\u00e1ll a pornak \u00e9s a v\u00edznek, \u00edgy belt\u00e9ri \u00e9s k\u00fclt\u00e9ri telep\u00edt\u00e9sre egyar\u00e1nt alkalmas. Ak\u00e1r a gar\u00e1zsban, ak\u00e1r a h\u00e1zon k\u00edv\u00fcl szereli fel, t\u00f6lt\u0151nk robusztus kialak\u00edt\u00e1sa biztos\u00edtja, hogy ellen\u00e1lljon az elemeknek \u00e9s megb\u00edzhat\u00f3 t\u00f6lt\u00e9si teljes\u00edtm\u00e9nyt ny\u00fajtson.<\/p>\n\n\n\n<h2 class=\"wp-block-heading\"><strong>CE min\u0151s\u00edt\u00e9s\u0171 a biztons\u00e1g \u00e9s a megb\u00edzhat\u00f3s\u00e1g \u00e9rdek\u00e9ben<\/strong><strong><\/strong><\/h2>\n\n\n\n<p>Az EVB-n\u00e9l a biztons\u00e1g a legfontosabb priorit\u00e1s, \u00e9s ez al\u00f3l kett\u0151s aljzat\u00fa elektromos j\u00e1rm\u0171t\u00f6lt\u0151nk sem kiv\u00e9tel. CE-tan\u00fas\u00edtv\u00e1nnyal rendelkezik, \u00edgy megfelel a legmagasabb biztons\u00e1gi \u00e9s min\u0151s\u00e9gi el\u0151\u00edr\u00e1soknak. Ez a tan\u00fas\u00edtv\u00e1ny garant\u00e1lja, hogy t\u00f6lt\u0151nk szigor\u00fa tesztel\u00e9sen esett \u00e1t, \u00e9s megfelel minden sz\u00fcks\u00e9ges el\u0151\u00edr\u00e1snak, \u00edgy nyugodt lehet elektromos j\u00e1rm\u0171ve t\u00f6lt\u00e9se k\u00f6zben. B\u00edzzon az EVB kett\u0151s aljzat\u00fa elektromos j\u00e1rm\u0171t\u00f6lt\u0151j\u00e9nek biztons\u00e1g\u00e1ban \u00e9s megb\u00edzhat\u00f3s\u00e1g\u00e1ban.<\/p>\n\n\n\n<h2 class=\"wp-block-heading\"><strong>K\u00f6vetkeztet\u00e9s<\/strong><strong><\/strong><\/h2>\n\n\n\n<p>Az EVB kett\u0151s aljzat\u00fa elektromos j\u00e1rm\u0171t\u00f6lt\u0151je t\u00f6k\u00e9letes megold\u00e1st k\u00edn\u00e1l elektromos j\u00e1rm\u0171ve k\u00e9nyelmes \u00e9s hat\u00e9kony t\u00f6lt\u00e9s\u00e9re. Kett\u0151s 2-es t\u00edpus\u00fa csatlakoz\u00f3aljzat\u00e1val k\u00e9t j\u00e1rm\u0171vet t\u00f6lthet egyszerre, maximaliz\u00e1lva a t\u00f6lt\u00e9si kapacit\u00e1st. A nagy teljes\u00edtm\u00e9ny\u0171, 3 f\u00e1zis\u00fa, 32 amperes t\u00e1pegys\u00e9g \u00e9s a 22 kW-os teljes\u00edtm\u00e9ny gyors t\u00f6lt\u00e9si teljes\u00edtm\u00e9nyt biztos\u00edt, \u00edgy gyorsan visszat\u00e9rhet az \u00fatra. T\u00f6lt\u0151nk robusztus \u00e9s id\u0151j\u00e1r\u00e1s\u00e1ll\u00f3 kialak\u00edt\u00e1sa, valamint CE-min\u0151s\u00edt\u00e9se garant\u00e1lja a biztons\u00e1got \u00e9s a megb\u00edzhat\u00f3s\u00e1got. Tapasztalja meg az EVB kett\u0151s aljzat\u00fa elektromos j\u00e1rm\u0171t\u00f6lt\u0151j\u00e9nek k\u00e9nyelm\u00e9t \u00e9s hat\u00e9konys\u00e1g\u00e1t elektromos j\u00e1rm\u0171ve z\u00f6kken\u0151mentes t\u00f6lt\u00e9s\u00e9hez. B\u00edzzon az EVB-ben, hogy k\u00f6nnyed\u00e9n felt\u00f6lti elektromos j\u00e1rm\u0171v\u00e9t.<\/p>","protected":false},"excerpt":{"rendered":"<p>As a representative of EVB, I am thrilled to present our highly efficient and versatile dual-socket EV charger. At EVB, we understand the importance of a reliable and fast charging solution for electric vehicle owners. Our EVB dual socket EV charger, known as the BENY Electric Smart EV Charger, features two Type 2 (IEC 62196-2) [&hellip;]<\/p>","protected":false},"author":3,"featured_media":10036,"comment_status":"open","ping_status":"open","sticky":false,"template":"","format":"standard","meta":{"footnotes":""},"categories":[48],"tags":[],"class_list":["post-9882","post","type-post","status-publish","format-standard","has-post-thumbnail","hentry","category-short-blog"],"acf":[],"yoast_head":"<!-- This site is optimized with the Yoast SEO plugin v27.4 - https:\/\/yoast.com\/product\/yoast-seo-wordpress\/ -->\n<title>Introducing the EVB Dual Socket EV Charger: Power Up Your Electric Vehicle with Convenience and Efficiency<\/title>\n<meta name=\"description\" content=\"As a representative of EVB, I am thrilled to present our highly efficient and versatile dual-socket EV charger.\" \/>\n<meta name=\"robots\" content=\"index, follow, max-snippet:-1, max-image-preview:large, max-video-preview:-1\" \/>\n<link rel=\"canonical\" href=\"https:\/\/www.evb.com\/hu\/introducing-the-evb-dual-socket-ev-charger-power-up-your-electric-vehicle-with-convenience-and-efficiency\/\" \/>\n<meta property=\"og:locale\" content=\"hu_HU\" \/>\n<meta property=\"og:type\" content=\"article\" \/>\n<meta property=\"og:title\" content=\"Introducing the EVB Dual Socket EV Charger: Power Up Your Electric Vehicle with Convenience and Efficiency\" \/>\n<meta property=\"og:description\" content=\"As a representative of EVB, I am thrilled to present our highly efficient and versatile dual-socket EV charger.\" \/>\n<meta property=\"og:url\" content=\"https:\/\/www.evb.com\/hu\/introducing-the-evb-dual-socket-ev-charger-power-up-your-electric-vehicle-with-convenience-and-efficiency\/\" \/>\n<meta property=\"og:site_name\" content=\"EVB\" \/>\n<meta property=\"article:published_time\" content=\"2024-01-04T05:16:00+00:00\" \/>\n<meta property=\"article:modified_time\" content=\"2024-01-26T02:03:57+00:00\" \/>\n<meta property=\"og:image\" content=\"https:\/\/www.evb.com\/wp-content\/uploads\/2024\/01\/126911704866224_.png\" \/>\n\t<meta property=\"og:image:width\" content=\"1280\" \/>\n\t<meta property=\"og:image:height\" content=\"720\" \/>\n\t<meta property=\"og:image:type\" content=\"image\/png\" \/>\n<meta name=\"author\" content=\"evb\" \/>\n<meta name=\"twitter:card\" content=\"summary_large_image\" \/>\n<meta name=\"twitter:label1\" content=\"Szerz\u0151:\" \/>\n\t<meta name=\"twitter:data1\" content=\"evb\" \/>\n\t<meta name=\"twitter:label2\" content=\"Becs\u00fclt olvas\u00e1si id\u0151\" \/>\n\t<meta name=\"twitter:data2\" content=\"3 perc\" \/>\n<script type=\"application\/ld+json\" class=\"yoast-schema-graph\">{\"@context\":\"https:\\\/\\\/schema.org\",\"@graph\":[{\"@type\":\"Article\",\"@id\":\"https:\\\/\\\/www.evb.com\\\/introducing-the-evb-dual-socket-ev-charger-power-up-your-electric-vehicle-with-convenience-and-efficiency\\\/#article\",\"isPartOf\":{\"@id\":\"https:\\\/\\\/www.evb.com\\\/introducing-the-evb-dual-socket-ev-charger-power-up-your-electric-vehicle-with-convenience-and-efficiency\\\/\"},\"author\":{\"name\":\"evb\",\"@id\":\"https:\\\/\\\/www.evb.com\\\/#\\\/schema\\\/person\\\/fe8f0137976034abdfd2ae4f8c5682d0\"},\"headline\":\"Introducing the EVB Dual Socket EV Charger: Power Up Your Electric Vehicle with Convenience and Efficiency\",\"datePublished\":\"2024-01-04T05:16:00+00:00\",\"dateModified\":\"2024-01-26T02:03:57+00:00\",\"mainEntityOfPage\":{\"@id\":\"https:\\\/\\\/www.evb.com\\\/introducing-the-evb-dual-socket-ev-charger-power-up-your-electric-vehicle-with-convenience-and-efficiency\\\/\"},\"wordCount\":510,\"commentCount\":0,\"publisher\":{\"@id\":\"https:\\\/\\\/www.evb.com\\\/#organization\"},\"image\":{\"@id\":\"https:\\\/\\\/www.evb.com\\\/introducing-the-evb-dual-socket-ev-charger-power-up-your-electric-vehicle-with-convenience-and-efficiency\\\/#primaryimage\"},\"thumbnailUrl\":\"https:\\\/\\\/www.evb.com\\\/wp-content\\\/uploads\\\/2024\\\/01\\\/126911704866224_.png\",\"articleSection\":[\"Short Blog\"],\"inLanguage\":\"hu\",\"potentialAction\":[{\"@type\":\"CommentAction\",\"name\":\"Comment\",\"target\":[\"https:\\\/\\\/www.evb.com\\\/introducing-the-evb-dual-socket-ev-charger-power-up-your-electric-vehicle-with-convenience-and-efficiency\\\/#respond\"]}]},{\"@type\":\"WebPage\",\"@id\":\"https:\\\/\\\/www.evb.com\\\/introducing-the-evb-dual-socket-ev-charger-power-up-your-electric-vehicle-with-convenience-and-efficiency\\\/\",\"url\":\"https:\\\/\\\/www.evb.com\\\/introducing-the-evb-dual-socket-ev-charger-power-up-your-electric-vehicle-with-convenience-and-efficiency\\\/\",\"name\":\"Introducing the EVB Dual Socket EV Charger: Power Up Your Electric Vehicle with Convenience and Efficiency\",\"isPartOf\":{\"@id\":\"https:\\\/\\\/www.evb.com\\\/#website\"},\"primaryImageOfPage\":{\"@id\":\"https:\\\/\\\/www.evb.com\\\/introducing-the-evb-dual-socket-ev-charger-power-up-your-electric-vehicle-with-convenience-and-efficiency\\\/#primaryimage\"},\"image\":{\"@id\":\"https:\\\/\\\/www.evb.com\\\/introducing-the-evb-dual-socket-ev-charger-power-up-your-electric-vehicle-with-convenience-and-efficiency\\\/#primaryimage\"},\"thumbnailUrl\":\"https:\\\/\\\/www.evb.com\\\/wp-content\\\/uploads\\\/2024\\\/01\\\/126911704866224_.png\",\"datePublished\":\"2024-01-04T05:16:00+00:00\",\"dateModified\":\"2024-01-26T02:03:57+00:00\",\"description\":\"As a representative of EVB, I am thrilled to present our highly efficient and versatile dual-socket EV charger.\",\"breadcrumb\":{\"@id\":\"https:\\\/\\\/www.evb.com\\\/introducing-the-evb-dual-socket-ev-charger-power-up-your-electric-vehicle-with-convenience-and-efficiency\\\/#breadcrumb\"},\"inLanguage\":\"hu\",\"potentialAction\":[{\"@type\":\"ReadAction\",\"target\":[\"https:\\\/\\\/www.evb.com\\\/introducing-the-evb-dual-socket-ev-charger-power-up-your-electric-vehicle-with-convenience-and-efficiency\\\/\"]}]},{\"@type\":\"ImageObject\",\"inLanguage\":\"hu\",\"@id\":\"https:\\\/\\\/www.evb.com\\\/introducing-the-evb-dual-socket-ev-charger-power-up-your-electric-vehicle-with-convenience-and-efficiency\\\/#primaryimage\",\"url\":\"https:\\\/\\\/www.evb.com\\\/wp-content\\\/uploads\\\/2024\\\/01\\\/126911704866224_.png\",\"contentUrl\":\"https:\\\/\\\/www.evb.com\\\/wp-content\\\/uploads\\\/2024\\\/01\\\/126911704866224_.png\",\"width\":1280,\"height\":720,\"caption\":\"126911704866224\"},{\"@type\":\"BreadcrumbList\",\"@id\":\"https:\\\/\\\/www.evb.com\\\/introducing-the-evb-dual-socket-ev-charger-power-up-your-electric-vehicle-with-convenience-and-efficiency\\\/#breadcrumb\",\"itemListElement\":[{\"@type\":\"ListItem\",\"position\":1,\"name\":\"Home\",\"item\":\"https:\\\/\\\/www.evb.com\\\/\"},{\"@type\":\"ListItem\",\"position\":2,\"name\":\"Introducing the EVB Dual Socket EV Charger: Power Up Your Electric Vehicle with Convenience and Efficiency\"}]},{\"@type\":\"WebSite\",\"@id\":\"https:\\\/\\\/www.evb.com\\\/#website\",\"url\":\"https:\\\/\\\/www.evb.com\\\/\",\"name\":\"EVB\",\"description\":\"Smart EV Charging &amp; Energy Storage Solutions\",\"publisher\":{\"@id\":\"https:\\\/\\\/www.evb.com\\\/#organization\"},\"potentialAction\":[{\"@type\":\"SearchAction\",\"target\":{\"@type\":\"EntryPoint\",\"urlTemplate\":\"https:\\\/\\\/www.evb.com\\\/?s={search_term_string}\"},\"query-input\":{\"@type\":\"PropertyValueSpecification\",\"valueRequired\":true,\"valueName\":\"search_term_string\"}}],\"inLanguage\":\"hu\"},{\"@type\":\"Organization\",\"@id\":\"https:\\\/\\\/www.evb.com\\\/#organization\",\"name\":\"EVB\",\"url\":\"https:\\\/\\\/www.evb.com\\\/\",\"logo\":{\"@type\":\"ImageObject\",\"inLanguage\":\"hu\",\"@id\":\"https:\\\/\\\/www.evb.com\\\/#\\\/schema\\\/logo\\\/image\\\/\",\"url\":\"https:\\\/\\\/www.evb.com\\\/wp-content\\\/uploads\\\/2021\\\/03\\\/evb-3.png\",\"contentUrl\":\"https:\\\/\\\/www.evb.com\\\/wp-content\\\/uploads\\\/2021\\\/03\\\/evb-3.png\",\"width\":605,\"height\":626,\"caption\":\"EVB\"},\"image\":{\"@id\":\"https:\\\/\\\/www.evb.com\\\/#\\\/schema\\\/logo\\\/image\\\/\"}},{\"@type\":\"Person\",\"@id\":\"https:\\\/\\\/www.evb.com\\\/#\\\/schema\\\/person\\\/fe8f0137976034abdfd2ae4f8c5682d0\",\"name\":\"evb\",\"image\":{\"@type\":\"ImageObject\",\"inLanguage\":\"hu\",\"@id\":\"https:\\\/\\\/secure.gravatar.com\\\/avatar\\\/6919cc4e91e3745783933e1263b15b0bed21b5e46f2b1e21643aa8b29240d0f7?s=96&d=mm&r=g\",\"url\":\"https:\\\/\\\/secure.gravatar.com\\\/avatar\\\/6919cc4e91e3745783933e1263b15b0bed21b5e46f2b1e21643aa8b29240d0f7?s=96&d=mm&r=g\",\"contentUrl\":\"https:\\\/\\\/secure.gravatar.com\\\/avatar\\\/6919cc4e91e3745783933e1263b15b0bed21b5e46f2b1e21643aa8b29240d0f7?s=96&d=mm&r=g\",\"caption\":\"evb\"}}]}<\/script>\n<!-- \/ Yoast SEO plugin. -->","yoast_head_json":{"title":"Introducing the EVB Dual Socket EV Charger: Power Up Your Electric Vehicle with Convenience and Efficiency","description":"As a representative of EVB, I am thrilled to present our highly efficient and versatile dual-socket EV charger.","robots":{"index":"index","follow":"follow","max-snippet":"max-snippet:-1","max-image-preview":"max-image-preview:large","max-video-preview":"max-video-preview:-1"},"canonical":"https:\/\/www.evb.com\/hu\/introducing-the-evb-dual-socket-ev-charger-power-up-your-electric-vehicle-with-convenience-and-efficiency\/","og_locale":"hu_HU","og_type":"article","og_title":"Introducing the EVB Dual Socket EV Charger: Power Up Your Electric Vehicle with Convenience and Efficiency","og_description":"As a representative of EVB, I am thrilled to present our highly efficient and versatile dual-socket EV charger.","og_url":"https:\/\/www.evb.com\/hu\/introducing-the-evb-dual-socket-ev-charger-power-up-your-electric-vehicle-with-convenience-and-efficiency\/","og_site_name":"EVB","article_published_time":"2024-01-04T05:16:00+00:00","article_modified_time":"2024-01-26T02:03:57+00:00","og_image":[{"width":1280,"height":720,"url":"https:\/\/www.evb.com\/wp-content\/uploads\/2024\/01\/126911704866224_.png","type":"image\/png"}],"author":"evb","twitter_card":"summary_large_image","twitter_misc":{"Szerz\u0151:":"evb","Becs\u00fclt olvas\u00e1si id\u0151":"3 perc"},"schema":{"@context":"https:\/\/schema.org","@graph":[{"@type":"Article","@id":"https:\/\/www.evb.com\/introducing-the-evb-dual-socket-ev-charger-power-up-your-electric-vehicle-with-convenience-and-efficiency\/#article","isPartOf":{"@id":"https:\/\/www.evb.com\/introducing-the-evb-dual-socket-ev-charger-power-up-your-electric-vehicle-with-convenience-and-efficiency\/"},"author":{"name":"evb","@id":"https:\/\/www.evb.com\/#\/schema\/person\/fe8f0137976034abdfd2ae4f8c5682d0"},"headline":"Introducing the EVB Dual Socket EV Charger: Power Up Your Electric Vehicle with Convenience and Efficiency","datePublished":"2024-01-04T05:16:00+00:00","dateModified":"2024-01-26T02:03:57+00:00","mainEntityOfPage":{"@id":"https:\/\/www.evb.com\/introducing-the-evb-dual-socket-ev-charger-power-up-your-electric-vehicle-with-convenience-and-efficiency\/"},"wordCount":510,"commentCount":0,"publisher":{"@id":"https:\/\/www.evb.com\/#organization"},"image":{"@id":"https:\/\/www.evb.com\/introducing-the-evb-dual-socket-ev-charger-power-up-your-electric-vehicle-with-convenience-and-efficiency\/#primaryimage"},"thumbnailUrl":"https:\/\/www.evb.com\/wp-content\/uploads\/2024\/01\/126911704866224_.png","articleSection":["Short Blog"],"inLanguage":"hu","potentialAction":[{"@type":"CommentAction","name":"Comment","target":["https:\/\/www.evb.com\/introducing-the-evb-dual-socket-ev-charger-power-up-your-electric-vehicle-with-convenience-and-efficiency\/#respond"]}]},{"@type":"WebPage","@id":"https:\/\/www.evb.com\/introducing-the-evb-dual-socket-ev-charger-power-up-your-electric-vehicle-with-convenience-and-efficiency\/","url":"https:\/\/www.evb.com\/introducing-the-evb-dual-socket-ev-charger-power-up-your-electric-vehicle-with-convenience-and-efficiency\/","name":"Introducing the EVB Dual Socket EV Charger: Power Up Your Electric Vehicle with Convenience and Efficiency","isPartOf":{"@id":"https:\/\/www.evb.com\/#website"},"primaryImageOfPage":{"@id":"https:\/\/www.evb.com\/introducing-the-evb-dual-socket-ev-charger-power-up-your-electric-vehicle-with-convenience-and-efficiency\/#primaryimage"},"image":{"@id":"https:\/\/www.evb.com\/introducing-the-evb-dual-socket-ev-charger-power-up-your-electric-vehicle-with-convenience-and-efficiency\/#primaryimage"},"thumbnailUrl":"https:\/\/www.evb.com\/wp-content\/uploads\/2024\/01\/126911704866224_.png","datePublished":"2024-01-04T05:16:00+00:00","dateModified":"2024-01-26T02:03:57+00:00","description":"As a representative of EVB, I am thrilled to present our highly efficient and versatile dual-socket EV charger.","breadcrumb":{"@id":"https:\/\/www.evb.com\/introducing-the-evb-dual-socket-ev-charger-power-up-your-electric-vehicle-with-convenience-and-efficiency\/#breadcrumb"},"inLanguage":"hu","potentialAction":[{"@type":"ReadAction","target":["https:\/\/www.evb.com\/introducing-the-evb-dual-socket-ev-charger-power-up-your-electric-vehicle-with-convenience-and-efficiency\/"]}]},{"@type":"ImageObject","inLanguage":"hu","@id":"https:\/\/www.evb.com\/introducing-the-evb-dual-socket-ev-charger-power-up-your-electric-vehicle-with-convenience-and-efficiency\/#primaryimage","url":"https:\/\/www.evb.com\/wp-content\/uploads\/2024\/01\/126911704866224_.png","contentUrl":"https:\/\/www.evb.com\/wp-content\/uploads\/2024\/01\/126911704866224_.png","width":1280,"height":720,"caption":"126911704866224"},{"@type":"BreadcrumbList","@id":"https:\/\/www.evb.com\/introducing-the-evb-dual-socket-ev-charger-power-up-your-electric-vehicle-with-convenience-and-efficiency\/#breadcrumb","itemListElement":[{"@type":"ListItem","position":1,"name":"Home","item":"https:\/\/www.evb.com\/"},{"@type":"ListItem","position":2,"name":"Introducing the EVB Dual Socket EV Charger: Power Up Your Electric Vehicle with Convenience and Efficiency"}]},{"@type":"WebSite","@id":"https:\/\/www.evb.com\/#website","url":"https:\/\/www.evb.com\/","name":"EVB","description":"Smart EV Charging &amp; Energy Storage Solutions","publisher":{"@id":"https:\/\/www.evb.com\/#organization"},"potentialAction":[{"@type":"SearchAction","target":{"@type":"EntryPoint","urlTemplate":"https:\/\/www.evb.com\/?s={search_term_string}"},"query-input":{"@type":"PropertyValueSpecification","valueRequired":true,"valueName":"search_term_string"}}],"inLanguage":"hu"},{"@type":"Organization","@id":"https:\/\/www.evb.com\/#organization","name":"EVB","url":"https:\/\/www.evb.com\/","logo":{"@type":"ImageObject","inLanguage":"hu","@id":"https:\/\/www.evb.com\/#\/schema\/logo\/image\/","url":"https:\/\/www.evb.com\/wp-content\/uploads\/2021\/03\/evb-3.png","contentUrl":"https:\/\/www.evb.com\/wp-content\/uploads\/2021\/03\/evb-3.png","width":605,"height":626,"caption":"EVB"},"image":{"@id":"https:\/\/www.evb.com\/#\/schema\/logo\/image\/"}},{"@type":"Person","@id":"https:\/\/www.evb.com\/#\/schema\/person\/fe8f0137976034abdfd2ae4f8c5682d0","name":"evb","image":{"@type":"ImageObject","inLanguage":"hu","@id":"https:\/\/secure.gravatar.com\/avatar\/6919cc4e91e3745783933e1263b15b0bed21b5e46f2b1e21643aa8b29240d0f7?s=96&d=mm&r=g","url":"https:\/\/secure.gravatar.com\/avatar\/6919cc4e91e3745783933e1263b15b0bed21b5e46f2b1e21643aa8b29240d0f7?s=96&d=mm&r=g","contentUrl":"https:\/\/secure.gravatar.com\/avatar\/6919cc4e91e3745783933e1263b15b0bed21b5e46f2b1e21643aa8b29240d0f7?s=96&d=mm&r=g","caption":"evb"}}]}},"_links":{"self":[{"href":"https:\/\/www.evb.com\/hu\/wp-json\/wp\/v2\/posts\/9882","targetHints":{"allow":["GET"]}}],"collection":[{"href":"https:\/\/www.evb.com\/hu\/wp-json\/wp\/v2\/posts"}],"about":[{"href":"https:\/\/www.evb.com\/hu\/wp-json\/wp\/v2\/types\/post"}],"author":[{"embeddable":true,"href":"https:\/\/www.evb.com\/hu\/wp-json\/wp\/v2\/users\/3"}],"replies":[{"embeddable":true,"href":"https:\/\/www.evb.com\/hu\/wp-json\/wp\/v2\/comments?post=9882"}],"version-history":[{"count":1,"href":"https:\/\/www.evb.com\/hu\/wp-json\/wp\/v2\/posts\/9882\/revisions"}],"predecessor-version":[{"id":9887,"href":"https:\/\/www.evb.com\/hu\/wp-json\/wp\/v2\/posts\/9882\/revisions\/9887"}],"wp:featuredmedia":[{"embeddable":true,"href":"https:\/\/www.evb.com\/hu\/wp-json\/wp\/v2\/media\/10036"}],"wp:attachment":[{"href":"https:\/\/www.evb.com\/hu\/wp-json\/wp\/v2\/media?parent=9882"}],"wp:term":[{"taxonomy":"category","embeddable":true,"href":"https:\/\/www.evb.com\/hu\/wp-json\/wp\/v2\/categories?post=9882"},{"taxonomy":"post_tag","embeddable":true,"href":"https:\/\/www.evb.com\/hu\/wp-json\/wp\/v2\/tags?post=9882"}],"curies":[{"name":"wp","href":"https:\/\/api.w.org\/{rel}","templated":true}]}}