{"id":10766,"date":"2024-02-18T14:14:49","date_gmt":"2024-02-18T06:14:49","guid":{"rendered":"https:\/\/www.evb.com\/?p=10766"},"modified":"2024-01-30T14:16:34","modified_gmt":"2024-01-30T06:16:34","slug":"workplace-charging-driving-the-transition-to-electric-vehicles","status":"publish","type":"post","link":"https:\/\/www.evb.com\/lv\/workplace-charging-driving-the-transition-to-electric-vehicles\/","title":{"rendered":"Uzl\u0101de darba viet\u0101: p\u0101rejas uz elektrotransportl\u012bdzek\u013ciem veicin\u0101\u0161ana"},"content":{"rendered":"<p>P\u0101reja uz elektriskajiem transportl\u012bdzek\u013ciem (EV) uz\u0146em apgriezienus, un uzl\u0101dei darba viet\u0101 ir iz\u0161\u0137iro\u0161a noz\u012bme \u0161\u012bs p\u0101rejas atbalst\u012b\u0161an\u0101. <a href=\"https:\/\/www.evb.com\/lv\"><u>EVB<\/u><\/a>, m\u016bsu uz\u0146\u0113mums ir ap\u0146\u0113mies veicin\u0101t p\u0101reju uz elektrotransportl\u012bdzek\u013ciem, nodro\u0161inot uzticamus uzl\u0101des risin\u0101jumus darbaviet\u0101. Izp\u0113t\u012bsim, k\u0101 m\u016bsu produkti un pakalpojumi atbalsta videi draudz\u012bgas iniciat\u012bvas, pied\u0101v\u0101 \u0113rtas uzl\u0101des iesp\u0113jas darbiniekiem un pal\u012bdz uz\u0146\u0113mumiem efekt\u012bvi p\u0101rvald\u012bt izdevumus un finanses.<\/p>\n\n\n\n<h2 class=\"wp-block-heading\"><strong>Uzticama uzl\u0101des vieta darba viet\u0101: atbalsts videi draudz\u012bg\u0101m iniciat\u012bv\u0101m<\/strong><strong><\/strong><\/h2>\n\n\n\n<p>EVB saprot darba vietas uzl\u0101des noz\u012bmi videi draudz\u012bgu iniciat\u012bvu veicin\u0101\u0161an\u0101. M\u016bsu <a href=\"https:\/\/www.evb.com\/lv\/by-industry\/\"><u>EV risin\u0101jumu uzl\u0101des stacija<\/u><\/a>nodro\u0161ina darbiniekiem uzticamu uzl\u0101des punktu, mudinot vi\u0146us izv\u0113l\u0113ties elektrotransportl\u012bdzek\u013cus k\u0101 savu p\u0101rvieto\u0161an\u0101s l\u012bdzekli. Uzst\u0101dot EVB uzl\u0101des stacijas darba viet\u0101s, m\u016bsu klienti apliecina savu ap\u0146em\u0161anos nodro\u0161in\u0101t ilgtsp\u0113j\u012bbu un nodro\u0161ina v\u0113rt\u012bgas \u0113rt\u012bbas saviem darbiniekiem. M\u0113s lepojamies ar to, ka atbalst\u0101m videi draudz\u012bgas iniciat\u012bvas un \u013caujam uz\u0146\u0113mumiem dot ieguld\u012bjumu za\u013c\u0101k\u0101 n\u0101kotn\u0113.<\/p>\n\n\n\n<h2 class=\"wp-block-heading\"><strong>Vienk\u0101r\u0161i pievienojiet ier\u012bci un s\u0101ciet darbu: \u0113rta uzl\u0101de darbiniekiem<\/strong><strong><\/strong><\/h2>\n\n\n\n<p>\u0112rt\u012bbas ir galvenais, run\u0101jot par uzl\u0101di darba viet\u0101. EVB pied\u0101v\u0101 uzl\u0101des risin\u0101jumus, kas priorit\u0101ri nosaka darbinieku vajadz\u012bbas, padarot vi\u0146iem vienk\u0101r\u0161u un \u0113rtu elektroauto uzl\u0101di. Ar m\u016bsu EV Solutions uzl\u0101des stacij\u0101m darbinieki var vienk\u0101r\u0161i piesl\u0113gt savus transportl\u012bdzek\u013cus un doties uz darbu bez jebk\u0101d\u0101m probl\u0113m\u0101m. M\u0113s saprotam netrauc\u0113tas uzl\u0101des pieredzes noz\u012bmi, un m\u016bsu produkti ir izstr\u0101d\u0101ti, lai to nodro\u0161in\u0101tu. M\u016bsu uz\u0146\u0113mums ir ap\u0146\u0113mies nodro\u0161in\u0101t, lai m\u016bsu klientu darbiniekiem darba viet\u0101 b\u016btu \u0113rts un efekt\u012bvs uzl\u0101des risin\u0101jums.<\/p>\n\n\n\n<h2 class=\"wp-block-heading\"><strong>Izdevumu un finan\u0161u p\u0101rvald\u012bba: efekt\u012bva r\u0113\u0137inu izrakst\u012b\u0161ana un datu uzraudz\u012bba uz\u0146\u0113mumiem<\/strong><strong><\/strong><\/h2>\n\n\n\n<p>Uz\u0146\u0113mumiem ir nepiecie\u0161ami efekt\u012bvi r\u012bki, lai p\u0101rvald\u012btu izdevumus un finanses, kas saist\u012btas ar uzl\u0101di darba viet\u0101. EVB pied\u0101v\u0101 nor\u0113\u0137inu un datu uzraudz\u012bbas risin\u0101jumus, kas pal\u012bdz uz\u0146\u0113mumiem sekot l\u012bdzi uzl\u0101des lietojumam un izmaks\u0101m. M\u016bsu uzlabot\u0101s sist\u0113mas sniedz prec\u012bzu nor\u0113\u0137inu inform\u0101ciju, \u013caujot uz\u0146\u0113mumiem atbilsto\u0161i sadal\u012bt izmaksas. Turkl\u0101t m\u016bsu datu uzraudz\u012bbas funkcijas sniedz v\u0113rt\u012bgu ieskatu uzl\u0101des mode\u013cos, lieto\u0161anas tendenc\u0113s un ener\u0123ijas pat\u0113ri\u0146\u0101. Izmantojot \u0161o inform\u0101ciju, uz\u0146\u0113mumi var pie\u0146emt p\u0101rdom\u0101tus l\u0113mumus par sav\u0101m ener\u0123ijas p\u0101rvald\u012bbas strat\u0113\u0123ij\u0101m. M\u016bsu m\u0113r\u0137is ir nodro\u0161in\u0101t m\u016bsu klientus ar r\u012bkiem, kas nepiecie\u0161ami, lai efekt\u012bvi p\u0101rvald\u012btu savus izdevumus un finanses, kas saist\u012btas ar uzl\u0101di darba viet\u0101.<\/p>\n\n\n\n<h2 class=\"wp-block-heading\"><strong>Secin\u0101jums<\/strong><strong><\/strong><\/h2>\n\n\n\n<p>Nosl\u0113gum\u0101 j\u0101saka, ka EVB ir ap\u0146\u0113musies veicin\u0101t p\u0101reju uz elektrotransportl\u012bdzek\u013ciem, izmantojot darba vietas uzl\u0101des risin\u0101jumus. M\u016bsu uzticam\u0101s EV Solutions uzl\u0101des stacijas atbalsta videi draudz\u012bgas iniciat\u012bvas un nodro\u0161ina \u0113rtu un bezr\u016bp\u012bgu uzl\u0101des pieredzi darbiniekiem. M\u0113s pied\u0101v\u0101jam ar\u012b efekt\u012bvus nor\u0113\u0137inu un datu uzraudz\u012bbas r\u012bkus, kas pal\u012bdz uz\u0146\u0113mumiem p\u0101rvald\u012bt savus izdevumus un finanses, kas saist\u012btas ar uzl\u0101di darba viet\u0101. Uzticieties m\u016bsu uz\u0146\u0113mumam EVB, lai nodro\u0161in\u0101tu j\u016bs ar uzticamiem un efekt\u012bviem darba vietas uzl\u0101des risin\u0101jumiem, mums kop\u012bgi str\u0101d\u0101jot, lai rad\u012btu ilgtsp\u0113j\u012bgu un za\u013c\u0101ku transporta n\u0101kotni.<\/p>","protected":false},"excerpt":{"rendered":"<p>The transition to electric vehicles (EVs) is gaining momentum, and workplace charging plays a crucial role in supporting this shift. At EVB, our company is dedicated to driving the transition to EVs by providing reliable workplace charging solutions. Let&#8217;s explore how our products and services support eco-friendly initiatives, offer convenient charging options for employees, and [&hellip;]<\/p>","protected":false},"author":3,"featured_media":0,"comment_status":"open","ping_status":"open","sticky":false,"template":"","format":"standard","meta":{"footnotes":""},"categories":[48],"tags":[],"class_list":["post-10766","post","type-post","status-publish","format-standard","hentry","category-short-blog"],"acf":[],"yoast_head":"<!-- This site is optimized with the Yoast SEO plugin v27.4 - https:\/\/yoast.com\/product\/yoast-seo-wordpress\/ -->\n<title>Workplace Charging: Driving the Transition to Electric Vehicles<\/title>\n<meta name=\"description\" content=\"The transition to electric vehicles (EVs) is gaining momentum, and workplace charging plays a crucial role in supporting this shift.\" \/>\n<meta name=\"robots\" content=\"index, follow, max-snippet:-1, max-image-preview:large, max-video-preview:-1\" \/>\n<link rel=\"canonical\" href=\"https:\/\/www.evb.com\/lv\/workplace-charging-driving-the-transition-to-electric-vehicles\/\" \/>\n<meta property=\"og:locale\" content=\"lv_LV\" \/>\n<meta property=\"og:type\" content=\"article\" \/>\n<meta property=\"og:title\" content=\"Workplace Charging: Driving the Transition to Electric Vehicles\" \/>\n<meta property=\"og:description\" content=\"The transition to electric vehicles (EVs) is gaining momentum, and workplace charging plays a crucial role in supporting this shift.\" \/>\n<meta property=\"og:url\" content=\"https:\/\/www.evb.com\/lv\/workplace-charging-driving-the-transition-to-electric-vehicles\/\" \/>\n<meta property=\"og:site_name\" content=\"EVB\" \/>\n<meta property=\"article:published_time\" content=\"2024-02-18T06:14:49+00:00\" \/>\n<meta name=\"author\" content=\"evb\" \/>\n<meta name=\"twitter:card\" content=\"summary_large_image\" \/>\n<meta name=\"twitter:label1\" content=\"Written by\" \/>\n\t<meta name=\"twitter:data1\" content=\"evb\" \/>\n\t<meta name=\"twitter:label2\" content=\"Est. reading time\" \/>\n\t<meta name=\"twitter:data2\" content=\"3 min\u016btes\" \/>\n<script type=\"application\/ld+json\" class=\"yoast-schema-graph\">{\"@context\":\"https:\\\/\\\/schema.org\",\"@graph\":[{\"@type\":\"Article\",\"@id\":\"https:\\\/\\\/www.evb.com\\\/workplace-charging-driving-the-transition-to-electric-vehicles\\\/#article\",\"isPartOf\":{\"@id\":\"https:\\\/\\\/www.evb.com\\\/workplace-charging-driving-the-transition-to-electric-vehicles\\\/\"},\"author\":{\"name\":\"evb\",\"@id\":\"https:\\\/\\\/www.evb.com\\\/#\\\/schema\\\/person\\\/fe8f0137976034abdfd2ae4f8c5682d0\"},\"headline\":\"Workplace Charging: Driving the Transition to Electric Vehicles\",\"datePublished\":\"2024-02-18T06:14:49+00:00\",\"mainEntityOfPage\":{\"@id\":\"https:\\\/\\\/www.evb.com\\\/workplace-charging-driving-the-transition-to-electric-vehicles\\\/\"},\"wordCount\":444,\"commentCount\":0,\"publisher\":{\"@id\":\"https:\\\/\\\/www.evb.com\\\/#organization\"},\"articleSection\":[\"Short Blog\"],\"inLanguage\":\"lv-LV\",\"potentialAction\":[{\"@type\":\"CommentAction\",\"name\":\"Comment\",\"target\":[\"https:\\\/\\\/www.evb.com\\\/workplace-charging-driving-the-transition-to-electric-vehicles\\\/#respond\"]}]},{\"@type\":\"WebPage\",\"@id\":\"https:\\\/\\\/www.evb.com\\\/workplace-charging-driving-the-transition-to-electric-vehicles\\\/\",\"url\":\"https:\\\/\\\/www.evb.com\\\/workplace-charging-driving-the-transition-to-electric-vehicles\\\/\",\"name\":\"Workplace Charging: Driving the Transition to Electric Vehicles\",\"isPartOf\":{\"@id\":\"https:\\\/\\\/www.evb.com\\\/#website\"},\"datePublished\":\"2024-02-18T06:14:49+00:00\",\"description\":\"The transition to electric vehicles (EVs) is gaining momentum, and workplace charging plays a crucial role in supporting this shift.\",\"breadcrumb\":{\"@id\":\"https:\\\/\\\/www.evb.com\\\/workplace-charging-driving-the-transition-to-electric-vehicles\\\/#breadcrumb\"},\"inLanguage\":\"lv-LV\",\"potentialAction\":[{\"@type\":\"ReadAction\",\"target\":[\"https:\\\/\\\/www.evb.com\\\/workplace-charging-driving-the-transition-to-electric-vehicles\\\/\"]}]},{\"@type\":\"BreadcrumbList\",\"@id\":\"https:\\\/\\\/www.evb.com\\\/workplace-charging-driving-the-transition-to-electric-vehicles\\\/#breadcrumb\",\"itemListElement\":[{\"@type\":\"ListItem\",\"position\":1,\"name\":\"Home\",\"item\":\"https:\\\/\\\/www.evb.com\\\/\"},{\"@type\":\"ListItem\",\"position\":2,\"name\":\"Workplace Charging: Driving the Transition to Electric Vehicles\"}]},{\"@type\":\"WebSite\",\"@id\":\"https:\\\/\\\/www.evb.com\\\/#website\",\"url\":\"https:\\\/\\\/www.evb.com\\\/\",\"name\":\"EVB\",\"description\":\"Smart EV Charging &amp; Energy Storage Solutions\",\"publisher\":{\"@id\":\"https:\\\/\\\/www.evb.com\\\/#organization\"},\"potentialAction\":[{\"@type\":\"SearchAction\",\"target\":{\"@type\":\"EntryPoint\",\"urlTemplate\":\"https:\\\/\\\/www.evb.com\\\/?s={search_term_string}\"},\"query-input\":{\"@type\":\"PropertyValueSpecification\",\"valueRequired\":true,\"valueName\":\"search_term_string\"}}],\"inLanguage\":\"lv-LV\"},{\"@type\":\"Organization\",\"@id\":\"https:\\\/\\\/www.evb.com\\\/#organization\",\"name\":\"EVB\",\"url\":\"https:\\\/\\\/www.evb.com\\\/\",\"logo\":{\"@type\":\"ImageObject\",\"inLanguage\":\"lv-LV\",\"@id\":\"https:\\\/\\\/www.evb.com\\\/#\\\/schema\\\/logo\\\/image\\\/\",\"url\":\"https:\\\/\\\/www.evb.com\\\/wp-content\\\/uploads\\\/2021\\\/03\\\/evb-3.png\",\"contentUrl\":\"https:\\\/\\\/www.evb.com\\\/wp-content\\\/uploads\\\/2021\\\/03\\\/evb-3.png\",\"width\":605,\"height\":626,\"caption\":\"EVB\"},\"image\":{\"@id\":\"https:\\\/\\\/www.evb.com\\\/#\\\/schema\\\/logo\\\/image\\\/\"}},{\"@type\":\"Person\",\"@id\":\"https:\\\/\\\/www.evb.com\\\/#\\\/schema\\\/person\\\/fe8f0137976034abdfd2ae4f8c5682d0\",\"name\":\"evb\",\"image\":{\"@type\":\"ImageObject\",\"inLanguage\":\"lv-LV\",\"@id\":\"https:\\\/\\\/secure.gravatar.com\\\/avatar\\\/6919cc4e91e3745783933e1263b15b0bed21b5e46f2b1e21643aa8b29240d0f7?s=96&d=mm&r=g\",\"url\":\"https:\\\/\\\/secure.gravatar.com\\\/avatar\\\/6919cc4e91e3745783933e1263b15b0bed21b5e46f2b1e21643aa8b29240d0f7?s=96&d=mm&r=g\",\"contentUrl\":\"https:\\\/\\\/secure.gravatar.com\\\/avatar\\\/6919cc4e91e3745783933e1263b15b0bed21b5e46f2b1e21643aa8b29240d0f7?s=96&d=mm&r=g\",\"caption\":\"evb\"}}]}<\/script>\n<!-- \/ Yoast SEO plugin. -->","yoast_head_json":{"title":"Workplace Charging: Driving the Transition to Electric Vehicles","description":"The transition to electric vehicles (EVs) is gaining momentum, and workplace charging plays a crucial role in supporting this shift.","robots":{"index":"index","follow":"follow","max-snippet":"max-snippet:-1","max-image-preview":"max-image-preview:large","max-video-preview":"max-video-preview:-1"},"canonical":"https:\/\/www.evb.com\/lv\/workplace-charging-driving-the-transition-to-electric-vehicles\/","og_locale":"lv_LV","og_type":"article","og_title":"Workplace Charging: Driving the Transition to Electric Vehicles","og_description":"The transition to electric vehicles (EVs) is gaining momentum, and workplace charging plays a crucial role in supporting this shift.","og_url":"https:\/\/www.evb.com\/lv\/workplace-charging-driving-the-transition-to-electric-vehicles\/","og_site_name":"EVB","article_published_time":"2024-02-18T06:14:49+00:00","author":"evb","twitter_card":"summary_large_image","twitter_misc":{"Written by":"evb","Est. reading time":"3 min\u016btes"},"schema":{"@context":"https:\/\/schema.org","@graph":[{"@type":"Article","@id":"https:\/\/www.evb.com\/workplace-charging-driving-the-transition-to-electric-vehicles\/#article","isPartOf":{"@id":"https:\/\/www.evb.com\/workplace-charging-driving-the-transition-to-electric-vehicles\/"},"author":{"name":"evb","@id":"https:\/\/www.evb.com\/#\/schema\/person\/fe8f0137976034abdfd2ae4f8c5682d0"},"headline":"Workplace Charging: Driving the Transition to Electric Vehicles","datePublished":"2024-02-18T06:14:49+00:00","mainEntityOfPage":{"@id":"https:\/\/www.evb.com\/workplace-charging-driving-the-transition-to-electric-vehicles\/"},"wordCount":444,"commentCount":0,"publisher":{"@id":"https:\/\/www.evb.com\/#organization"},"articleSection":["Short Blog"],"inLanguage":"lv-LV","potentialAction":[{"@type":"CommentAction","name":"Comment","target":["https:\/\/www.evb.com\/workplace-charging-driving-the-transition-to-electric-vehicles\/#respond"]}]},{"@type":"WebPage","@id":"https:\/\/www.evb.com\/workplace-charging-driving-the-transition-to-electric-vehicles\/","url":"https:\/\/www.evb.com\/workplace-charging-driving-the-transition-to-electric-vehicles\/","name":"Workplace Charging: Driving the Transition to Electric Vehicles","isPartOf":{"@id":"https:\/\/www.evb.com\/#website"},"datePublished":"2024-02-18T06:14:49+00:00","description":"The transition to electric vehicles (EVs) is gaining momentum, and workplace charging plays a crucial role in supporting this shift.","breadcrumb":{"@id":"https:\/\/www.evb.com\/workplace-charging-driving-the-transition-to-electric-vehicles\/#breadcrumb"},"inLanguage":"lv-LV","potentialAction":[{"@type":"ReadAction","target":["https:\/\/www.evb.com\/workplace-charging-driving-the-transition-to-electric-vehicles\/"]}]},{"@type":"BreadcrumbList","@id":"https:\/\/www.evb.com\/workplace-charging-driving-the-transition-to-electric-vehicles\/#breadcrumb","itemListElement":[{"@type":"ListItem","position":1,"name":"Home","item":"https:\/\/www.evb.com\/"},{"@type":"ListItem","position":2,"name":"Workplace Charging: Driving the Transition to Electric Vehicles"}]},{"@type":"WebSite","@id":"https:\/\/www.evb.com\/#website","url":"https:\/\/www.evb.com\/","name":"EVB","description":"Smart EV Charging &amp; Energy Storage Solutions","publisher":{"@id":"https:\/\/www.evb.com\/#organization"},"potentialAction":[{"@type":"SearchAction","target":{"@type":"EntryPoint","urlTemplate":"https:\/\/www.evb.com\/?s={search_term_string}"},"query-input":{"@type":"PropertyValueSpecification","valueRequired":true,"valueName":"search_term_string"}}],"inLanguage":"lv-LV"},{"@type":"Organization","@id":"https:\/\/www.evb.com\/#organization","name":"EVB","url":"https:\/\/www.evb.com\/","logo":{"@type":"ImageObject","inLanguage":"lv-LV","@id":"https:\/\/www.evb.com\/#\/schema\/logo\/image\/","url":"https:\/\/www.evb.com\/wp-content\/uploads\/2021\/03\/evb-3.png","contentUrl":"https:\/\/www.evb.com\/wp-content\/uploads\/2021\/03\/evb-3.png","width":605,"height":626,"caption":"EVB"},"image":{"@id":"https:\/\/www.evb.com\/#\/schema\/logo\/image\/"}},{"@type":"Person","@id":"https:\/\/www.evb.com\/#\/schema\/person\/fe8f0137976034abdfd2ae4f8c5682d0","name":"evb","image":{"@type":"ImageObject","inLanguage":"lv-LV","@id":"https:\/\/secure.gravatar.com\/avatar\/6919cc4e91e3745783933e1263b15b0bed21b5e46f2b1e21643aa8b29240d0f7?s=96&d=mm&r=g","url":"https:\/\/secure.gravatar.com\/avatar\/6919cc4e91e3745783933e1263b15b0bed21b5e46f2b1e21643aa8b29240d0f7?s=96&d=mm&r=g","contentUrl":"https:\/\/secure.gravatar.com\/avatar\/6919cc4e91e3745783933e1263b15b0bed21b5e46f2b1e21643aa8b29240d0f7?s=96&d=mm&r=g","caption":"evb"}}]}},"_links":{"self":[{"href":"https:\/\/www.evb.com\/lv\/wp-json\/wp\/v2\/posts\/10766","targetHints":{"allow":["GET"]}}],"collection":[{"href":"https:\/\/www.evb.com\/lv\/wp-json\/wp\/v2\/posts"}],"about":[{"href":"https:\/\/www.evb.com\/lv\/wp-json\/wp\/v2\/types\/post"}],"author":[{"embeddable":true,"href":"https:\/\/www.evb.com\/lv\/wp-json\/wp\/v2\/users\/3"}],"replies":[{"embeddable":true,"href":"https:\/\/www.evb.com\/lv\/wp-json\/wp\/v2\/comments?post=10766"}],"version-history":[{"count":1,"href":"https:\/\/www.evb.com\/lv\/wp-json\/wp\/v2\/posts\/10766\/revisions"}],"predecessor-version":[{"id":10767,"href":"https:\/\/www.evb.com\/lv\/wp-json\/wp\/v2\/posts\/10766\/revisions\/10767"}],"wp:attachment":[{"href":"https:\/\/www.evb.com\/lv\/wp-json\/wp\/v2\/media?parent=10766"}],"wp:term":[{"taxonomy":"category","embeddable":true,"href":"https:\/\/www.evb.com\/lv\/wp-json\/wp\/v2\/categories?post=10766"},{"taxonomy":"post_tag","embeddable":true,"href":"https:\/\/www.evb.com\/lv\/wp-json\/wp\/v2\/tags?post=10766"}],"curies":[{"name":"wp","href":"https:\/\/api.w.org\/{rel}","templated":true}]}}