{"id":8978,"date":"2023-12-13T09:38:18","date_gmt":"2023-12-13T01:38:18","guid":{"rendered":"https:\/\/www.evb.com\/?p=8978"},"modified":"2024-02-29T11:21:01","modified_gmt":"2024-02-29T03:21:01","slug":"evbs-smart-wall-mounted-ac-ev-charger","status":"publish","type":"post","link":"https:\/\/www.evb.com\/lv\/evbs-smart-wall-mounted-ac-ev-charger\/","title":{"rendered":"EVB viedais sienas mai\u0146str\u0101vas EV l\u0101d\u0113t\u0101js: fut\u016bristiska pieeja elektrotransportl\u012bdzek\u013cu uzl\u0101dei"},"content":{"rendered":"<p>K\u0101 elektrotransportl\u012bdzek\u013cu (EV) uzl\u0101des nozares l\u012bderis, <a href=\"https:\/\/www.evb.com\/lv\">EVB<\/a> past\u0101v\u012bgi pace\u013c lati\u0146u ar inovat\u012bviem risin\u0101jumiem, kas no jauna defin\u0113 uzl\u0101des pieredzi. M\u016bsu ap\u0146em\u0161anos sasniegt izcil\u012bbu spilgti atspogu\u013co pie sienas stiprin\u0101mais mai\u0146str\u0101vas elektrotransportl\u012bdzek\u013cu l\u0101d\u0113t\u0101js \u2014 izsmalcin\u0101ts un inteli\u0123ents uzl\u0101des risin\u0101jums, kas izstr\u0101d\u0101ts, lai apmierin\u0101tu m\u016bsdienu elektrotransportl\u012bdzek\u013cu lietot\u0101ju da\u017e\u0101d\u0101s vajadz\u012bbas. Izp\u0113t\u012bsim m\u016bsu rakstur\u012bg\u0101s iez\u012bmes. <a href=\"https:\/\/www.evb.com\/lv\/product-item\/ac-ev-charger-with-socket-2\/\">sienas stiprin\u0101ma elektrisk\u0101s automa\u0161\u012bnas uzl\u0101des ier\u012bce<\/a> atsevi\u0161\u0137i, uzsverot viedu un lietot\u0101jam draudz\u012bgu pieeju elektrotransportl\u012bdzek\u013cu uzl\u0101dei.<\/p>\n\n\n\n<figure class=\"wp-block-image size-full\"><img loading=\"lazy\" decoding=\"async\" width=\"1280\" height=\"720\" src=\"https:\/\/www.evb.com\/wp-content\/uploads\/2023\/12\/18.jpg\" alt=\"18\" class=\"wp-image-8979\" srcset=\"https:\/\/www.evb.com\/wp-content\/uploads\/2023\/12\/18.jpg 1280w, https:\/\/www.evb.com\/wp-content\/uploads\/2023\/12\/18-600x338.jpg 600w, https:\/\/www.evb.com\/wp-content\/uploads\/2023\/12\/18-768x432.jpg 768w\" sizes=\"auto, (max-width: 1280px) 100vw, 1280px\" \/><\/figure>\n\n\n\n<h2 class=\"wp-block-heading\">Elektromobi\u013cu uzl\u0101des n\u0101kotnes pionieri<\/h2>\n\n\n\n<p>EVB ir inov\u0101ciju un uzticam\u012bbas etalons elektroautomobi\u013cu uzl\u0101des nozar\u0113. Ar t\u0101lredz\u012bgu pieeju un ap\u0146em\u0161anos rad\u012bt uz lietot\u0101ju orient\u0113tu dizainu m\u0113s past\u0101v\u012bgi cen\u0161amies pied\u0101v\u0101t risin\u0101jumus, kas ne tikai atbilst, bet ar\u012b p\u0101rsniedz elektroautomobi\u013cu lietot\u0101ju cer\u012bbas. M\u016bsu pie sienas stiprin\u0101mais mai\u0146str\u0101vas elektroautomobi\u013cu uzl\u0101des meh\u0101nisms ir apliecin\u0101jums \u0161ai ap\u0146em\u0161an\u0101s, nodro\u0161inot neman\u0101mu tehnolo\u0123iju, efektivit\u0101tes un lietot\u0101ja \u0113rt\u012bbu apvienojumu.<\/p>\n\n\n\n<h2 class=\"wp-block-heading\">Viedais sienas mai\u0146str\u0101vas elektroautomobi\u013cu l\u0101d\u0113t\u0101js: uzl\u0101des dinamikas p\u0101rdefin\u0113\u0161ana<\/h2>\n\n\n\n<p>EVB sienas stiprin\u0101mais mai\u0146str\u0101vas elektroautomobi\u013cu l\u0101d\u0113t\u0101js nav tikai uzl\u0101des stacija; tas ir ieskats elektroautomobi\u013cu uzl\u0101des n\u0101kotn\u0113. \u0160eit ir galvenie elementi, kas padara m\u016bsu sienas stiprin\u0101mo elektroautomobi\u013cu l\u0101d\u0113t\u0101ju par viedu un fut\u016bristisku izv\u0113li:<\/p>\n\n\n\n<p><strong>1. Vied\u0101s lietotnes integr\u0101cija<\/strong><\/p>\n\n\n\n<p>M\u016bsu mai\u0146str\u0101vas elektroautomobi\u013cu l\u0101d\u0113t\u0101js ir apr\u012bkots ar viedo lietotni, kas lietot\u0101jiem pied\u0101v\u0101 v\u0113l nebiju\u0161u kontroli p\u0101r uzl\u0101des pieredzi. Ar lietotnes pal\u012bdz\u012bbu lietot\u0101ji var att\u0101lin\u0101ti uzraudz\u012bt uzl\u0101des sesijas, izsekot ener\u0123ijas pat\u0113ri\u0146am un pat pl\u0101not uzl\u0101des laikus. \u0160\u0101da \u0113rt\u012bbu un piel\u0101go\u0161anas iesp\u0113ja neman\u0101mi atbilst m\u016bsdienu elektroautomobi\u013cu lietot\u0101ju modernajam, savienotajam dz\u012bvesveidam.<\/p>\n\n\n\n<p><strong>2. OCPP 1.6J protokols<\/strong><\/p>\n\n\n\n<p>L\u0101d\u0113t\u0101js izmanto Open Charge Point Protocol (OCPP) 1.6J, kas ir pla\u0161i atz\u012bts standarts sazi\u0146ai starp uzl\u0101des stacij\u0101m un centr\u0101laj\u0101m p\u0101rvald\u012bbas sist\u0113m\u0101m. Tas nodro\u0161ina sader\u012bbu un savstarp\u0113ju izmantojam\u012bbu, \u013caujot lietot\u0101jiem elast\u012bgi piesl\u0113gties un p\u0101rvald\u012bt savu uzl\u0101des infrastrukt\u016bru.<\/p>\n\n\n\n<p><strong>3. Daudzpus\u012bgas savienojam\u012bbas iesp\u0113jas<\/strong><\/p>\n\n\n\n<p>Ar Wi-Fi, Ethernet, Bluetooth un 4G savienojam\u012bbas iesp\u0113j\u0101m m\u016bsu pie sienas stiprin\u0101mais l\u0101d\u0113t\u0101js pied\u0101v\u0101 lietot\u0101jiem pla\u0161u izv\u0113les iesp\u0113ju kl\u0101stu netrauc\u0113tai sazi\u0146ai. Neatkar\u012bgi no t\u0101, vai lietot\u0101ji dod priek\u0161roku Wi-Fi \u0113rt\u012bb\u0101m, Ethernet uzticam\u012bbai, Bluetooth tuvumam vai 4G mobilit\u0101tei, m\u016bsu l\u0101d\u0113t\u0101js piel\u0101gojas da\u017e\u0101d\u0101m savienojam\u012bbas vajadz\u012bb\u0101m.<\/p>\n\n\n\n<p><strong>4. Piln\u012bgas aizsardz\u012bbas meh\u0101nismi<\/strong><\/p>\n\n\n\n<p>Dro\u0161\u012bba ir \u0101rk\u0101rt\u012bgi svar\u012bga elektroauto uzl\u0101des proces\u0101, un m\u016bsu sienas uzl\u0101des ier\u012bcei priorit\u0101te ir piln\u012bga aizsardz\u012bba. S\u0101kot ar p\u0101rslodzes aizsardz\u012bbu un beidzot ar p\u0101rkar\u0161anas aizsardz\u012bbu, mai\u0146str\u0101vas elektroauto uzl\u0101des ier\u012bce nodro\u0161ina dro\u0161u un uzticamu uzl\u0101des procesu, sniedzot lietot\u0101jiem sirdsmieru.<\/p>\n\n\n\n<h2 class=\"wp-block-heading\">Secin\u0101jums<\/h2>\n\n\n\n<p>EVB viedais sienas mai\u0146str\u0101vas elektroautomobi\u013cu l\u0101d\u0113t\u0101js nav tikai uzl\u0101des risin\u0101jums; tas ir ieskats elektromobilit\u0101tes n\u0101kotn\u0113. Ar t\u0101d\u0101m funkcij\u0101m k\u0101 vied\u0101s lietotnes integr\u0101cija, OCPP 1.6J protokols, daudzpus\u012bgas savienojam\u012bbas iesp\u0113jas un sp\u0113c\u012bgi aizsardz\u012bbas meh\u0101nismi, m\u016bsu sienas elektroautomobi\u013cu l\u0101d\u0113t\u0101js apliecina m\u016bsu ap\u0146em\u0161anos nodro\u0161in\u0101t uzl\u0101des pieredzi, kas ir inteli\u0123enta, efekt\u012bva un piel\u0101gota m\u016bsdienu elektroautomobi\u013cu lietot\u0101ju vajadz\u012bb\u0101m. Pievienojieties mums, veidojot elektromobilit\u0101tes n\u0101kotni, kur EVB ir l\u012bderis ar modern\u0101kaj\u0101m tehnolo\u0123ij\u0101m un ap\u0146em\u0161anos sasniegt izcil\u012bbu.<\/p>","protected":false},"excerpt":{"rendered":"<p>As a frontrunner in the electric vehicle (EV) charging industry, EVB consistently raises the bar with innovative solutions that redefine the charging experience. Our commitment to excellence is vividly portrayed in the wall-mounted AC EV Charger, a sophisticated and intelligent charging solution designed to meet the diverse needs of modern EV users. Let&#8217;s explore the [&hellip;]<\/p>","protected":false},"author":3,"featured_media":9335,"comment_status":"open","ping_status":"open","sticky":false,"template":"","format":"standard","meta":{"footnotes":""},"categories":[48],"tags":[],"class_list":["post-8978","post","type-post","status-publish","format-standard","has-post-thumbnail","hentry","category-short-blog"],"acf":[],"yoast_head":"<!-- This site is optimized with the Yoast SEO plugin v27.4 - https:\/\/yoast.com\/product\/yoast-seo-wordpress\/ -->\n<title>EVB&#039;s Smart wall mounted AC EV Charger: A Futuristic Approach to Electric Vehicle Charging<\/title>\n<meta name=\"description\" content=\"Let&#039;s explore the distinctive features that set our wall-mounted electric car charger apart, emphasizing a smart and user-friendly approach to EV charging.\" \/>\n<meta name=\"robots\" content=\"index, follow, max-snippet:-1, max-image-preview:large, max-video-preview:-1\" \/>\n<link rel=\"canonical\" href=\"https:\/\/www.evb.com\/lv\/evbs-smart-wall-mounted-ac-ev-charger\/\" \/>\n<meta property=\"og:locale\" content=\"lv_LV\" \/>\n<meta property=\"og:type\" content=\"article\" \/>\n<meta property=\"og:title\" content=\"EVB&#039;s Smart wall mounted AC EV Charger: A Futuristic Approach to Electric Vehicle Charging\" \/>\n<meta property=\"og:description\" content=\"Let&#039;s explore the distinctive features that set our wall-mounted electric car charger apart, emphasizing a smart and user-friendly approach to EV charging.\" \/>\n<meta property=\"og:url\" content=\"https:\/\/www.evb.com\/lv\/evbs-smart-wall-mounted-ac-ev-charger\/\" \/>\n<meta property=\"og:site_name\" content=\"EVB\" \/>\n<meta property=\"article:published_time\" content=\"2023-12-13T01:38:18+00:00\" \/>\n<meta property=\"article:modified_time\" content=\"2024-02-29T03:21:01+00:00\" \/>\n<meta property=\"og:image\" content=\"https:\/\/www.evb.com\/wp-content\/uploads\/2023\/12\/4.png\" \/>\n\t<meta property=\"og:image:width\" content=\"1160\" \/>\n\t<meta property=\"og:image:height\" content=\"870\" \/>\n\t<meta property=\"og:image:type\" content=\"image\/png\" \/>\n<meta name=\"author\" content=\"evb\" \/>\n<meta name=\"twitter:card\" content=\"summary_large_image\" \/>\n<meta name=\"twitter:label1\" content=\"Written by\" \/>\n\t<meta name=\"twitter:data1\" content=\"evb\" \/>\n\t<meta name=\"twitter:label2\" content=\"Est. reading time\" \/>\n\t<meta name=\"twitter:data2\" content=\"3 min\u016btes\" \/>\n<script type=\"application\/ld+json\" class=\"yoast-schema-graph\">{\"@context\":\"https:\\\/\\\/schema.org\",\"@graph\":[{\"@type\":\"Article\",\"@id\":\"https:\\\/\\\/www.evb.com\\\/evbs-smart-wall-mounted-ac-ev-charger\\\/#article\",\"isPartOf\":{\"@id\":\"https:\\\/\\\/www.evb.com\\\/evbs-smart-wall-mounted-ac-ev-charger\\\/\"},\"author\":{\"name\":\"evb\",\"@id\":\"https:\\\/\\\/www.evb.com\\\/#\\\/schema\\\/person\\\/fe8f0137976034abdfd2ae4f8c5682d0\"},\"headline\":\"EVB&#8217;s Smart wall mounted AC EV Charger: A Futuristic Approach to Electric Vehicle Charging\",\"datePublished\":\"2023-12-13T01:38:18+00:00\",\"dateModified\":\"2024-02-29T03:21:01+00:00\",\"mainEntityOfPage\":{\"@id\":\"https:\\\/\\\/www.evb.com\\\/evbs-smart-wall-mounted-ac-ev-charger\\\/\"},\"wordCount\":477,\"commentCount\":0,\"publisher\":{\"@id\":\"https:\\\/\\\/www.evb.com\\\/#organization\"},\"image\":{\"@id\":\"https:\\\/\\\/www.evb.com\\\/evbs-smart-wall-mounted-ac-ev-charger\\\/#primaryimage\"},\"thumbnailUrl\":\"https:\\\/\\\/www.evb.com\\\/wp-content\\\/uploads\\\/2023\\\/12\\\/4.png\",\"articleSection\":[\"Short Blog\"],\"inLanguage\":\"lv-LV\",\"potentialAction\":[{\"@type\":\"CommentAction\",\"name\":\"Comment\",\"target\":[\"https:\\\/\\\/www.evb.com\\\/evbs-smart-wall-mounted-ac-ev-charger\\\/#respond\"]}]},{\"@type\":\"WebPage\",\"@id\":\"https:\\\/\\\/www.evb.com\\\/evbs-smart-wall-mounted-ac-ev-charger\\\/\",\"url\":\"https:\\\/\\\/www.evb.com\\\/evbs-smart-wall-mounted-ac-ev-charger\\\/\",\"name\":\"EVB's Smart wall mounted AC EV Charger: A Futuristic Approach to Electric Vehicle Charging\",\"isPartOf\":{\"@id\":\"https:\\\/\\\/www.evb.com\\\/#website\"},\"primaryImageOfPage\":{\"@id\":\"https:\\\/\\\/www.evb.com\\\/evbs-smart-wall-mounted-ac-ev-charger\\\/#primaryimage\"},\"image\":{\"@id\":\"https:\\\/\\\/www.evb.com\\\/evbs-smart-wall-mounted-ac-ev-charger\\\/#primaryimage\"},\"thumbnailUrl\":\"https:\\\/\\\/www.evb.com\\\/wp-content\\\/uploads\\\/2023\\\/12\\\/4.png\",\"datePublished\":\"2023-12-13T01:38:18+00:00\",\"dateModified\":\"2024-02-29T03:21:01+00:00\",\"description\":\"Let's explore the distinctive features that set our wall-mounted electric car charger apart, emphasizing a smart and user-friendly approach to EV charging.\",\"breadcrumb\":{\"@id\":\"https:\\\/\\\/www.evb.com\\\/evbs-smart-wall-mounted-ac-ev-charger\\\/#breadcrumb\"},\"inLanguage\":\"lv-LV\",\"potentialAction\":[{\"@type\":\"ReadAction\",\"target\":[\"https:\\\/\\\/www.evb.com\\\/evbs-smart-wall-mounted-ac-ev-charger\\\/\"]}]},{\"@type\":\"ImageObject\",\"inLanguage\":\"lv-LV\",\"@id\":\"https:\\\/\\\/www.evb.com\\\/evbs-smart-wall-mounted-ac-ev-charger\\\/#primaryimage\",\"url\":\"https:\\\/\\\/www.evb.com\\\/wp-content\\\/uploads\\\/2023\\\/12\\\/4.png\",\"contentUrl\":\"https:\\\/\\\/www.evb.com\\\/wp-content\\\/uploads\\\/2023\\\/12\\\/4.png\",\"width\":1160,\"height\":870,\"caption\":\"4\"},{\"@type\":\"BreadcrumbList\",\"@id\":\"https:\\\/\\\/www.evb.com\\\/evbs-smart-wall-mounted-ac-ev-charger\\\/#breadcrumb\",\"itemListElement\":[{\"@type\":\"ListItem\",\"position\":1,\"name\":\"Home\",\"item\":\"https:\\\/\\\/www.evb.com\\\/\"},{\"@type\":\"ListItem\",\"position\":2,\"name\":\"EVB&#8217;s Smart wall mounted AC EV Charger: A Futuristic Approach to Electric Vehicle Charging\"}]},{\"@type\":\"WebSite\",\"@id\":\"https:\\\/\\\/www.evb.com\\\/#website\",\"url\":\"https:\\\/\\\/www.evb.com\\\/\",\"name\":\"EVB\",\"description\":\"Smart EV Charging &amp; Energy Storage Solutions\",\"publisher\":{\"@id\":\"https:\\\/\\\/www.evb.com\\\/#organization\"},\"potentialAction\":[{\"@type\":\"SearchAction\",\"target\":{\"@type\":\"EntryPoint\",\"urlTemplate\":\"https:\\\/\\\/www.evb.com\\\/?s={search_term_string}\"},\"query-input\":{\"@type\":\"PropertyValueSpecification\",\"valueRequired\":true,\"valueName\":\"search_term_string\"}}],\"inLanguage\":\"lv-LV\"},{\"@type\":\"Organization\",\"@id\":\"https:\\\/\\\/www.evb.com\\\/#organization\",\"name\":\"EVB\",\"url\":\"https:\\\/\\\/www.evb.com\\\/\",\"logo\":{\"@type\":\"ImageObject\",\"inLanguage\":\"lv-LV\",\"@id\":\"https:\\\/\\\/www.evb.com\\\/#\\\/schema\\\/logo\\\/image\\\/\",\"url\":\"https:\\\/\\\/www.evb.com\\\/wp-content\\\/uploads\\\/2021\\\/03\\\/evb-3.png\",\"contentUrl\":\"https:\\\/\\\/www.evb.com\\\/wp-content\\\/uploads\\\/2021\\\/03\\\/evb-3.png\",\"width\":605,\"height\":626,\"caption\":\"EVB\"},\"image\":{\"@id\":\"https:\\\/\\\/www.evb.com\\\/#\\\/schema\\\/logo\\\/image\\\/\"}},{\"@type\":\"Person\",\"@id\":\"https:\\\/\\\/www.evb.com\\\/#\\\/schema\\\/person\\\/fe8f0137976034abdfd2ae4f8c5682d0\",\"name\":\"evb\",\"image\":{\"@type\":\"ImageObject\",\"inLanguage\":\"lv-LV\",\"@id\":\"https:\\\/\\\/secure.gravatar.com\\\/avatar\\\/6919cc4e91e3745783933e1263b15b0bed21b5e46f2b1e21643aa8b29240d0f7?s=96&d=mm&r=g\",\"url\":\"https:\\\/\\\/secure.gravatar.com\\\/avatar\\\/6919cc4e91e3745783933e1263b15b0bed21b5e46f2b1e21643aa8b29240d0f7?s=96&d=mm&r=g\",\"contentUrl\":\"https:\\\/\\\/secure.gravatar.com\\\/avatar\\\/6919cc4e91e3745783933e1263b15b0bed21b5e46f2b1e21643aa8b29240d0f7?s=96&d=mm&r=g\",\"caption\":\"evb\"}}]}<\/script>\n<!-- \/ Yoast SEO plugin. -->","yoast_head_json":{"title":"EVB's Smart wall mounted AC EV Charger: A Futuristic Approach to Electric Vehicle Charging","description":"Let's explore the distinctive features that set our wall-mounted electric car charger apart, emphasizing a smart and user-friendly approach to EV charging.","robots":{"index":"index","follow":"follow","max-snippet":"max-snippet:-1","max-image-preview":"max-image-preview:large","max-video-preview":"max-video-preview:-1"},"canonical":"https:\/\/www.evb.com\/lv\/evbs-smart-wall-mounted-ac-ev-charger\/","og_locale":"lv_LV","og_type":"article","og_title":"EVB's Smart wall mounted AC EV Charger: A Futuristic Approach to Electric Vehicle Charging","og_description":"Let's explore the distinctive features that set our wall-mounted electric car charger apart, emphasizing a smart and user-friendly approach to EV charging.","og_url":"https:\/\/www.evb.com\/lv\/evbs-smart-wall-mounted-ac-ev-charger\/","og_site_name":"EVB","article_published_time":"2023-12-13T01:38:18+00:00","article_modified_time":"2024-02-29T03:21:01+00:00","og_image":[{"width":1160,"height":870,"url":"https:\/\/www.evb.com\/wp-content\/uploads\/2023\/12\/4.png","type":"image\/png"}],"author":"evb","twitter_card":"summary_large_image","twitter_misc":{"Written by":"evb","Est. reading time":"3 min\u016btes"},"schema":{"@context":"https:\/\/schema.org","@graph":[{"@type":"Article","@id":"https:\/\/www.evb.com\/evbs-smart-wall-mounted-ac-ev-charger\/#article","isPartOf":{"@id":"https:\/\/www.evb.com\/evbs-smart-wall-mounted-ac-ev-charger\/"},"author":{"name":"evb","@id":"https:\/\/www.evb.com\/#\/schema\/person\/fe8f0137976034abdfd2ae4f8c5682d0"},"headline":"EVB&#8217;s Smart wall mounted AC EV Charger: A Futuristic Approach to Electric Vehicle Charging","datePublished":"2023-12-13T01:38:18+00:00","dateModified":"2024-02-29T03:21:01+00:00","mainEntityOfPage":{"@id":"https:\/\/www.evb.com\/evbs-smart-wall-mounted-ac-ev-charger\/"},"wordCount":477,"commentCount":0,"publisher":{"@id":"https:\/\/www.evb.com\/#organization"},"image":{"@id":"https:\/\/www.evb.com\/evbs-smart-wall-mounted-ac-ev-charger\/#primaryimage"},"thumbnailUrl":"https:\/\/www.evb.com\/wp-content\/uploads\/2023\/12\/4.png","articleSection":["Short Blog"],"inLanguage":"lv-LV","potentialAction":[{"@type":"CommentAction","name":"Comment","target":["https:\/\/www.evb.com\/evbs-smart-wall-mounted-ac-ev-charger\/#respond"]}]},{"@type":"WebPage","@id":"https:\/\/www.evb.com\/evbs-smart-wall-mounted-ac-ev-charger\/","url":"https:\/\/www.evb.com\/evbs-smart-wall-mounted-ac-ev-charger\/","name":"EVB's Smart wall mounted AC EV Charger: A Futuristic Approach to Electric Vehicle Charging","isPartOf":{"@id":"https:\/\/www.evb.com\/#website"},"primaryImageOfPage":{"@id":"https:\/\/www.evb.com\/evbs-smart-wall-mounted-ac-ev-charger\/#primaryimage"},"image":{"@id":"https:\/\/www.evb.com\/evbs-smart-wall-mounted-ac-ev-charger\/#primaryimage"},"thumbnailUrl":"https:\/\/www.evb.com\/wp-content\/uploads\/2023\/12\/4.png","datePublished":"2023-12-13T01:38:18+00:00","dateModified":"2024-02-29T03:21:01+00:00","description":"Let's explore the distinctive features that set our wall-mounted electric car charger apart, emphasizing a smart and user-friendly approach to EV charging.","breadcrumb":{"@id":"https:\/\/www.evb.com\/evbs-smart-wall-mounted-ac-ev-charger\/#breadcrumb"},"inLanguage":"lv-LV","potentialAction":[{"@type":"ReadAction","target":["https:\/\/www.evb.com\/evbs-smart-wall-mounted-ac-ev-charger\/"]}]},{"@type":"ImageObject","inLanguage":"lv-LV","@id":"https:\/\/www.evb.com\/evbs-smart-wall-mounted-ac-ev-charger\/#primaryimage","url":"https:\/\/www.evb.com\/wp-content\/uploads\/2023\/12\/4.png","contentUrl":"https:\/\/www.evb.com\/wp-content\/uploads\/2023\/12\/4.png","width":1160,"height":870,"caption":"4"},{"@type":"BreadcrumbList","@id":"https:\/\/www.evb.com\/evbs-smart-wall-mounted-ac-ev-charger\/#breadcrumb","itemListElement":[{"@type":"ListItem","position":1,"name":"Home","item":"https:\/\/www.evb.com\/"},{"@type":"ListItem","position":2,"name":"EVB&#8217;s Smart wall mounted AC EV Charger: A Futuristic Approach to Electric Vehicle Charging"}]},{"@type":"WebSite","@id":"https:\/\/www.evb.com\/#website","url":"https:\/\/www.evb.com\/","name":"EVB","description":"Smart EV Charging &amp; Energy Storage Solutions","publisher":{"@id":"https:\/\/www.evb.com\/#organization"},"potentialAction":[{"@type":"SearchAction","target":{"@type":"EntryPoint","urlTemplate":"https:\/\/www.evb.com\/?s={search_term_string}"},"query-input":{"@type":"PropertyValueSpecification","valueRequired":true,"valueName":"search_term_string"}}],"inLanguage":"lv-LV"},{"@type":"Organization","@id":"https:\/\/www.evb.com\/#organization","name":"EVB","url":"https:\/\/www.evb.com\/","logo":{"@type":"ImageObject","inLanguage":"lv-LV","@id":"https:\/\/www.evb.com\/#\/schema\/logo\/image\/","url":"https:\/\/www.evb.com\/wp-content\/uploads\/2021\/03\/evb-3.png","contentUrl":"https:\/\/www.evb.com\/wp-content\/uploads\/2021\/03\/evb-3.png","width":605,"height":626,"caption":"EVB"},"image":{"@id":"https:\/\/www.evb.com\/#\/schema\/logo\/image\/"}},{"@type":"Person","@id":"https:\/\/www.evb.com\/#\/schema\/person\/fe8f0137976034abdfd2ae4f8c5682d0","name":"evb","image":{"@type":"ImageObject","inLanguage":"lv-LV","@id":"https:\/\/secure.gravatar.com\/avatar\/6919cc4e91e3745783933e1263b15b0bed21b5e46f2b1e21643aa8b29240d0f7?s=96&d=mm&r=g","url":"https:\/\/secure.gravatar.com\/avatar\/6919cc4e91e3745783933e1263b15b0bed21b5e46f2b1e21643aa8b29240d0f7?s=96&d=mm&r=g","contentUrl":"https:\/\/secure.gravatar.com\/avatar\/6919cc4e91e3745783933e1263b15b0bed21b5e46f2b1e21643aa8b29240d0f7?s=96&d=mm&r=g","caption":"evb"}}]}},"_links":{"self":[{"href":"https:\/\/www.evb.com\/lv\/wp-json\/wp\/v2\/posts\/8978","targetHints":{"allow":["GET"]}}],"collection":[{"href":"https:\/\/www.evb.com\/lv\/wp-json\/wp\/v2\/posts"}],"about":[{"href":"https:\/\/www.evb.com\/lv\/wp-json\/wp\/v2\/types\/post"}],"author":[{"embeddable":true,"href":"https:\/\/www.evb.com\/lv\/wp-json\/wp\/v2\/users\/3"}],"replies":[{"embeddable":true,"href":"https:\/\/www.evb.com\/lv\/wp-json\/wp\/v2\/comments?post=8978"}],"version-history":[{"count":1,"href":"https:\/\/www.evb.com\/lv\/wp-json\/wp\/v2\/posts\/8978\/revisions"}],"predecessor-version":[{"id":8980,"href":"https:\/\/www.evb.com\/lv\/wp-json\/wp\/v2\/posts\/8978\/revisions\/8980"}],"wp:featuredmedia":[{"embeddable":true,"href":"https:\/\/www.evb.com\/lv\/wp-json\/wp\/v2\/media\/9335"}],"wp:attachment":[{"href":"https:\/\/www.evb.com\/lv\/wp-json\/wp\/v2\/media?parent=8978"}],"wp:term":[{"taxonomy":"category","embeddable":true,"href":"https:\/\/www.evb.com\/lv\/wp-json\/wp\/v2\/categories?post=8978"},{"taxonomy":"post_tag","embeddable":true,"href":"https:\/\/www.evb.com\/lv\/wp-json\/wp\/v2\/tags?post=8978"}],"curies":[{"name":"wp","href":"https:\/\/api.w.org\/{rel}","templated":true}]}}