{"id":10766,"date":"2024-02-18T14:14:49","date_gmt":"2024-02-18T06:14:49","guid":{"rendered":"https:\/\/www.evb.com\/?p=10766"},"modified":"2024-01-30T14:16:34","modified_gmt":"2024-01-30T06:16:34","slug":"workplace-charging-driving-the-transition-to-electric-vehicles","status":"publish","type":"post","link":"https:\/\/www.evb.com\/pt\/workplace-charging-driving-the-transition-to-electric-vehicles\/","title":{"rendered":"Carregamento no local de trabalho: impulsionando a transi\u00e7\u00e3o para ve\u00edculos el\u00e9tricos"},"content":{"rendered":"<p>A transi\u00e7\u00e3o para ve\u00edculos el\u00e9tricos (VEs) est\u00e1 ganhando for\u00e7a, e o carregamento no local de trabalho desempenha um papel crucial no apoio a essa mudan\u00e7a. <a href=\"https:\/\/www.evb.com\/pt\"><u>EVB<\/u><\/a>, nossa empresa se dedica a impulsionar a transi\u00e7\u00e3o para ve\u00edculos el\u00e9tricos, fornecendo solu\u00e7\u00f5es confi\u00e1veis de carregamento no local de trabalho. Vamos explorar como nossos produtos e servi\u00e7os apoiam iniciativas ecol\u00f3gicas, oferecem op\u00e7\u00f5es de carregamento convenientes para funcion\u00e1rios e ajudam as empresas a gerenciar despesas e finan\u00e7as de forma eficaz.<\/p>\n\n\n\n<h2 class=\"wp-block-heading\"><strong>Ponto de carregamento confi\u00e1vel no local de trabalho: apoiando iniciativas ecol\u00f3gicas<\/strong><strong><\/strong><\/h2>\n\n\n\n<p>A EVB compreende a import\u00e2ncia da cobran\u00e7a no local de trabalho na promo\u00e7\u00e3o de iniciativas ecologicamente corretas. <a href=\"https:\/\/www.evb.com\/pt\/por-industria\/\"><u>Esta\u00e7\u00e3o de carregamento de solu\u00e7\u00f5es EV<\/u><\/a>Oferecemos um ponto de recarga confi\u00e1vel para os funcion\u00e1rios, incentivando-os a adotar ve\u00edculos el\u00e9tricos como meio de transporte. Ao instalar esta\u00e7\u00f5es de recarga EVB nos locais de trabalho, nossos clientes demonstram seu compromisso com a sustentabilidade e oferecem um servi\u00e7o valioso para seus funcion\u00e1rios. Temos orgulho de apoiar iniciativas ecol\u00f3gicas e permitir que as empresas contribuam para um futuro mais verde.<\/p>\n\n\n\n<h2 class=\"wp-block-heading\"><strong>Basta conectar e come\u00e7ar a trabalhar: carregamento conveniente para funcion\u00e1rios<\/strong><strong><\/strong><\/h2>\n\n\n\n<p>Conveni\u00eancia \u00e9 fundamental quando se trata de carregamento no local de trabalho. A EVB oferece solu\u00e7\u00f5es de carregamento que priorizam as necessidades dos funcion\u00e1rios, tornando o carregamento de seus ve\u00edculos el\u00e9tricos simples e f\u00e1cil. Com nossas esta\u00e7\u00f5es de carregamento EV Solutions, os funcion\u00e1rios podem simplesmente conectar seus ve\u00edculos e come\u00e7ar a trabalhar sem complica\u00e7\u00f5es. Entendemos a import\u00e2ncia de uma experi\u00eancia de carregamento perfeita e nossos produtos s\u00e3o projetados para oferecer exatamente isso. Nossa empresa est\u00e1 comprometida em garantir que os funcion\u00e1rios de nossos clientes tenham uma solu\u00e7\u00e3o de carregamento conveniente e eficiente em seus locais de trabalho.<\/p>\n\n\n\n<h2 class=\"wp-block-heading\"><strong>Gerencie despesas e finan\u00e7as: faturamento eficaz e monitoramento de dados para empresas<\/strong><strong><\/strong><\/h2>\n\n\n\n<p>As empresas precisam de ferramentas eficazes para gerenciar despesas e finan\u00e7as associadas \u00e0 recarga no local de trabalho. Na EVB, oferecemos solu\u00e7\u00f5es de faturamento e monitoramento de dados que ajudam as empresas a monitorar seu uso e custos de recarga. Nossos sistemas avan\u00e7ados fornecem informa\u00e7\u00f5es precisas de faturamento, permitindo que as empresas aloquem custos adequadamente. Al\u00e9m disso, nossos recursos de monitoramento de dados oferecem insights valiosos sobre padr\u00f5es de recarga, tend\u00eancias de uso e consumo de energia. Com essas informa\u00e7\u00f5es, as empresas podem tomar decis\u00f5es informadas sobre suas estrat\u00e9gias de gest\u00e3o de energia. Nosso objetivo \u00e9 fornecer aos nossos clientes as ferramentas necess\u00e1rias para gerenciar com efic\u00e1cia suas despesas e finan\u00e7as relacionadas \u00e0 recarga no local de trabalho.<\/p>\n\n\n\n<h2 class=\"wp-block-heading\"><strong>Conclus\u00e3o<\/strong><strong><\/strong><\/h2>\n\n\n\n<p>Em suma, a EVB est\u00e1 comprometida em impulsionar a transi\u00e7\u00e3o para ve\u00edculos el\u00e9tricos por meio de solu\u00e7\u00f5es de carregamento no local de trabalho. Nossas confi\u00e1veis esta\u00e7\u00f5es de carregamento EV Solutions apoiam iniciativas ecol\u00f3gicas e proporcionam uma experi\u00eancia de carregamento conveniente e descomplicada para os funcion\u00e1rios. Tamb\u00e9m oferecemos ferramentas eficazes de faturamento e monitoramento de dados para ajudar as empresas a gerenciar suas despesas e finan\u00e7as associadas ao carregamento no local de trabalho. Confie em nossa empresa, a EVB, para fornecer solu\u00e7\u00f5es de carregamento confi\u00e1veis e eficientes no local de trabalho, enquanto trabalhamos juntos para criar um futuro sustent\u00e1vel e mais verde para o transporte.<\/p>","protected":false},"excerpt":{"rendered":"<p>A transi\u00e7\u00e3o para ve\u00edculos el\u00e9tricos (VEs) est\u00e1 ganhando for\u00e7a, e o carregamento no local de trabalho desempenha um papel crucial nesse processo. Na EVB, nossa empresa se dedica a impulsionar a transi\u00e7\u00e3o para VEs, fornecendo solu\u00e7\u00f5es confi\u00e1veis de carregamento no ambiente de trabalho. Vamos explorar como nossos produtos e servi\u00e7os apoiam iniciativas ecol\u00f3gicas, oferecem op\u00e7\u00f5es de carregamento convenientes para os funcion\u00e1rios e [\u2026]<\/p>","protected":false},"author":3,"featured_media":0,"comment_status":"open","ping_status":"open","sticky":false,"template":"","format":"standard","meta":{"footnotes":""},"categories":[48],"tags":[],"class_list":["post-10766","post","type-post","status-publish","format-standard","hentry","category-short-blog"],"acf":[],"yoast_head":"<!-- This site is optimized with the Yoast SEO plugin v27.4 - https:\/\/yoast.com\/product\/yoast-seo-wordpress\/ -->\n<title>Workplace Charging: Driving the Transition to Electric Vehicles<\/title>\n<meta name=\"description\" content=\"The transition to electric vehicles (EVs) is gaining momentum, and workplace charging plays a crucial role in supporting this shift.\" \/>\n<meta name=\"robots\" content=\"index, follow, max-snippet:-1, max-image-preview:large, max-video-preview:-1\" \/>\n<link rel=\"canonical\" href=\"https:\/\/www.evb.com\/pt\/workplace-charging-driving-the-transition-to-electric-vehicles\/\" \/>\n<meta property=\"og:locale\" content=\"pt_BR\" \/>\n<meta property=\"og:type\" content=\"article\" \/>\n<meta property=\"og:title\" content=\"Workplace Charging: Driving the Transition to Electric Vehicles\" \/>\n<meta property=\"og:description\" content=\"The transition to electric vehicles (EVs) is gaining momentum, and workplace charging plays a crucial role in supporting this shift.\" \/>\n<meta property=\"og:url\" content=\"https:\/\/www.evb.com\/pt\/workplace-charging-driving-the-transition-to-electric-vehicles\/\" \/>\n<meta property=\"og:site_name\" content=\"EVB\" \/>\n<meta property=\"article:published_time\" content=\"2024-02-18T06:14:49+00:00\" \/>\n<meta name=\"author\" content=\"evb\" \/>\n<meta name=\"twitter:card\" content=\"summary_large_image\" \/>\n<meta name=\"twitter:label1\" content=\"Escrito por\" \/>\n\t<meta name=\"twitter:data1\" content=\"evb\" \/>\n\t<meta name=\"twitter:label2\" content=\"Est. tempo de leitura\" \/>\n\t<meta name=\"twitter:data2\" content=\"3 minutos\" \/>\n<script type=\"application\/ld+json\" class=\"yoast-schema-graph\">{\"@context\":\"https:\\\/\\\/schema.org\",\"@graph\":[{\"@type\":\"Article\",\"@id\":\"https:\\\/\\\/www.evb.com\\\/workplace-charging-driving-the-transition-to-electric-vehicles\\\/#article\",\"isPartOf\":{\"@id\":\"https:\\\/\\\/www.evb.com\\\/workplace-charging-driving-the-transition-to-electric-vehicles\\\/\"},\"author\":{\"name\":\"evb\",\"@id\":\"https:\\\/\\\/www.evb.com\\\/#\\\/schema\\\/person\\\/fe8f0137976034abdfd2ae4f8c5682d0\"},\"headline\":\"Workplace Charging: Driving the Transition to Electric Vehicles\",\"datePublished\":\"2024-02-18T06:14:49+00:00\",\"mainEntityOfPage\":{\"@id\":\"https:\\\/\\\/www.evb.com\\\/workplace-charging-driving-the-transition-to-electric-vehicles\\\/\"},\"wordCount\":444,\"commentCount\":0,\"publisher\":{\"@id\":\"https:\\\/\\\/www.evb.com\\\/#organization\"},\"articleSection\":[\"Short Blog\"],\"inLanguage\":\"pt-BR\",\"potentialAction\":[{\"@type\":\"CommentAction\",\"name\":\"Comment\",\"target\":[\"https:\\\/\\\/www.evb.com\\\/workplace-charging-driving-the-transition-to-electric-vehicles\\\/#respond\"]}]},{\"@type\":\"WebPage\",\"@id\":\"https:\\\/\\\/www.evb.com\\\/workplace-charging-driving-the-transition-to-electric-vehicles\\\/\",\"url\":\"https:\\\/\\\/www.evb.com\\\/workplace-charging-driving-the-transition-to-electric-vehicles\\\/\",\"name\":\"Workplace Charging: Driving the Transition to Electric Vehicles\",\"isPartOf\":{\"@id\":\"https:\\\/\\\/www.evb.com\\\/#website\"},\"datePublished\":\"2024-02-18T06:14:49+00:00\",\"description\":\"The transition to electric vehicles (EVs) is gaining momentum, and workplace charging plays a crucial role in supporting this shift.\",\"breadcrumb\":{\"@id\":\"https:\\\/\\\/www.evb.com\\\/workplace-charging-driving-the-transition-to-electric-vehicles\\\/#breadcrumb\"},\"inLanguage\":\"pt-BR\",\"potentialAction\":[{\"@type\":\"ReadAction\",\"target\":[\"https:\\\/\\\/www.evb.com\\\/workplace-charging-driving-the-transition-to-electric-vehicles\\\/\"]}]},{\"@type\":\"BreadcrumbList\",\"@id\":\"https:\\\/\\\/www.evb.com\\\/workplace-charging-driving-the-transition-to-electric-vehicles\\\/#breadcrumb\",\"itemListElement\":[{\"@type\":\"ListItem\",\"position\":1,\"name\":\"Home\",\"item\":\"https:\\\/\\\/www.evb.com\\\/\"},{\"@type\":\"ListItem\",\"position\":2,\"name\":\"Workplace Charging: Driving the Transition to Electric Vehicles\"}]},{\"@type\":\"WebSite\",\"@id\":\"https:\\\/\\\/www.evb.com\\\/#website\",\"url\":\"https:\\\/\\\/www.evb.com\\\/\",\"name\":\"EVB\",\"description\":\"Smart EV Charging &amp; Energy Storage Solutions\",\"publisher\":{\"@id\":\"https:\\\/\\\/www.evb.com\\\/#organization\"},\"potentialAction\":[{\"@type\":\"SearchAction\",\"target\":{\"@type\":\"EntryPoint\",\"urlTemplate\":\"https:\\\/\\\/www.evb.com\\\/?s={search_term_string}\"},\"query-input\":{\"@type\":\"PropertyValueSpecification\",\"valueRequired\":true,\"valueName\":\"search_term_string\"}}],\"inLanguage\":\"pt-BR\"},{\"@type\":\"Organization\",\"@id\":\"https:\\\/\\\/www.evb.com\\\/#organization\",\"name\":\"EVB\",\"url\":\"https:\\\/\\\/www.evb.com\\\/\",\"logo\":{\"@type\":\"ImageObject\",\"inLanguage\":\"pt-BR\",\"@id\":\"https:\\\/\\\/www.evb.com\\\/#\\\/schema\\\/logo\\\/image\\\/\",\"url\":\"https:\\\/\\\/www.evb.com\\\/wp-content\\\/uploads\\\/2021\\\/03\\\/evb-3.png\",\"contentUrl\":\"https:\\\/\\\/www.evb.com\\\/wp-content\\\/uploads\\\/2021\\\/03\\\/evb-3.png\",\"width\":605,\"height\":626,\"caption\":\"EVB\"},\"image\":{\"@id\":\"https:\\\/\\\/www.evb.com\\\/#\\\/schema\\\/logo\\\/image\\\/\"}},{\"@type\":\"Person\",\"@id\":\"https:\\\/\\\/www.evb.com\\\/#\\\/schema\\\/person\\\/fe8f0137976034abdfd2ae4f8c5682d0\",\"name\":\"evb\",\"image\":{\"@type\":\"ImageObject\",\"inLanguage\":\"pt-BR\",\"@id\":\"https:\\\/\\\/secure.gravatar.com\\\/avatar\\\/6919cc4e91e3745783933e1263b15b0bed21b5e46f2b1e21643aa8b29240d0f7?s=96&d=mm&r=g\",\"url\":\"https:\\\/\\\/secure.gravatar.com\\\/avatar\\\/6919cc4e91e3745783933e1263b15b0bed21b5e46f2b1e21643aa8b29240d0f7?s=96&d=mm&r=g\",\"contentUrl\":\"https:\\\/\\\/secure.gravatar.com\\\/avatar\\\/6919cc4e91e3745783933e1263b15b0bed21b5e46f2b1e21643aa8b29240d0f7?s=96&d=mm&r=g\",\"caption\":\"evb\"}}]}<\/script>\n<!-- \/ Yoast SEO plugin. -->","yoast_head_json":{"title":"Workplace Charging: Driving the Transition to Electric Vehicles","description":"The transition to electric vehicles (EVs) is gaining momentum, and workplace charging plays a crucial role in supporting this shift.","robots":{"index":"index","follow":"follow","max-snippet":"max-snippet:-1","max-image-preview":"max-image-preview:large","max-video-preview":"max-video-preview:-1"},"canonical":"https:\/\/www.evb.com\/pt\/workplace-charging-driving-the-transition-to-electric-vehicles\/","og_locale":"pt_BR","og_type":"article","og_title":"Workplace Charging: Driving the Transition to Electric Vehicles","og_description":"The transition to electric vehicles (EVs) is gaining momentum, and workplace charging plays a crucial role in supporting this shift.","og_url":"https:\/\/www.evb.com\/pt\/workplace-charging-driving-the-transition-to-electric-vehicles\/","og_site_name":"EVB","article_published_time":"2024-02-18T06:14:49+00:00","author":"evb","twitter_card":"summary_large_image","twitter_misc":{"Escrito por":"evb","Est. tempo de leitura":"3 minutos"},"schema":{"@context":"https:\/\/schema.org","@graph":[{"@type":"Article","@id":"https:\/\/www.evb.com\/workplace-charging-driving-the-transition-to-electric-vehicles\/#article","isPartOf":{"@id":"https:\/\/www.evb.com\/workplace-charging-driving-the-transition-to-electric-vehicles\/"},"author":{"name":"evb","@id":"https:\/\/www.evb.com\/#\/schema\/person\/fe8f0137976034abdfd2ae4f8c5682d0"},"headline":"Workplace Charging: Driving the Transition to Electric Vehicles","datePublished":"2024-02-18T06:14:49+00:00","mainEntityOfPage":{"@id":"https:\/\/www.evb.com\/workplace-charging-driving-the-transition-to-electric-vehicles\/"},"wordCount":444,"commentCount":0,"publisher":{"@id":"https:\/\/www.evb.com\/#organization"},"articleSection":["Short Blog"],"inLanguage":"pt-BR","potentialAction":[{"@type":"CommentAction","name":"Comment","target":["https:\/\/www.evb.com\/workplace-charging-driving-the-transition-to-electric-vehicles\/#respond"]}]},{"@type":"WebPage","@id":"https:\/\/www.evb.com\/workplace-charging-driving-the-transition-to-electric-vehicles\/","url":"https:\/\/www.evb.com\/workplace-charging-driving-the-transition-to-electric-vehicles\/","name":"Workplace Charging: Driving the Transition to Electric Vehicles","isPartOf":{"@id":"https:\/\/www.evb.com\/#website"},"datePublished":"2024-02-18T06:14:49+00:00","description":"The transition to electric vehicles (EVs) is gaining momentum, and workplace charging plays a crucial role in supporting this shift.","breadcrumb":{"@id":"https:\/\/www.evb.com\/workplace-charging-driving-the-transition-to-electric-vehicles\/#breadcrumb"},"inLanguage":"pt-BR","potentialAction":[{"@type":"ReadAction","target":["https:\/\/www.evb.com\/workplace-charging-driving-the-transition-to-electric-vehicles\/"]}]},{"@type":"BreadcrumbList","@id":"https:\/\/www.evb.com\/workplace-charging-driving-the-transition-to-electric-vehicles\/#breadcrumb","itemListElement":[{"@type":"ListItem","position":1,"name":"Home","item":"https:\/\/www.evb.com\/"},{"@type":"ListItem","position":2,"name":"Workplace Charging: Driving the Transition to Electric Vehicles"}]},{"@type":"WebSite","@id":"https:\/\/www.evb.com\/#website","url":"https:\/\/www.evb.com\/","name":"EVB","description":"Smart EV Charging &amp; Energy Storage Solutions","publisher":{"@id":"https:\/\/www.evb.com\/#organization"},"potentialAction":[{"@type":"SearchAction","target":{"@type":"EntryPoint","urlTemplate":"https:\/\/www.evb.com\/?s={search_term_string}"},"query-input":{"@type":"PropertyValueSpecification","valueRequired":true,"valueName":"search_term_string"}}],"inLanguage":"pt-BR"},{"@type":"Organization","@id":"https:\/\/www.evb.com\/#organization","name":"EVB","url":"https:\/\/www.evb.com\/","logo":{"@type":"ImageObject","inLanguage":"pt-BR","@id":"https:\/\/www.evb.com\/#\/schema\/logo\/image\/","url":"https:\/\/www.evb.com\/wp-content\/uploads\/2021\/03\/evb-3.png","contentUrl":"https:\/\/www.evb.com\/wp-content\/uploads\/2021\/03\/evb-3.png","width":605,"height":626,"caption":"EVB"},"image":{"@id":"https:\/\/www.evb.com\/#\/schema\/logo\/image\/"}},{"@type":"Person","@id":"https:\/\/www.evb.com\/#\/schema\/person\/fe8f0137976034abdfd2ae4f8c5682d0","name":"evb","image":{"@type":"ImageObject","inLanguage":"pt-BR","@id":"https:\/\/secure.gravatar.com\/avatar\/6919cc4e91e3745783933e1263b15b0bed21b5e46f2b1e21643aa8b29240d0f7?s=96&d=mm&r=g","url":"https:\/\/secure.gravatar.com\/avatar\/6919cc4e91e3745783933e1263b15b0bed21b5e46f2b1e21643aa8b29240d0f7?s=96&d=mm&r=g","contentUrl":"https:\/\/secure.gravatar.com\/avatar\/6919cc4e91e3745783933e1263b15b0bed21b5e46f2b1e21643aa8b29240d0f7?s=96&d=mm&r=g","caption":"evb"}}]}},"_links":{"self":[{"href":"https:\/\/www.evb.com\/pt\/wp-json\/wp\/v2\/posts\/10766","targetHints":{"allow":["GET"]}}],"collection":[{"href":"https:\/\/www.evb.com\/pt\/wp-json\/wp\/v2\/posts"}],"about":[{"href":"https:\/\/www.evb.com\/pt\/wp-json\/wp\/v2\/types\/post"}],"author":[{"embeddable":true,"href":"https:\/\/www.evb.com\/pt\/wp-json\/wp\/v2\/users\/3"}],"replies":[{"embeddable":true,"href":"https:\/\/www.evb.com\/pt\/wp-json\/wp\/v2\/comments?post=10766"}],"version-history":[{"count":1,"href":"https:\/\/www.evb.com\/pt\/wp-json\/wp\/v2\/posts\/10766\/revisions"}],"predecessor-version":[{"id":10767,"href":"https:\/\/www.evb.com\/pt\/wp-json\/wp\/v2\/posts\/10766\/revisions\/10767"}],"wp:attachment":[{"href":"https:\/\/www.evb.com\/pt\/wp-json\/wp\/v2\/media?parent=10766"}],"wp:term":[{"taxonomy":"category","embeddable":true,"href":"https:\/\/www.evb.com\/pt\/wp-json\/wp\/v2\/categories?post=10766"},{"taxonomy":"post_tag","embeddable":true,"href":"https:\/\/www.evb.com\/pt\/wp-json\/wp\/v2\/tags?post=10766"}],"curies":[{"name":"wp","href":"https:\/\/api.w.org\/{rel}","templated":true}]}}