{"id":10766,"date":"2024-02-18T14:14:49","date_gmt":"2024-02-18T06:14:49","guid":{"rendered":"https:\/\/www.evb.com\/?p=10766"},"modified":"2024-01-30T14:16:34","modified_gmt":"2024-01-30T06:16:34","slug":"workplace-charging-driving-the-transition-to-electric-vehicles","status":"publish","type":"post","link":"https:\/\/www.evb.com\/ro\/workplace-charging-driving-the-transition-to-electric-vehicles\/","title":{"rendered":"\u00cenc\u0103rcarea la locul de munc\u0103: Impulsul tranzi\u021biei c\u0103tre vehicule electrice"},"content":{"rendered":"<p>Tranzi\u021bia c\u0103tre vehiculele electrice (VE) c\u00e2\u0219tig\u0103 teren, iar \u00eenc\u0103rcarea la locul de munc\u0103 joac\u0103 un rol crucial \u00een sus\u021binerea acestei schimb\u0103ri. La <a href=\"https:\/\/www.evb.com\/ro\"><u>EVB<\/u><\/a>, compania noastr\u0103 este dedicat\u0103 impulsion\u0103rii tranzi\u021biei c\u0103tre vehicule electrice prin furnizarea de solu\u021bii fiabile de \u00eenc\u0103rcare la locul de munc\u0103. S\u0103 explor\u0103m modul \u00een care produsele \u0219i serviciile noastre sus\u021bin ini\u021biativele ecologice, ofer\u0103 op\u021biuni convenabile de \u00eenc\u0103rcare pentru angaja\u021bi \u0219i ajut\u0103 companiile s\u0103 gestioneze eficient cheltuielile \u0219i finan\u021bele.<\/p>\n\n\n\n<h2 class=\"wp-block-heading\"><strong>Punct de \u00eenc\u0103rcare fiabil la locul de munc\u0103: Sus\u021binerea ini\u021biativelor ecologice<\/strong><strong><\/strong><\/h2>\n\n\n\n<p>EVB \u00een\u021belege importan\u021ba \u00eenc\u0103rc\u0103rii la locul de munc\u0103 \u00een promovarea ini\u021biativelor ecologice. <a href=\"https:\/\/www.evb.com\/ro\/by-industry\/\"><u>Sta\u021bie de \u00eenc\u0103rcare pentru solu\u021bii EV<\/u><\/a>ofer\u0103 un punct de \u00eenc\u0103rcare fiabil pentru angaja\u021bi, \u00eencuraj\u00e2ndu-i s\u0103 adopte vehiculele electrice ca mijloc de transport. Prin instalarea sta\u021biilor de \u00eenc\u0103rcare EVB la locurile de munc\u0103, clien\u021bii no\u0219tri \u00ee\u0219i demonstreaz\u0103 angajamentul fa\u021b\u0103 de sustenabilitate \u0219i ofer\u0103 o facilitate valoroas\u0103 angaja\u021bilor lor. Ne m\u00e2ndrim cu sus\u021binerea ini\u021biativelor ecologice \u0219i cu faptul c\u0103 permitem companiilor s\u0103 contribuie la un viitor mai verde.<\/p>\n\n\n\n<h2 class=\"wp-block-heading\"><strong>Pur \u0219i simplu conecta\u021bi la priz\u0103 \u0219i \u00eencepe\u021bi lucrul: \u00cenc\u0103rcare convenabil\u0103 pentru angaja\u021bi<\/strong><strong><\/strong><\/h2>\n\n\n\n<p>Comoditatea este esen\u021bial\u0103 atunci c\u00e2nd vine vorba de \u00eenc\u0103rcarea la locul de munc\u0103. EVB ofer\u0103 solu\u021bii de \u00eenc\u0103rcare care prioritizeaz\u0103 nevoile angaja\u021bilor, simplific\u00e2nd \u0219i f\u0103r\u0103 efort \u00eenc\u0103rcarea vehiculelor electrice. Cu sta\u021biile noastre de \u00eenc\u0103rcare EV Solutions, angaja\u021bii \u00ee\u0219i pot conecta pur \u0219i simplu vehiculele \u0219i pot ajunge la munc\u0103 f\u0103r\u0103 nicio problem\u0103. \u00cen\u021belegem importan\u021ba unei experien\u021be de \u00eenc\u0103rcare f\u0103r\u0103 probleme, iar produsele noastre sunt concepute pentru a oferi exact acest lucru. Compania noastr\u0103 se angajeaz\u0103 s\u0103 se asigure c\u0103 angaja\u021bii clien\u021bilor no\u0219tri au o solu\u021bie de \u00eenc\u0103rcare convenabil\u0103 \u0219i eficient\u0103 la locul lor de munc\u0103.<\/p>\n\n\n\n<h2 class=\"wp-block-heading\"><strong>Gestiona\u021bi cheltuielile \u0219i finan\u021bele: Facturare eficient\u0103 \u0219i monitorizare a datelor pentru companii<\/strong><strong><\/strong><\/h2>\n\n\n\n<p>Companiile au nevoie de instrumente eficiente pentru a gestiona cheltuielile \u0219i finan\u021bele asociate cu \u00eenc\u0103rcarea la locul de munc\u0103. La EVB, oferim solu\u021bii de facturare \u0219i monitorizare a datelor care ajut\u0103 companiile s\u0103 \u021bin\u0103 eviden\u021ba utiliz\u0103rii \u0219i costurilor de \u00eenc\u0103rcare. Sistemele noastre avansate ofer\u0103 informa\u021bii precise despre facturare, permi\u021b\u00e2nd companiilor s\u0103 aloce costurile \u00een mod corespunz\u0103tor. \u00cen plus, func\u021biile noastre de monitorizare a datelor ofer\u0103 informa\u021bii valoroase despre modelele de \u00eenc\u0103rcare, tendin\u021bele de utilizare \u0219i consumul de energie. Cu aceste informa\u021bii, companiile pot lua decizii informate cu privire la strategiile lor de gestionare a energiei. Ne propunem s\u0103 oferim clien\u021bilor no\u0219tri instrumentele de care au nevoie pentru a-\u0219i gestiona eficient cheltuielile \u0219i finan\u021bele legate de \u00eenc\u0103rcarea la locul de munc\u0103.<\/p>\n\n\n\n<h2 class=\"wp-block-heading\"><strong>Concluzie<\/strong><strong><\/strong><\/h2>\n\n\n\n<p>\u00cen concluzie, EVB se angajeaz\u0103 s\u0103 impulsioneze tranzi\u021bia c\u0103tre vehicule electrice prin solu\u021bii de \u00eenc\u0103rcare la locul de munc\u0103. Sta\u021biile noastre de \u00eenc\u0103rcare EV Solutions fiabile sus\u021bin ini\u021biativele ecologice \u0219i ofer\u0103 o experien\u021b\u0103 de \u00eenc\u0103rcare convenabil\u0103 \u0219i f\u0103r\u0103 probleme pentru angaja\u021bi. De asemenea, oferim instrumente eficiente de facturare \u0219i monitorizare a datelor pentru a ajuta companiile s\u0103 \u00ee\u0219i gestioneze cheltuielile \u0219i finan\u021bele asociate cu \u00eenc\u0103rcarea la locul de munc\u0103. Ave\u021bi \u00eencredere \u00een compania noastr\u0103, EVB, pentru a v\u0103 oferi solu\u021bii de \u00eenc\u0103rcare la locul de munc\u0103 fiabile \u0219i eficiente, \u00een timp ce lucr\u0103m \u00eempreun\u0103 pentru a crea un viitor sustenabil \u0219i mai ecologic al transporturilor.<\/p>","protected":false},"excerpt":{"rendered":"<p>The transition to electric vehicles (EVs) is gaining momentum, and workplace charging plays a crucial role in supporting this shift. At EVB, our company is dedicated to driving the transition to EVs by providing reliable workplace charging solutions. Let&#8217;s explore how our products and services support eco-friendly initiatives, offer convenient charging options for employees, and [&hellip;]<\/p>","protected":false},"author":3,"featured_media":0,"comment_status":"open","ping_status":"open","sticky":false,"template":"","format":"standard","meta":{"footnotes":""},"categories":[48],"tags":[],"class_list":["post-10766","post","type-post","status-publish","format-standard","hentry","category-short-blog"],"acf":[],"yoast_head":"<!-- This site is optimized with the Yoast SEO plugin v27.4 - https:\/\/yoast.com\/product\/yoast-seo-wordpress\/ -->\n<title>Workplace Charging: Driving the Transition to Electric Vehicles<\/title>\n<meta name=\"description\" content=\"The transition to electric vehicles (EVs) is gaining momentum, and workplace charging plays a crucial role in supporting this shift.\" \/>\n<meta name=\"robots\" content=\"index, follow, max-snippet:-1, max-image-preview:large, max-video-preview:-1\" \/>\n<link rel=\"canonical\" href=\"https:\/\/www.evb.com\/ro\/workplace-charging-driving-the-transition-to-electric-vehicles\/\" \/>\n<meta property=\"og:locale\" content=\"ro_RO\" \/>\n<meta property=\"og:type\" content=\"article\" \/>\n<meta property=\"og:title\" content=\"Workplace Charging: Driving the Transition to Electric Vehicles\" \/>\n<meta property=\"og:description\" content=\"The transition to electric vehicles (EVs) is gaining momentum, and workplace charging plays a crucial role in supporting this shift.\" \/>\n<meta property=\"og:url\" content=\"https:\/\/www.evb.com\/ro\/workplace-charging-driving-the-transition-to-electric-vehicles\/\" \/>\n<meta property=\"og:site_name\" content=\"EVB\" \/>\n<meta property=\"article:published_time\" content=\"2024-02-18T06:14:49+00:00\" \/>\n<meta name=\"author\" content=\"evb\" \/>\n<meta name=\"twitter:card\" content=\"summary_large_image\" \/>\n<meta name=\"twitter:label1\" content=\"Scris de\" \/>\n\t<meta name=\"twitter:data1\" content=\"evb\" \/>\n\t<meta name=\"twitter:label2\" content=\"Timp estimat pentru citire\" \/>\n\t<meta name=\"twitter:data2\" content=\"3 minute\" \/>\n<script type=\"application\/ld+json\" class=\"yoast-schema-graph\">{\"@context\":\"https:\\\/\\\/schema.org\",\"@graph\":[{\"@type\":\"Article\",\"@id\":\"https:\\\/\\\/www.evb.com\\\/workplace-charging-driving-the-transition-to-electric-vehicles\\\/#article\",\"isPartOf\":{\"@id\":\"https:\\\/\\\/www.evb.com\\\/workplace-charging-driving-the-transition-to-electric-vehicles\\\/\"},\"author\":{\"name\":\"evb\",\"@id\":\"https:\\\/\\\/www.evb.com\\\/#\\\/schema\\\/person\\\/fe8f0137976034abdfd2ae4f8c5682d0\"},\"headline\":\"Workplace Charging: Driving the Transition to Electric Vehicles\",\"datePublished\":\"2024-02-18T06:14:49+00:00\",\"mainEntityOfPage\":{\"@id\":\"https:\\\/\\\/www.evb.com\\\/workplace-charging-driving-the-transition-to-electric-vehicles\\\/\"},\"wordCount\":444,\"commentCount\":0,\"publisher\":{\"@id\":\"https:\\\/\\\/www.evb.com\\\/#organization\"},\"articleSection\":[\"Short Blog\"],\"inLanguage\":\"ro-RO\",\"potentialAction\":[{\"@type\":\"CommentAction\",\"name\":\"Comment\",\"target\":[\"https:\\\/\\\/www.evb.com\\\/workplace-charging-driving-the-transition-to-electric-vehicles\\\/#respond\"]}]},{\"@type\":\"WebPage\",\"@id\":\"https:\\\/\\\/www.evb.com\\\/workplace-charging-driving-the-transition-to-electric-vehicles\\\/\",\"url\":\"https:\\\/\\\/www.evb.com\\\/workplace-charging-driving-the-transition-to-electric-vehicles\\\/\",\"name\":\"Workplace Charging: Driving the Transition to Electric Vehicles\",\"isPartOf\":{\"@id\":\"https:\\\/\\\/www.evb.com\\\/#website\"},\"datePublished\":\"2024-02-18T06:14:49+00:00\",\"description\":\"The transition to electric vehicles (EVs) is gaining momentum, and workplace charging plays a crucial role in supporting this shift.\",\"breadcrumb\":{\"@id\":\"https:\\\/\\\/www.evb.com\\\/workplace-charging-driving-the-transition-to-electric-vehicles\\\/#breadcrumb\"},\"inLanguage\":\"ro-RO\",\"potentialAction\":[{\"@type\":\"ReadAction\",\"target\":[\"https:\\\/\\\/www.evb.com\\\/workplace-charging-driving-the-transition-to-electric-vehicles\\\/\"]}]},{\"@type\":\"BreadcrumbList\",\"@id\":\"https:\\\/\\\/www.evb.com\\\/workplace-charging-driving-the-transition-to-electric-vehicles\\\/#breadcrumb\",\"itemListElement\":[{\"@type\":\"ListItem\",\"position\":1,\"name\":\"Home\",\"item\":\"https:\\\/\\\/www.evb.com\\\/\"},{\"@type\":\"ListItem\",\"position\":2,\"name\":\"Workplace Charging: Driving the Transition to Electric Vehicles\"}]},{\"@type\":\"WebSite\",\"@id\":\"https:\\\/\\\/www.evb.com\\\/#website\",\"url\":\"https:\\\/\\\/www.evb.com\\\/\",\"name\":\"EVB\",\"description\":\"Smart EV Charging &amp; Energy Storage Solutions\",\"publisher\":{\"@id\":\"https:\\\/\\\/www.evb.com\\\/#organization\"},\"potentialAction\":[{\"@type\":\"SearchAction\",\"target\":{\"@type\":\"EntryPoint\",\"urlTemplate\":\"https:\\\/\\\/www.evb.com\\\/?s={search_term_string}\"},\"query-input\":{\"@type\":\"PropertyValueSpecification\",\"valueRequired\":true,\"valueName\":\"search_term_string\"}}],\"inLanguage\":\"ro-RO\"},{\"@type\":\"Organization\",\"@id\":\"https:\\\/\\\/www.evb.com\\\/#organization\",\"name\":\"EVB\",\"url\":\"https:\\\/\\\/www.evb.com\\\/\",\"logo\":{\"@type\":\"ImageObject\",\"inLanguage\":\"ro-RO\",\"@id\":\"https:\\\/\\\/www.evb.com\\\/#\\\/schema\\\/logo\\\/image\\\/\",\"url\":\"https:\\\/\\\/www.evb.com\\\/wp-content\\\/uploads\\\/2021\\\/03\\\/evb-3.png\",\"contentUrl\":\"https:\\\/\\\/www.evb.com\\\/wp-content\\\/uploads\\\/2021\\\/03\\\/evb-3.png\",\"width\":605,\"height\":626,\"caption\":\"EVB\"},\"image\":{\"@id\":\"https:\\\/\\\/www.evb.com\\\/#\\\/schema\\\/logo\\\/image\\\/\"}},{\"@type\":\"Person\",\"@id\":\"https:\\\/\\\/www.evb.com\\\/#\\\/schema\\\/person\\\/fe8f0137976034abdfd2ae4f8c5682d0\",\"name\":\"evb\",\"image\":{\"@type\":\"ImageObject\",\"inLanguage\":\"ro-RO\",\"@id\":\"https:\\\/\\\/secure.gravatar.com\\\/avatar\\\/6919cc4e91e3745783933e1263b15b0bed21b5e46f2b1e21643aa8b29240d0f7?s=96&d=mm&r=g\",\"url\":\"https:\\\/\\\/secure.gravatar.com\\\/avatar\\\/6919cc4e91e3745783933e1263b15b0bed21b5e46f2b1e21643aa8b29240d0f7?s=96&d=mm&r=g\",\"contentUrl\":\"https:\\\/\\\/secure.gravatar.com\\\/avatar\\\/6919cc4e91e3745783933e1263b15b0bed21b5e46f2b1e21643aa8b29240d0f7?s=96&d=mm&r=g\",\"caption\":\"evb\"}}]}<\/script>\n<!-- \/ Yoast SEO plugin. -->","yoast_head_json":{"title":"Workplace Charging: Driving the Transition to Electric Vehicles","description":"The transition to electric vehicles (EVs) is gaining momentum, and workplace charging plays a crucial role in supporting this shift.","robots":{"index":"index","follow":"follow","max-snippet":"max-snippet:-1","max-image-preview":"max-image-preview:large","max-video-preview":"max-video-preview:-1"},"canonical":"https:\/\/www.evb.com\/ro\/workplace-charging-driving-the-transition-to-electric-vehicles\/","og_locale":"ro_RO","og_type":"article","og_title":"Workplace Charging: Driving the Transition to Electric Vehicles","og_description":"The transition to electric vehicles (EVs) is gaining momentum, and workplace charging plays a crucial role in supporting this shift.","og_url":"https:\/\/www.evb.com\/ro\/workplace-charging-driving-the-transition-to-electric-vehicles\/","og_site_name":"EVB","article_published_time":"2024-02-18T06:14:49+00:00","author":"evb","twitter_card":"summary_large_image","twitter_misc":{"Scris de":"evb","Timp estimat pentru citire":"3 minute"},"schema":{"@context":"https:\/\/schema.org","@graph":[{"@type":"Article","@id":"https:\/\/www.evb.com\/workplace-charging-driving-the-transition-to-electric-vehicles\/#article","isPartOf":{"@id":"https:\/\/www.evb.com\/workplace-charging-driving-the-transition-to-electric-vehicles\/"},"author":{"name":"evb","@id":"https:\/\/www.evb.com\/#\/schema\/person\/fe8f0137976034abdfd2ae4f8c5682d0"},"headline":"Workplace Charging: Driving the Transition to Electric Vehicles","datePublished":"2024-02-18T06:14:49+00:00","mainEntityOfPage":{"@id":"https:\/\/www.evb.com\/workplace-charging-driving-the-transition-to-electric-vehicles\/"},"wordCount":444,"commentCount":0,"publisher":{"@id":"https:\/\/www.evb.com\/#organization"},"articleSection":["Short Blog"],"inLanguage":"ro-RO","potentialAction":[{"@type":"CommentAction","name":"Comment","target":["https:\/\/www.evb.com\/workplace-charging-driving-the-transition-to-electric-vehicles\/#respond"]}]},{"@type":"WebPage","@id":"https:\/\/www.evb.com\/workplace-charging-driving-the-transition-to-electric-vehicles\/","url":"https:\/\/www.evb.com\/workplace-charging-driving-the-transition-to-electric-vehicles\/","name":"Workplace Charging: Driving the Transition to Electric Vehicles","isPartOf":{"@id":"https:\/\/www.evb.com\/#website"},"datePublished":"2024-02-18T06:14:49+00:00","description":"The transition to electric vehicles (EVs) is gaining momentum, and workplace charging plays a crucial role in supporting this shift.","breadcrumb":{"@id":"https:\/\/www.evb.com\/workplace-charging-driving-the-transition-to-electric-vehicles\/#breadcrumb"},"inLanguage":"ro-RO","potentialAction":[{"@type":"ReadAction","target":["https:\/\/www.evb.com\/workplace-charging-driving-the-transition-to-electric-vehicles\/"]}]},{"@type":"BreadcrumbList","@id":"https:\/\/www.evb.com\/workplace-charging-driving-the-transition-to-electric-vehicles\/#breadcrumb","itemListElement":[{"@type":"ListItem","position":1,"name":"Home","item":"https:\/\/www.evb.com\/"},{"@type":"ListItem","position":2,"name":"Workplace Charging: Driving the Transition to Electric Vehicles"}]},{"@type":"WebSite","@id":"https:\/\/www.evb.com\/#website","url":"https:\/\/www.evb.com\/","name":"EVB","description":"Smart EV Charging &amp; Energy Storage Solutions","publisher":{"@id":"https:\/\/www.evb.com\/#organization"},"potentialAction":[{"@type":"SearchAction","target":{"@type":"EntryPoint","urlTemplate":"https:\/\/www.evb.com\/?s={search_term_string}"},"query-input":{"@type":"PropertyValueSpecification","valueRequired":true,"valueName":"search_term_string"}}],"inLanguage":"ro-RO"},{"@type":"Organization","@id":"https:\/\/www.evb.com\/#organization","name":"EVB","url":"https:\/\/www.evb.com\/","logo":{"@type":"ImageObject","inLanguage":"ro-RO","@id":"https:\/\/www.evb.com\/#\/schema\/logo\/image\/","url":"https:\/\/www.evb.com\/wp-content\/uploads\/2021\/03\/evb-3.png","contentUrl":"https:\/\/www.evb.com\/wp-content\/uploads\/2021\/03\/evb-3.png","width":605,"height":626,"caption":"EVB"},"image":{"@id":"https:\/\/www.evb.com\/#\/schema\/logo\/image\/"}},{"@type":"Person","@id":"https:\/\/www.evb.com\/#\/schema\/person\/fe8f0137976034abdfd2ae4f8c5682d0","name":"evb","image":{"@type":"ImageObject","inLanguage":"ro-RO","@id":"https:\/\/secure.gravatar.com\/avatar\/6919cc4e91e3745783933e1263b15b0bed21b5e46f2b1e21643aa8b29240d0f7?s=96&d=mm&r=g","url":"https:\/\/secure.gravatar.com\/avatar\/6919cc4e91e3745783933e1263b15b0bed21b5e46f2b1e21643aa8b29240d0f7?s=96&d=mm&r=g","contentUrl":"https:\/\/secure.gravatar.com\/avatar\/6919cc4e91e3745783933e1263b15b0bed21b5e46f2b1e21643aa8b29240d0f7?s=96&d=mm&r=g","caption":"evb"}}]}},"_links":{"self":[{"href":"https:\/\/www.evb.com\/ro\/wp-json\/wp\/v2\/posts\/10766","targetHints":{"allow":["GET"]}}],"collection":[{"href":"https:\/\/www.evb.com\/ro\/wp-json\/wp\/v2\/posts"}],"about":[{"href":"https:\/\/www.evb.com\/ro\/wp-json\/wp\/v2\/types\/post"}],"author":[{"embeddable":true,"href":"https:\/\/www.evb.com\/ro\/wp-json\/wp\/v2\/users\/3"}],"replies":[{"embeddable":true,"href":"https:\/\/www.evb.com\/ro\/wp-json\/wp\/v2\/comments?post=10766"}],"version-history":[{"count":1,"href":"https:\/\/www.evb.com\/ro\/wp-json\/wp\/v2\/posts\/10766\/revisions"}],"predecessor-version":[{"id":10767,"href":"https:\/\/www.evb.com\/ro\/wp-json\/wp\/v2\/posts\/10766\/revisions\/10767"}],"wp:attachment":[{"href":"https:\/\/www.evb.com\/ro\/wp-json\/wp\/v2\/media?parent=10766"}],"wp:term":[{"taxonomy":"category","embeddable":true,"href":"https:\/\/www.evb.com\/ro\/wp-json\/wp\/v2\/categories?post=10766"},{"taxonomy":"post_tag","embeddable":true,"href":"https:\/\/www.evb.com\/ro\/wp-json\/wp\/v2\/tags?post=10766"}],"curies":[{"name":"wp","href":"https:\/\/api.w.org\/{rel}","templated":true}]}}