{"id":10766,"date":"2024-02-18T14:14:49","date_gmt":"2024-02-18T06:14:49","guid":{"rendered":"https:\/\/www.evb.com\/?p=10766"},"modified":"2024-01-30T14:16:34","modified_gmt":"2024-01-30T06:16:34","slug":"workplace-charging-driving-the-transition-to-electric-vehicles","status":"publish","type":"post","link":"https:\/\/www.evb.com\/sv\/workplace-charging-driving-the-transition-to-electric-vehicles\/","title":{"rendered":"Laddning p\u00e5 arbetsplatsen: Att driva \u00f6verg\u00e5ngen till elfordon"},"content":{"rendered":"<p>\u00d6verg\u00e5ngen till elbilar (EV) tar fart, och laddning p\u00e5 arbetsplatsen spelar en avg\u00f6rande roll f\u00f6r att st\u00f6dja denna f\u00f6r\u00e4ndring. <a href=\"https:\/\/www.evb.com\/sv\"><u>EVB<\/u><\/a>, v\u00e5rt f\u00f6retag \u00e4r dedikerat till att driva \u00f6verg\u00e5ngen till elbilar genom att tillhandah\u00e5lla p\u00e5litliga laddningsl\u00f6sningar f\u00f6r arbetsplatser. L\u00e5t oss utforska hur v\u00e5ra produkter och tj\u00e4nster st\u00f6der milj\u00f6v\u00e4nliga initiativ, erbjuder bekv\u00e4ma laddningsalternativ f\u00f6r anst\u00e4llda och hj\u00e4lper f\u00f6retag att hantera utgifter och ekonomi effektivt.<\/p>\n\n\n\n<h2 class=\"wp-block-heading\"><strong>Tillf\u00f6rlitlig laddningsplats p\u00e5 arbetsplatsen: St\u00f6dja milj\u00f6v\u00e4nliga initiativ<\/strong><strong><\/strong><\/h2>\n\n\n\n<p>EVB f\u00f6rst\u00e5r vikten av arbetsplatsavgifter f\u00f6r att fr\u00e4mja milj\u00f6v\u00e4nliga initiativ. <a href=\"https:\/\/www.evb.com\/sv\/by-industry\/\"><u>Laddstation f\u00f6r elbilsl\u00f6sningar<\/u><\/a>s erbjuder en p\u00e5litlig laddningsplats f\u00f6r anst\u00e4llda och uppmuntrar dem att anv\u00e4nda elbilar som transportmedel. Genom att installera laddstationer f\u00f6r elbilar p\u00e5 arbetsplatser visar v\u00e5ra kunder sitt engagemang f\u00f6r h\u00e5llbarhet och erbjuder en v\u00e4rdefull bekv\u00e4mlighet f\u00f6r sina anst\u00e4llda. Vi \u00e4r stolta \u00f6ver att st\u00f6dja milj\u00f6v\u00e4nliga initiativ och g\u00f6ra det m\u00f6jligt f\u00f6r f\u00f6retag att bidra till en gr\u00f6nare framtid.<\/p>\n\n\n\n<h2 class=\"wp-block-heading\"><strong>Anslut enkelt och b\u00f6rja arbeta: Bekv\u00e4m laddning f\u00f6r anst\u00e4llda<\/strong><strong><\/strong><\/h2>\n\n\n\n<p>Bekv\u00e4mlighet \u00e4r nyckeln n\u00e4r det g\u00e4ller laddning p\u00e5 arbetsplatsen. EVB erbjuder laddningsl\u00f6sningar som prioriterar medarbetarnas behov, vilket g\u00f6r det enkelt och smidigt f\u00f6r dem att ladda sina elbilar. Med v\u00e5ra laddstationer f\u00f6r elbilar kan medarbetarna helt enkelt koppla in sina fordon och komma till jobbet utan problem. Vi f\u00f6rst\u00e5r vikten av en s\u00f6ml\u00f6s laddningsupplevelse, och v\u00e5ra produkter \u00e4r utformade f\u00f6r att ge just detta. V\u00e5rt f\u00f6retag \u00e4r engagerade i att s\u00e4kerst\u00e4lla att v\u00e5ra kunders anst\u00e4llda har en bekv\u00e4m och effektiv laddningsl\u00f6sning p\u00e5 sin arbetsplats.<\/p>\n\n\n\n<h2 class=\"wp-block-heading\"><strong>Hantera utgifter och ekonomi: Effektiv fakturering och data\u00f6vervakning f\u00f6r f\u00f6retag<\/strong><strong><\/strong><\/h2>\n\n\n\n<p>F\u00f6retag beh\u00f6ver effektiva verktyg f\u00f6r att hantera utgifter och ekonomi i samband med laddning p\u00e5 arbetsplatsen. P\u00e5 EVB erbjuder vi fakturerings- och data\u00f6vervakningsl\u00f6sningar som hj\u00e4lper f\u00f6retag att h\u00e5lla koll p\u00e5 sin laddningsanv\u00e4ndning och sina kostnader. V\u00e5ra avancerade system ger korrekt faktureringsinformation, vilket g\u00f6r det m\u00f6jligt f\u00f6r f\u00f6retag att f\u00f6rdela kostnader p\u00e5 l\u00e4mpligt s\u00e4tt. Dessutom erbjuder v\u00e5ra data\u00f6vervakningsfunktioner v\u00e4rdefulla insikter i laddningsm\u00f6nster, anv\u00e4ndningstrender och energif\u00f6rbrukning. Med denna information kan f\u00f6retag fatta v\u00e4lgrundade beslut om sina energihanteringsstrategier. Vi str\u00e4var efter att f\u00f6rse v\u00e5ra kunder med de verktyg de beh\u00f6ver f\u00f6r att effektivt hantera sina utgifter och sin ekonomi i samband med laddning p\u00e5 arbetsplatsen.<\/p>\n\n\n\n<h2 class=\"wp-block-heading\"><strong>Slutsats<\/strong><strong><\/strong><\/h2>\n\n\n\n<p>Sammanfattningsvis \u00e4r EVB engagerade i att driva \u00f6verg\u00e5ngen till elfordon genom laddningsl\u00f6sningar f\u00f6r arbetsplatser. V\u00e5ra p\u00e5litliga laddstationer f\u00f6r elbilar st\u00f6der milj\u00f6v\u00e4nliga initiativ och ger en bekv\u00e4m och problemfri laddningsupplevelse f\u00f6r anst\u00e4llda. Vi erbjuder \u00e4ven effektiva fakturerings- och data\u00f6vervakningsverktyg som hj\u00e4lper f\u00f6retag att hantera sina utgifter och sin ekonomi i samband med laddning p\u00e5 arbetsplatser. Lita p\u00e5 v\u00e5rt f\u00f6retag, EVB, f\u00f6r att f\u00f6rse dig med p\u00e5litliga och effektiva laddningsl\u00f6sningar f\u00f6r arbetsplatser, medan vi arbetar tillsammans f\u00f6r att skapa en h\u00e5llbar och gr\u00f6nare framtid f\u00f6r transporter.<\/p>","protected":false},"excerpt":{"rendered":"<p>The transition to electric vehicles (EVs) is gaining momentum, and workplace charging plays a crucial role in supporting this shift. At EVB, our company is dedicated to driving the transition to EVs by providing reliable workplace charging solutions. Let&#8217;s explore how our products and services support eco-friendly initiatives, offer convenient charging options for employees, and [&hellip;]<\/p>","protected":false},"author":3,"featured_media":0,"comment_status":"open","ping_status":"open","sticky":false,"template":"","format":"standard","meta":{"footnotes":""},"categories":[48],"tags":[],"class_list":["post-10766","post","type-post","status-publish","format-standard","hentry","category-short-blog"],"acf":[],"yoast_head":"<!-- This site is optimized with the Yoast SEO plugin v27.4 - https:\/\/yoast.com\/product\/yoast-seo-wordpress\/ -->\n<title>Workplace Charging: Driving the Transition to Electric Vehicles<\/title>\n<meta name=\"description\" content=\"The transition to electric vehicles (EVs) is gaining momentum, and workplace charging plays a crucial role in supporting this shift.\" \/>\n<meta name=\"robots\" content=\"index, follow, max-snippet:-1, max-image-preview:large, max-video-preview:-1\" \/>\n<link rel=\"canonical\" href=\"https:\/\/www.evb.com\/sv\/workplace-charging-driving-the-transition-to-electric-vehicles\/\" \/>\n<meta property=\"og:locale\" content=\"sv_SE\" \/>\n<meta property=\"og:type\" content=\"article\" \/>\n<meta property=\"og:title\" content=\"Workplace Charging: Driving the Transition to Electric Vehicles\" \/>\n<meta property=\"og:description\" content=\"The transition to electric vehicles (EVs) is gaining momentum, and workplace charging plays a crucial role in supporting this shift.\" \/>\n<meta property=\"og:url\" content=\"https:\/\/www.evb.com\/sv\/workplace-charging-driving-the-transition-to-electric-vehicles\/\" \/>\n<meta property=\"og:site_name\" content=\"EVB\" \/>\n<meta property=\"article:published_time\" content=\"2024-02-18T06:14:49+00:00\" \/>\n<meta name=\"author\" content=\"evb\" \/>\n<meta name=\"twitter:card\" content=\"summary_large_image\" \/>\n<meta name=\"twitter:label1\" content=\"Skriven av\" \/>\n\t<meta name=\"twitter:data1\" content=\"evb\" \/>\n\t<meta name=\"twitter:label2\" content=\"Ber\u00e4knad l\u00e4stid\" \/>\n\t<meta name=\"twitter:data2\" content=\"3 minuter\" \/>\n<script type=\"application\/ld+json\" class=\"yoast-schema-graph\">{\"@context\":\"https:\\\/\\\/schema.org\",\"@graph\":[{\"@type\":\"Article\",\"@id\":\"https:\\\/\\\/www.evb.com\\\/workplace-charging-driving-the-transition-to-electric-vehicles\\\/#article\",\"isPartOf\":{\"@id\":\"https:\\\/\\\/www.evb.com\\\/workplace-charging-driving-the-transition-to-electric-vehicles\\\/\"},\"author\":{\"name\":\"evb\",\"@id\":\"https:\\\/\\\/www.evb.com\\\/#\\\/schema\\\/person\\\/fe8f0137976034abdfd2ae4f8c5682d0\"},\"headline\":\"Workplace Charging: Driving the Transition to Electric Vehicles\",\"datePublished\":\"2024-02-18T06:14:49+00:00\",\"mainEntityOfPage\":{\"@id\":\"https:\\\/\\\/www.evb.com\\\/workplace-charging-driving-the-transition-to-electric-vehicles\\\/\"},\"wordCount\":444,\"commentCount\":0,\"publisher\":{\"@id\":\"https:\\\/\\\/www.evb.com\\\/#organization\"},\"articleSection\":[\"Short Blog\"],\"inLanguage\":\"sv-SE\",\"potentialAction\":[{\"@type\":\"CommentAction\",\"name\":\"Comment\",\"target\":[\"https:\\\/\\\/www.evb.com\\\/workplace-charging-driving-the-transition-to-electric-vehicles\\\/#respond\"]}]},{\"@type\":\"WebPage\",\"@id\":\"https:\\\/\\\/www.evb.com\\\/workplace-charging-driving-the-transition-to-electric-vehicles\\\/\",\"url\":\"https:\\\/\\\/www.evb.com\\\/workplace-charging-driving-the-transition-to-electric-vehicles\\\/\",\"name\":\"Workplace Charging: Driving the Transition to Electric Vehicles\",\"isPartOf\":{\"@id\":\"https:\\\/\\\/www.evb.com\\\/#website\"},\"datePublished\":\"2024-02-18T06:14:49+00:00\",\"description\":\"The transition to electric vehicles (EVs) is gaining momentum, and workplace charging plays a crucial role in supporting this shift.\",\"breadcrumb\":{\"@id\":\"https:\\\/\\\/www.evb.com\\\/workplace-charging-driving-the-transition-to-electric-vehicles\\\/#breadcrumb\"},\"inLanguage\":\"sv-SE\",\"potentialAction\":[{\"@type\":\"ReadAction\",\"target\":[\"https:\\\/\\\/www.evb.com\\\/workplace-charging-driving-the-transition-to-electric-vehicles\\\/\"]}]},{\"@type\":\"BreadcrumbList\",\"@id\":\"https:\\\/\\\/www.evb.com\\\/workplace-charging-driving-the-transition-to-electric-vehicles\\\/#breadcrumb\",\"itemListElement\":[{\"@type\":\"ListItem\",\"position\":1,\"name\":\"Home\",\"item\":\"https:\\\/\\\/www.evb.com\\\/\"},{\"@type\":\"ListItem\",\"position\":2,\"name\":\"Workplace Charging: Driving the Transition to Electric Vehicles\"}]},{\"@type\":\"WebSite\",\"@id\":\"https:\\\/\\\/www.evb.com\\\/#website\",\"url\":\"https:\\\/\\\/www.evb.com\\\/\",\"name\":\"EVB\",\"description\":\"Smart EV Charging &amp; Energy Storage Solutions\",\"publisher\":{\"@id\":\"https:\\\/\\\/www.evb.com\\\/#organization\"},\"potentialAction\":[{\"@type\":\"SearchAction\",\"target\":{\"@type\":\"EntryPoint\",\"urlTemplate\":\"https:\\\/\\\/www.evb.com\\\/?s={search_term_string}\"},\"query-input\":{\"@type\":\"PropertyValueSpecification\",\"valueRequired\":true,\"valueName\":\"search_term_string\"}}],\"inLanguage\":\"sv-SE\"},{\"@type\":\"Organization\",\"@id\":\"https:\\\/\\\/www.evb.com\\\/#organization\",\"name\":\"EVB\",\"url\":\"https:\\\/\\\/www.evb.com\\\/\",\"logo\":{\"@type\":\"ImageObject\",\"inLanguage\":\"sv-SE\",\"@id\":\"https:\\\/\\\/www.evb.com\\\/#\\\/schema\\\/logo\\\/image\\\/\",\"url\":\"https:\\\/\\\/www.evb.com\\\/wp-content\\\/uploads\\\/2021\\\/03\\\/evb-3.png\",\"contentUrl\":\"https:\\\/\\\/www.evb.com\\\/wp-content\\\/uploads\\\/2021\\\/03\\\/evb-3.png\",\"width\":605,\"height\":626,\"caption\":\"EVB\"},\"image\":{\"@id\":\"https:\\\/\\\/www.evb.com\\\/#\\\/schema\\\/logo\\\/image\\\/\"}},{\"@type\":\"Person\",\"@id\":\"https:\\\/\\\/www.evb.com\\\/#\\\/schema\\\/person\\\/fe8f0137976034abdfd2ae4f8c5682d0\",\"name\":\"evb\",\"image\":{\"@type\":\"ImageObject\",\"inLanguage\":\"sv-SE\",\"@id\":\"https:\\\/\\\/secure.gravatar.com\\\/avatar\\\/6919cc4e91e3745783933e1263b15b0bed21b5e46f2b1e21643aa8b29240d0f7?s=96&d=mm&r=g\",\"url\":\"https:\\\/\\\/secure.gravatar.com\\\/avatar\\\/6919cc4e91e3745783933e1263b15b0bed21b5e46f2b1e21643aa8b29240d0f7?s=96&d=mm&r=g\",\"contentUrl\":\"https:\\\/\\\/secure.gravatar.com\\\/avatar\\\/6919cc4e91e3745783933e1263b15b0bed21b5e46f2b1e21643aa8b29240d0f7?s=96&d=mm&r=g\",\"caption\":\"evb\"}}]}<\/script>\n<!-- \/ Yoast SEO plugin. -->","yoast_head_json":{"title":"Workplace Charging: Driving the Transition to Electric Vehicles","description":"The transition to electric vehicles (EVs) is gaining momentum, and workplace charging plays a crucial role in supporting this shift.","robots":{"index":"index","follow":"follow","max-snippet":"max-snippet:-1","max-image-preview":"max-image-preview:large","max-video-preview":"max-video-preview:-1"},"canonical":"https:\/\/www.evb.com\/sv\/workplace-charging-driving-the-transition-to-electric-vehicles\/","og_locale":"sv_SE","og_type":"article","og_title":"Workplace Charging: Driving the Transition to Electric Vehicles","og_description":"The transition to electric vehicles (EVs) is gaining momentum, and workplace charging plays a crucial role in supporting this shift.","og_url":"https:\/\/www.evb.com\/sv\/workplace-charging-driving-the-transition-to-electric-vehicles\/","og_site_name":"EVB","article_published_time":"2024-02-18T06:14:49+00:00","author":"evb","twitter_card":"summary_large_image","twitter_misc":{"Skriven av":"evb","Ber\u00e4knad l\u00e4stid":"3 minuter"},"schema":{"@context":"https:\/\/schema.org","@graph":[{"@type":"Article","@id":"https:\/\/www.evb.com\/workplace-charging-driving-the-transition-to-electric-vehicles\/#article","isPartOf":{"@id":"https:\/\/www.evb.com\/workplace-charging-driving-the-transition-to-electric-vehicles\/"},"author":{"name":"evb","@id":"https:\/\/www.evb.com\/#\/schema\/person\/fe8f0137976034abdfd2ae4f8c5682d0"},"headline":"Workplace Charging: Driving the Transition to Electric Vehicles","datePublished":"2024-02-18T06:14:49+00:00","mainEntityOfPage":{"@id":"https:\/\/www.evb.com\/workplace-charging-driving-the-transition-to-electric-vehicles\/"},"wordCount":444,"commentCount":0,"publisher":{"@id":"https:\/\/www.evb.com\/#organization"},"articleSection":["Short Blog"],"inLanguage":"sv-SE","potentialAction":[{"@type":"CommentAction","name":"Comment","target":["https:\/\/www.evb.com\/workplace-charging-driving-the-transition-to-electric-vehicles\/#respond"]}]},{"@type":"WebPage","@id":"https:\/\/www.evb.com\/workplace-charging-driving-the-transition-to-electric-vehicles\/","url":"https:\/\/www.evb.com\/workplace-charging-driving-the-transition-to-electric-vehicles\/","name":"Workplace Charging: Driving the Transition to Electric Vehicles","isPartOf":{"@id":"https:\/\/www.evb.com\/#website"},"datePublished":"2024-02-18T06:14:49+00:00","description":"The transition to electric vehicles (EVs) is gaining momentum, and workplace charging plays a crucial role in supporting this shift.","breadcrumb":{"@id":"https:\/\/www.evb.com\/workplace-charging-driving-the-transition-to-electric-vehicles\/#breadcrumb"},"inLanguage":"sv-SE","potentialAction":[{"@type":"ReadAction","target":["https:\/\/www.evb.com\/workplace-charging-driving-the-transition-to-electric-vehicles\/"]}]},{"@type":"BreadcrumbList","@id":"https:\/\/www.evb.com\/workplace-charging-driving-the-transition-to-electric-vehicles\/#breadcrumb","itemListElement":[{"@type":"ListItem","position":1,"name":"Home","item":"https:\/\/www.evb.com\/"},{"@type":"ListItem","position":2,"name":"Workplace Charging: Driving the Transition to Electric Vehicles"}]},{"@type":"WebSite","@id":"https:\/\/www.evb.com\/#website","url":"https:\/\/www.evb.com\/","name":"EVB","description":"Smart EV Charging &amp; Energy Storage Solutions","publisher":{"@id":"https:\/\/www.evb.com\/#organization"},"potentialAction":[{"@type":"SearchAction","target":{"@type":"EntryPoint","urlTemplate":"https:\/\/www.evb.com\/?s={search_term_string}"},"query-input":{"@type":"PropertyValueSpecification","valueRequired":true,"valueName":"search_term_string"}}],"inLanguage":"sv-SE"},{"@type":"Organization","@id":"https:\/\/www.evb.com\/#organization","name":"EVB","url":"https:\/\/www.evb.com\/","logo":{"@type":"ImageObject","inLanguage":"sv-SE","@id":"https:\/\/www.evb.com\/#\/schema\/logo\/image\/","url":"https:\/\/www.evb.com\/wp-content\/uploads\/2021\/03\/evb-3.png","contentUrl":"https:\/\/www.evb.com\/wp-content\/uploads\/2021\/03\/evb-3.png","width":605,"height":626,"caption":"EVB"},"image":{"@id":"https:\/\/www.evb.com\/#\/schema\/logo\/image\/"}},{"@type":"Person","@id":"https:\/\/www.evb.com\/#\/schema\/person\/fe8f0137976034abdfd2ae4f8c5682d0","name":"evb","image":{"@type":"ImageObject","inLanguage":"sv-SE","@id":"https:\/\/secure.gravatar.com\/avatar\/6919cc4e91e3745783933e1263b15b0bed21b5e46f2b1e21643aa8b29240d0f7?s=96&d=mm&r=g","url":"https:\/\/secure.gravatar.com\/avatar\/6919cc4e91e3745783933e1263b15b0bed21b5e46f2b1e21643aa8b29240d0f7?s=96&d=mm&r=g","contentUrl":"https:\/\/secure.gravatar.com\/avatar\/6919cc4e91e3745783933e1263b15b0bed21b5e46f2b1e21643aa8b29240d0f7?s=96&d=mm&r=g","caption":"evb"}}]}},"_links":{"self":[{"href":"https:\/\/www.evb.com\/sv\/wp-json\/wp\/v2\/posts\/10766","targetHints":{"allow":["GET"]}}],"collection":[{"href":"https:\/\/www.evb.com\/sv\/wp-json\/wp\/v2\/posts"}],"about":[{"href":"https:\/\/www.evb.com\/sv\/wp-json\/wp\/v2\/types\/post"}],"author":[{"embeddable":true,"href":"https:\/\/www.evb.com\/sv\/wp-json\/wp\/v2\/users\/3"}],"replies":[{"embeddable":true,"href":"https:\/\/www.evb.com\/sv\/wp-json\/wp\/v2\/comments?post=10766"}],"version-history":[{"count":1,"href":"https:\/\/www.evb.com\/sv\/wp-json\/wp\/v2\/posts\/10766\/revisions"}],"predecessor-version":[{"id":10767,"href":"https:\/\/www.evb.com\/sv\/wp-json\/wp\/v2\/posts\/10766\/revisions\/10767"}],"wp:attachment":[{"href":"https:\/\/www.evb.com\/sv\/wp-json\/wp\/v2\/media?parent=10766"}],"wp:term":[{"taxonomy":"category","embeddable":true,"href":"https:\/\/www.evb.com\/sv\/wp-json\/wp\/v2\/categories?post=10766"},{"taxonomy":"post_tag","embeddable":true,"href":"https:\/\/www.evb.com\/sv\/wp-json\/wp\/v2\/tags?post=10766"}],"curies":[{"name":"wp","href":"https:\/\/api.w.org\/{rel}","templated":true}]}}