{"id":8978,"date":"2023-12-13T09:38:18","date_gmt":"2023-12-13T01:38:18","guid":{"rendered":"https:\/\/www.evb.com\/?p=8978"},"modified":"2024-02-29T11:21:01","modified_gmt":"2024-02-29T03:21:01","slug":"evbs-smart-wall-mounted-ac-ev-charger","status":"publish","type":"post","link":"https:\/\/www.evb.com\/sv\/evbs-smart-wall-mounted-ac-ev-charger\/","title":{"rendered":"EVB:s smarta v\u00e4ggmonterade AC EV-laddare: En futuristisk metod f\u00f6r laddning av elfordon"},"content":{"rendered":"<p>Som en ledande akt\u00f6r inom laddningsbranschen f\u00f6r elfordon, <a href=\"https:\/\/www.evb.com\/sv\">EVB<\/a> h\u00f6jer st\u00e4ndigt ribban med innovativa l\u00f6sningar som omdefinierar laddningsupplevelsen. V\u00e5rt engagemang f\u00f6r excellens skildras tydligt i den v\u00e4ggmonterade AC EV Charger, en sofistikerad och intelligent laddningsl\u00f6sning utformad f\u00f6r att m\u00f6ta de olika behoven hos moderna elbilsanv\u00e4ndare. L\u00e5t oss utforska de utm\u00e4rkande egenskaperna som g\u00f6r v\u00e5r <a href=\"https:\/\/www.evb.com\/sv\/product-item\/ac-ev-charger-with-socket-2\/\">v\u00e4ggmonterad elbilladdare<\/a> is\u00e4r, med betoning p\u00e5 en smart och anv\u00e4ndarv\u00e4nlig strategi f\u00f6r laddning av elbilar.<\/p>\n\n\n\n<figure class=\"wp-block-image size-full\"><img loading=\"lazy\" decoding=\"async\" width=\"1280\" height=\"720\" src=\"https:\/\/www.evb.com\/wp-content\/uploads\/2023\/12\/18.jpg\" alt=\"18\" class=\"wp-image-8979\" srcset=\"https:\/\/www.evb.com\/wp-content\/uploads\/2023\/12\/18.jpg 1280w, https:\/\/www.evb.com\/wp-content\/uploads\/2023\/12\/18-600x338.jpg 600w, https:\/\/www.evb.com\/wp-content\/uploads\/2023\/12\/18-768x432.jpg 768w\" sizes=\"auto, (max-width: 1280px) 100vw, 1280px\" \/><\/figure>\n\n\n\n<h2 class=\"wp-block-heading\">Pionj\u00e4rer framtidens laddning av elbilar<\/h2>\n\n\n\n<p>EVB st\u00e5r som en ledstj\u00e4rna f\u00f6r innovation och tillf\u00f6rlitlighet inom laddningssektorn f\u00f6r elbilar. Med ett fram\u00e5tt\u00e4nkande tillv\u00e4gag\u00e5ngss\u00e4tt och ett engagemang f\u00f6r anv\u00e4ndarcentrerad design str\u00e4var vi st\u00e4ndigt efter att erbjuda l\u00f6sningar som inte bara uppfyller utan \u00f6vertr\u00e4ffar elbilsanv\u00e4ndarnas f\u00f6rv\u00e4ntningar. V\u00e5r v\u00e4ggmonterade AC EV-laddare \u00e4r ett bevis p\u00e5 detta engagemang och erbjuder en s\u00f6ml\u00f6s blandning av teknik, effektivitet och anv\u00e4ndarv\u00e4nlighet.<\/p>\n\n\n\n<h2 class=\"wp-block-heading\">Den smarta v\u00e4ggmonterade AC EV-laddaren: Omdefinierar laddningsdynamik<\/h2>\n\n\n\n<p>Den v\u00e4ggmonterade AC EV Charger fr\u00e5n EVB \u00e4r inte bara en laddstation; den \u00e4r en glimt av framtiden f\u00f6r laddning av elbilar. H\u00e4r \u00e4r de viktigaste h\u00f6jdpunkterna som g\u00f6r v\u00e5r v\u00e4ggmonterade elbilsladdare till ett smart och futuristiskt val:<\/p>\n\n\n\n<p><strong>1. Smart appintegration<\/strong><\/p>\n\n\n\n<p>V\u00e5r AC EV-laddare \u00e4r utrustad med en smart app som ger anv\u00e4ndarna o\u00f6vertr\u00e4ffad kontroll \u00f6ver sin laddningsupplevelse. Med appen kan anv\u00e4ndarna fj\u00e4rr\u00f6vervaka laddningssessioner, sp\u00e5ra energif\u00f6rbrukning och till och med schemal\u00e4gga laddningstider. Denna niv\u00e5 av bekv\u00e4mlighet och anpassning anpassas s\u00f6ml\u00f6st till den moderna, uppkopplade livsstilen f\u00f6r dagens elbilsanv\u00e4ndare.<\/p>\n\n\n\n<p><strong>2. OCPP 1.6J-protokollet<\/strong><\/p>\n\n\n\n<p>Laddaren anv\u00e4nder Open Charge Point Protocol (OCPP) 1.6J, en allm\u00e4nt erk\u00e4nd standard f\u00f6r kommunikation mellan laddstationer och centrala hanteringssystem. Detta s\u00e4kerst\u00e4ller kompatibilitet och interoperabilitet, vilket ger anv\u00e4ndarna flexibilitet att ansluta och hantera sin laddningsinfrastruktur s\u00f6ml\u00f6st.<\/p>\n\n\n\n<p><strong>3. M\u00e5ngsidiga anslutningsalternativ<\/strong><\/p>\n\n\n\n<p>Med Wi-Fi, Ethernet, Bluetooth och 4G-anslutningsalternativ erbjuder v\u00e5r v\u00e4ggmonterade laddare anv\u00e4ndarna en rad alternativ f\u00f6r s\u00f6ml\u00f6s kommunikation. Oavsett om anv\u00e4ndarna f\u00f6redrar bekv\u00e4mligheten med Wi-Fi, tillf\u00f6rlitligheten med Ethernet, n\u00e4rheten till Bluetooth eller mobiliteten med 4G, anpassar sig v\u00e5r laddare till olika anslutningsbehov.<\/p>\n\n\n\n<p><strong>4. Fullst\u00e4ndiga skyddsmekanismer<\/strong><\/p>\n\n\n\n<p>S\u00e4kerhet \u00e4r av st\u00f6rsta vikt vid laddning av elbilar, och v\u00e5r v\u00e4ggmonterade laddare prioriterar fullt skydd. Fr\u00e5n \u00f6verstr\u00f6msskydd till \u00f6verhettningsskydd s\u00e4kerst\u00e4ller AC EV-laddaren en s\u00e4ker och p\u00e5litlig laddningsprocess, vilket ger anv\u00e4ndarna sinnesro.<\/p>\n\n\n\n<h2 class=\"wp-block-heading\">Slutsats<\/h2>\n\n\n\n<p>EVB:s smarta v\u00e4ggmonterade AC EV-laddare \u00e4r inte bara en laddningsl\u00f6sning; det \u00e4r en glimt av framtiden f\u00f6r elektrisk mobilitet. Med funktioner som Smart App-integration, OCPP 1.6J-protokoll, m\u00e5ngsidiga anslutningsm\u00f6jligheter och robusta skyddsmekanismer exemplifierar v\u00e5r v\u00e4ggmonterade elbilsladdare v\u00e5rt engagemang f\u00f6r att tillhandah\u00e5lla en laddningsupplevelse som \u00e4r intelligent, effektiv och skr\u00e4ddarsydd f\u00f6r dagens elbilsanv\u00e4ndares behov. F\u00f6lj med oss och forma framtiden f\u00f6r elektrisk mobilitet, d\u00e4r EVB leder v\u00e4gen med banbrytande teknik och ett engagemang f\u00f6r excellens.<\/p>","protected":false},"excerpt":{"rendered":"<p>As a frontrunner in the electric vehicle (EV) charging industry, EVB consistently raises the bar with innovative solutions that redefine the charging experience. Our commitment to excellence is vividly portrayed in the wall-mounted AC EV Charger, a sophisticated and intelligent charging solution designed to meet the diverse needs of modern EV users. Let&#8217;s explore the [&hellip;]<\/p>","protected":false},"author":3,"featured_media":9335,"comment_status":"open","ping_status":"open","sticky":false,"template":"","format":"standard","meta":{"footnotes":""},"categories":[48],"tags":[],"class_list":["post-8978","post","type-post","status-publish","format-standard","has-post-thumbnail","hentry","category-short-blog"],"acf":[],"yoast_head":"<!-- This site is optimized with the Yoast SEO plugin v27.4 - https:\/\/yoast.com\/product\/yoast-seo-wordpress\/ -->\n<title>EVB&#039;s Smart wall mounted AC EV Charger: A Futuristic Approach to Electric Vehicle Charging<\/title>\n<meta name=\"description\" content=\"Let&#039;s explore the distinctive features that set our wall-mounted electric car charger apart, emphasizing a smart and user-friendly approach to EV charging.\" \/>\n<meta name=\"robots\" content=\"index, follow, max-snippet:-1, max-image-preview:large, max-video-preview:-1\" \/>\n<link rel=\"canonical\" href=\"https:\/\/www.evb.com\/sv\/evbs-smart-wall-mounted-ac-ev-charger\/\" \/>\n<meta property=\"og:locale\" content=\"sv_SE\" \/>\n<meta property=\"og:type\" content=\"article\" \/>\n<meta property=\"og:title\" content=\"EVB&#039;s Smart wall mounted AC EV Charger: A Futuristic Approach to Electric Vehicle Charging\" \/>\n<meta property=\"og:description\" content=\"Let&#039;s explore the distinctive features that set our wall-mounted electric car charger apart, emphasizing a smart and user-friendly approach to EV charging.\" \/>\n<meta property=\"og:url\" content=\"https:\/\/www.evb.com\/sv\/evbs-smart-wall-mounted-ac-ev-charger\/\" \/>\n<meta property=\"og:site_name\" content=\"EVB\" \/>\n<meta property=\"article:published_time\" content=\"2023-12-13T01:38:18+00:00\" \/>\n<meta property=\"article:modified_time\" content=\"2024-02-29T03:21:01+00:00\" \/>\n<meta property=\"og:image\" content=\"https:\/\/www.evb.com\/wp-content\/uploads\/2023\/12\/4.png\" \/>\n\t<meta property=\"og:image:width\" content=\"1160\" \/>\n\t<meta property=\"og:image:height\" content=\"870\" \/>\n\t<meta property=\"og:image:type\" content=\"image\/png\" \/>\n<meta name=\"author\" content=\"evb\" \/>\n<meta name=\"twitter:card\" content=\"summary_large_image\" \/>\n<meta name=\"twitter:label1\" content=\"Skriven av\" \/>\n\t<meta name=\"twitter:data1\" content=\"evb\" \/>\n\t<meta name=\"twitter:label2\" content=\"Ber\u00e4knad l\u00e4stid\" \/>\n\t<meta name=\"twitter:data2\" content=\"3 minuter\" \/>\n<script type=\"application\/ld+json\" class=\"yoast-schema-graph\">{\"@context\":\"https:\\\/\\\/schema.org\",\"@graph\":[{\"@type\":\"Article\",\"@id\":\"https:\\\/\\\/www.evb.com\\\/evbs-smart-wall-mounted-ac-ev-charger\\\/#article\",\"isPartOf\":{\"@id\":\"https:\\\/\\\/www.evb.com\\\/evbs-smart-wall-mounted-ac-ev-charger\\\/\"},\"author\":{\"name\":\"evb\",\"@id\":\"https:\\\/\\\/www.evb.com\\\/#\\\/schema\\\/person\\\/fe8f0137976034abdfd2ae4f8c5682d0\"},\"headline\":\"EVB&#8217;s Smart wall mounted AC EV Charger: A Futuristic Approach to Electric Vehicle Charging\",\"datePublished\":\"2023-12-13T01:38:18+00:00\",\"dateModified\":\"2024-02-29T03:21:01+00:00\",\"mainEntityOfPage\":{\"@id\":\"https:\\\/\\\/www.evb.com\\\/evbs-smart-wall-mounted-ac-ev-charger\\\/\"},\"wordCount\":477,\"commentCount\":0,\"publisher\":{\"@id\":\"https:\\\/\\\/www.evb.com\\\/#organization\"},\"image\":{\"@id\":\"https:\\\/\\\/www.evb.com\\\/evbs-smart-wall-mounted-ac-ev-charger\\\/#primaryimage\"},\"thumbnailUrl\":\"https:\\\/\\\/www.evb.com\\\/wp-content\\\/uploads\\\/2023\\\/12\\\/4.png\",\"articleSection\":[\"Short Blog\"],\"inLanguage\":\"sv-SE\",\"potentialAction\":[{\"@type\":\"CommentAction\",\"name\":\"Comment\",\"target\":[\"https:\\\/\\\/www.evb.com\\\/evbs-smart-wall-mounted-ac-ev-charger\\\/#respond\"]}]},{\"@type\":\"WebPage\",\"@id\":\"https:\\\/\\\/www.evb.com\\\/evbs-smart-wall-mounted-ac-ev-charger\\\/\",\"url\":\"https:\\\/\\\/www.evb.com\\\/evbs-smart-wall-mounted-ac-ev-charger\\\/\",\"name\":\"EVB's Smart wall mounted AC EV Charger: A Futuristic Approach to Electric Vehicle Charging\",\"isPartOf\":{\"@id\":\"https:\\\/\\\/www.evb.com\\\/#website\"},\"primaryImageOfPage\":{\"@id\":\"https:\\\/\\\/www.evb.com\\\/evbs-smart-wall-mounted-ac-ev-charger\\\/#primaryimage\"},\"image\":{\"@id\":\"https:\\\/\\\/www.evb.com\\\/evbs-smart-wall-mounted-ac-ev-charger\\\/#primaryimage\"},\"thumbnailUrl\":\"https:\\\/\\\/www.evb.com\\\/wp-content\\\/uploads\\\/2023\\\/12\\\/4.png\",\"datePublished\":\"2023-12-13T01:38:18+00:00\",\"dateModified\":\"2024-02-29T03:21:01+00:00\",\"description\":\"Let's explore the distinctive features that set our wall-mounted electric car charger apart, emphasizing a smart and user-friendly approach to EV charging.\",\"breadcrumb\":{\"@id\":\"https:\\\/\\\/www.evb.com\\\/evbs-smart-wall-mounted-ac-ev-charger\\\/#breadcrumb\"},\"inLanguage\":\"sv-SE\",\"potentialAction\":[{\"@type\":\"ReadAction\",\"target\":[\"https:\\\/\\\/www.evb.com\\\/evbs-smart-wall-mounted-ac-ev-charger\\\/\"]}]},{\"@type\":\"ImageObject\",\"inLanguage\":\"sv-SE\",\"@id\":\"https:\\\/\\\/www.evb.com\\\/evbs-smart-wall-mounted-ac-ev-charger\\\/#primaryimage\",\"url\":\"https:\\\/\\\/www.evb.com\\\/wp-content\\\/uploads\\\/2023\\\/12\\\/4.png\",\"contentUrl\":\"https:\\\/\\\/www.evb.com\\\/wp-content\\\/uploads\\\/2023\\\/12\\\/4.png\",\"width\":1160,\"height\":870,\"caption\":\"4\"},{\"@type\":\"BreadcrumbList\",\"@id\":\"https:\\\/\\\/www.evb.com\\\/evbs-smart-wall-mounted-ac-ev-charger\\\/#breadcrumb\",\"itemListElement\":[{\"@type\":\"ListItem\",\"position\":1,\"name\":\"Home\",\"item\":\"https:\\\/\\\/www.evb.com\\\/\"},{\"@type\":\"ListItem\",\"position\":2,\"name\":\"EVB&#8217;s Smart wall mounted AC EV Charger: A Futuristic Approach to Electric Vehicle Charging\"}]},{\"@type\":\"WebSite\",\"@id\":\"https:\\\/\\\/www.evb.com\\\/#website\",\"url\":\"https:\\\/\\\/www.evb.com\\\/\",\"name\":\"EVB\",\"description\":\"Smart EV Charging &amp; Energy Storage Solutions\",\"publisher\":{\"@id\":\"https:\\\/\\\/www.evb.com\\\/#organization\"},\"potentialAction\":[{\"@type\":\"SearchAction\",\"target\":{\"@type\":\"EntryPoint\",\"urlTemplate\":\"https:\\\/\\\/www.evb.com\\\/?s={search_term_string}\"},\"query-input\":{\"@type\":\"PropertyValueSpecification\",\"valueRequired\":true,\"valueName\":\"search_term_string\"}}],\"inLanguage\":\"sv-SE\"},{\"@type\":\"Organization\",\"@id\":\"https:\\\/\\\/www.evb.com\\\/#organization\",\"name\":\"EVB\",\"url\":\"https:\\\/\\\/www.evb.com\\\/\",\"logo\":{\"@type\":\"ImageObject\",\"inLanguage\":\"sv-SE\",\"@id\":\"https:\\\/\\\/www.evb.com\\\/#\\\/schema\\\/logo\\\/image\\\/\",\"url\":\"https:\\\/\\\/www.evb.com\\\/wp-content\\\/uploads\\\/2021\\\/03\\\/evb-3.png\",\"contentUrl\":\"https:\\\/\\\/www.evb.com\\\/wp-content\\\/uploads\\\/2021\\\/03\\\/evb-3.png\",\"width\":605,\"height\":626,\"caption\":\"EVB\"},\"image\":{\"@id\":\"https:\\\/\\\/www.evb.com\\\/#\\\/schema\\\/logo\\\/image\\\/\"}},{\"@type\":\"Person\",\"@id\":\"https:\\\/\\\/www.evb.com\\\/#\\\/schema\\\/person\\\/fe8f0137976034abdfd2ae4f8c5682d0\",\"name\":\"evb\",\"image\":{\"@type\":\"ImageObject\",\"inLanguage\":\"sv-SE\",\"@id\":\"https:\\\/\\\/secure.gravatar.com\\\/avatar\\\/6919cc4e91e3745783933e1263b15b0bed21b5e46f2b1e21643aa8b29240d0f7?s=96&d=mm&r=g\",\"url\":\"https:\\\/\\\/secure.gravatar.com\\\/avatar\\\/6919cc4e91e3745783933e1263b15b0bed21b5e46f2b1e21643aa8b29240d0f7?s=96&d=mm&r=g\",\"contentUrl\":\"https:\\\/\\\/secure.gravatar.com\\\/avatar\\\/6919cc4e91e3745783933e1263b15b0bed21b5e46f2b1e21643aa8b29240d0f7?s=96&d=mm&r=g\",\"caption\":\"evb\"}}]}<\/script>\n<!-- \/ Yoast SEO plugin. -->","yoast_head_json":{"title":"EVB's Smart wall mounted AC EV Charger: A Futuristic Approach to Electric Vehicle Charging","description":"Let's explore the distinctive features that set our wall-mounted electric car charger apart, emphasizing a smart and user-friendly approach to EV charging.","robots":{"index":"index","follow":"follow","max-snippet":"max-snippet:-1","max-image-preview":"max-image-preview:large","max-video-preview":"max-video-preview:-1"},"canonical":"https:\/\/www.evb.com\/sv\/evbs-smart-wall-mounted-ac-ev-charger\/","og_locale":"sv_SE","og_type":"article","og_title":"EVB's Smart wall mounted AC EV Charger: A Futuristic Approach to Electric Vehicle Charging","og_description":"Let's explore the distinctive features that set our wall-mounted electric car charger apart, emphasizing a smart and user-friendly approach to EV charging.","og_url":"https:\/\/www.evb.com\/sv\/evbs-smart-wall-mounted-ac-ev-charger\/","og_site_name":"EVB","article_published_time":"2023-12-13T01:38:18+00:00","article_modified_time":"2024-02-29T03:21:01+00:00","og_image":[{"width":1160,"height":870,"url":"https:\/\/www.evb.com\/wp-content\/uploads\/2023\/12\/4.png","type":"image\/png"}],"author":"evb","twitter_card":"summary_large_image","twitter_misc":{"Skriven av":"evb","Ber\u00e4knad l\u00e4stid":"3 minuter"},"schema":{"@context":"https:\/\/schema.org","@graph":[{"@type":"Article","@id":"https:\/\/www.evb.com\/evbs-smart-wall-mounted-ac-ev-charger\/#article","isPartOf":{"@id":"https:\/\/www.evb.com\/evbs-smart-wall-mounted-ac-ev-charger\/"},"author":{"name":"evb","@id":"https:\/\/www.evb.com\/#\/schema\/person\/fe8f0137976034abdfd2ae4f8c5682d0"},"headline":"EVB&#8217;s Smart wall mounted AC EV Charger: A Futuristic Approach to Electric Vehicle Charging","datePublished":"2023-12-13T01:38:18+00:00","dateModified":"2024-02-29T03:21:01+00:00","mainEntityOfPage":{"@id":"https:\/\/www.evb.com\/evbs-smart-wall-mounted-ac-ev-charger\/"},"wordCount":477,"commentCount":0,"publisher":{"@id":"https:\/\/www.evb.com\/#organization"},"image":{"@id":"https:\/\/www.evb.com\/evbs-smart-wall-mounted-ac-ev-charger\/#primaryimage"},"thumbnailUrl":"https:\/\/www.evb.com\/wp-content\/uploads\/2023\/12\/4.png","articleSection":["Short Blog"],"inLanguage":"sv-SE","potentialAction":[{"@type":"CommentAction","name":"Comment","target":["https:\/\/www.evb.com\/evbs-smart-wall-mounted-ac-ev-charger\/#respond"]}]},{"@type":"WebPage","@id":"https:\/\/www.evb.com\/evbs-smart-wall-mounted-ac-ev-charger\/","url":"https:\/\/www.evb.com\/evbs-smart-wall-mounted-ac-ev-charger\/","name":"EVB's Smart wall mounted AC EV Charger: A Futuristic Approach to Electric Vehicle Charging","isPartOf":{"@id":"https:\/\/www.evb.com\/#website"},"primaryImageOfPage":{"@id":"https:\/\/www.evb.com\/evbs-smart-wall-mounted-ac-ev-charger\/#primaryimage"},"image":{"@id":"https:\/\/www.evb.com\/evbs-smart-wall-mounted-ac-ev-charger\/#primaryimage"},"thumbnailUrl":"https:\/\/www.evb.com\/wp-content\/uploads\/2023\/12\/4.png","datePublished":"2023-12-13T01:38:18+00:00","dateModified":"2024-02-29T03:21:01+00:00","description":"Let's explore the distinctive features that set our wall-mounted electric car charger apart, emphasizing a smart and user-friendly approach to EV charging.","breadcrumb":{"@id":"https:\/\/www.evb.com\/evbs-smart-wall-mounted-ac-ev-charger\/#breadcrumb"},"inLanguage":"sv-SE","potentialAction":[{"@type":"ReadAction","target":["https:\/\/www.evb.com\/evbs-smart-wall-mounted-ac-ev-charger\/"]}]},{"@type":"ImageObject","inLanguage":"sv-SE","@id":"https:\/\/www.evb.com\/evbs-smart-wall-mounted-ac-ev-charger\/#primaryimage","url":"https:\/\/www.evb.com\/wp-content\/uploads\/2023\/12\/4.png","contentUrl":"https:\/\/www.evb.com\/wp-content\/uploads\/2023\/12\/4.png","width":1160,"height":870,"caption":"4"},{"@type":"BreadcrumbList","@id":"https:\/\/www.evb.com\/evbs-smart-wall-mounted-ac-ev-charger\/#breadcrumb","itemListElement":[{"@type":"ListItem","position":1,"name":"Home","item":"https:\/\/www.evb.com\/"},{"@type":"ListItem","position":2,"name":"EVB&#8217;s Smart wall mounted AC EV Charger: A Futuristic Approach to Electric Vehicle Charging"}]},{"@type":"WebSite","@id":"https:\/\/www.evb.com\/#website","url":"https:\/\/www.evb.com\/","name":"EVB","description":"Smart EV Charging &amp; Energy Storage Solutions","publisher":{"@id":"https:\/\/www.evb.com\/#organization"},"potentialAction":[{"@type":"SearchAction","target":{"@type":"EntryPoint","urlTemplate":"https:\/\/www.evb.com\/?s={search_term_string}"},"query-input":{"@type":"PropertyValueSpecification","valueRequired":true,"valueName":"search_term_string"}}],"inLanguage":"sv-SE"},{"@type":"Organization","@id":"https:\/\/www.evb.com\/#organization","name":"EVB","url":"https:\/\/www.evb.com\/","logo":{"@type":"ImageObject","inLanguage":"sv-SE","@id":"https:\/\/www.evb.com\/#\/schema\/logo\/image\/","url":"https:\/\/www.evb.com\/wp-content\/uploads\/2021\/03\/evb-3.png","contentUrl":"https:\/\/www.evb.com\/wp-content\/uploads\/2021\/03\/evb-3.png","width":605,"height":626,"caption":"EVB"},"image":{"@id":"https:\/\/www.evb.com\/#\/schema\/logo\/image\/"}},{"@type":"Person","@id":"https:\/\/www.evb.com\/#\/schema\/person\/fe8f0137976034abdfd2ae4f8c5682d0","name":"evb","image":{"@type":"ImageObject","inLanguage":"sv-SE","@id":"https:\/\/secure.gravatar.com\/avatar\/6919cc4e91e3745783933e1263b15b0bed21b5e46f2b1e21643aa8b29240d0f7?s=96&d=mm&r=g","url":"https:\/\/secure.gravatar.com\/avatar\/6919cc4e91e3745783933e1263b15b0bed21b5e46f2b1e21643aa8b29240d0f7?s=96&d=mm&r=g","contentUrl":"https:\/\/secure.gravatar.com\/avatar\/6919cc4e91e3745783933e1263b15b0bed21b5e46f2b1e21643aa8b29240d0f7?s=96&d=mm&r=g","caption":"evb"}}]}},"_links":{"self":[{"href":"https:\/\/www.evb.com\/sv\/wp-json\/wp\/v2\/posts\/8978","targetHints":{"allow":["GET"]}}],"collection":[{"href":"https:\/\/www.evb.com\/sv\/wp-json\/wp\/v2\/posts"}],"about":[{"href":"https:\/\/www.evb.com\/sv\/wp-json\/wp\/v2\/types\/post"}],"author":[{"embeddable":true,"href":"https:\/\/www.evb.com\/sv\/wp-json\/wp\/v2\/users\/3"}],"replies":[{"embeddable":true,"href":"https:\/\/www.evb.com\/sv\/wp-json\/wp\/v2\/comments?post=8978"}],"version-history":[{"count":1,"href":"https:\/\/www.evb.com\/sv\/wp-json\/wp\/v2\/posts\/8978\/revisions"}],"predecessor-version":[{"id":8980,"href":"https:\/\/www.evb.com\/sv\/wp-json\/wp\/v2\/posts\/8978\/revisions\/8980"}],"wp:featuredmedia":[{"embeddable":true,"href":"https:\/\/www.evb.com\/sv\/wp-json\/wp\/v2\/media\/9335"}],"wp:attachment":[{"href":"https:\/\/www.evb.com\/sv\/wp-json\/wp\/v2\/media?parent=8978"}],"wp:term":[{"taxonomy":"category","embeddable":true,"href":"https:\/\/www.evb.com\/sv\/wp-json\/wp\/v2\/categories?post=8978"},{"taxonomy":"post_tag","embeddable":true,"href":"https:\/\/www.evb.com\/sv\/wp-json\/wp\/v2\/tags?post=8978"}],"curies":[{"name":"wp","href":"https:\/\/api.w.org\/{rel}","templated":true}]}}