{"id":10766,"date":"2024-02-18T14:14:49","date_gmt":"2024-02-18T06:14:49","guid":{"rendered":"https:\/\/www.evb.com\/?p=10766"},"modified":"2024-01-30T14:16:34","modified_gmt":"2024-01-30T06:16:34","slug":"workplace-charging-driving-the-transition-to-electric-vehicles","status":"publish","type":"post","link":"https:\/\/www.evb.com\/tr\/workplace-charging-driving-the-transition-to-electric-vehicles\/","title":{"rendered":"\u0130\u015fyerinde \u015earj: Elektrikli Ara\u00e7lara Ge\u00e7i\u015fi Te\u015fvik Etmek"},"content":{"rendered":"<p>Elektrikli ara\u00e7lara (EV) ge\u00e7i\u015f ivme kazan\u0131yor ve i\u015f yeri \u015farj\u0131 bu de\u011fi\u015fimi desteklemede \u00f6nemli bir rol oynuyor. <a href=\"https:\/\/www.evb.com\/tr\"><u>EVB<\/u><\/a>\u015eirketimiz, g\u00fcvenilir i\u015f yeri \u015farj \u00e7\u00f6z\u00fcmleri sunarak elektrikli ara\u00e7lara ge\u00e7i\u015fi h\u0131zland\u0131rmaya kendini adam\u0131\u015ft\u0131r. \u00dcr\u00fcn ve hizmetlerimizin \u00e7evre dostu giri\u015fimleri nas\u0131l destekledi\u011fini, \u00e7al\u0131\u015fanlar i\u00e7in uygun \u015farj se\u00e7enekleri sundu\u011funu ve i\u015fletmelerin harcamalar\u0131n\u0131 ve finanslar\u0131n\u0131 etkili bir \u015fekilde y\u00f6netmelerine nas\u0131l yard\u0131mc\u0131 oldu\u011funu inceleyelim.<\/p>\n\n\n\n<h2 class=\"wp-block-heading\"><strong>\u0130\u015fyerinde G\u00fcvenilir \u015earj Noktas\u0131: \u00c7evre Dostu Giri\u015fimleri Destekliyoruz<\/strong><strong><\/strong><\/h2>\n\n\n\n<p>EVB, \u00e7evre dostu giri\u015fimlerin te\u015fvik edilmesinde i\u015fyerinde \u00fccretlendirmenin \u00f6nemini anl\u0131yor. <a href=\"https:\/\/www.evb.com\/tr\/by-industry\/\"><u>EV \u00e7\u00f6z\u00fcmleri \u015farj istasyonu<\/u><\/a>\u00c7al\u0131\u015fanlar\u0131m\u0131z i\u00e7in g\u00fcvenilir bir \u015farj noktas\u0131 sa\u011flayarak, onlar\u0131 ula\u015f\u0131m arac\u0131 olarak elektrikli ara\u00e7lar\u0131 benimsemeye te\u015fvik ediyoruz. M\u00fc\u015fterilerimiz, i\u015fyerlerine EVB \u015farj istasyonlar\u0131 kurarak s\u00fcrd\u00fcr\u00fclebilirli\u011fe olan ba\u011fl\u0131l\u0131klar\u0131n\u0131 g\u00f6steriyor ve \u00e7al\u0131\u015fanlar\u0131 i\u00e7in de\u011ferli bir olanak sa\u011fl\u0131yor. \u00c7evre dostu giri\u015fimleri desteklemekten ve i\u015fletmelerin daha ye\u015fil bir gelece\u011fe katk\u0131da bulunmalar\u0131n\u0131 sa\u011flamaktan gurur duyuyoruz.<\/p>\n\n\n\n<h2 class=\"wp-block-heading\"><strong>Sadece Tak\u0131n ve \u00c7al\u0131\u015fmaya Ba\u015flay\u0131n: \u00c7al\u0131\u015fanlar i\u00e7in Kolay \u015earj<\/strong><strong><\/strong><\/h2>\n\n\n\n<p>\u0130\u015fyerinde \u015farj s\u00f6z konusu oldu\u011funda kolayl\u0131k esast\u0131r. EVB, \u00e7al\u0131\u015fanlar\u0131n ihtiya\u00e7lar\u0131n\u0131 \u00f6n planda tutan ve elektrikli ara\u00e7lar\u0131n\u0131 \u015farj etmelerini kolayla\u015ft\u0131ran \u015farj \u00e7\u00f6z\u00fcmleri sunar. Elektrikli Ara\u00e7 \u00c7\u00f6z\u00fcmleri \u015farj istasyonlar\u0131m\u0131z sayesinde \u00e7al\u0131\u015fanlar, ara\u00e7lar\u0131n\u0131 prize tak\u0131p sorunsuz bir \u015fekilde i\u015fe gidebilirler. Sorunsuz bir \u015farj deneyiminin \u00f6neminin fark\u0131nday\u0131z ve \u00fcr\u00fcnlerimiz tam da bunu sa\u011flamak i\u00e7in tasarlanm\u0131\u015ft\u0131r. \u015eirketimiz, m\u00fc\u015fterilerimizin \u00e7al\u0131\u015fanlar\u0131n\u0131n i\u015fyerlerinde rahat ve verimli bir \u015farj \u00e7\u00f6z\u00fcm\u00fcne sahip olmalar\u0131n\u0131 sa\u011flamaya kendini adam\u0131\u015ft\u0131r.<\/p>\n\n\n\n<h2 class=\"wp-block-heading\"><strong>Harcamalar\u0131 ve Finanslar\u0131 Y\u00f6netin: \u0130\u015fletmeler i\u00e7in Etkili Faturaland\u0131rma ve Veri \u0130zleme<\/strong><strong><\/strong><\/h2>\n\n\n\n<p>\u0130\u015fletmelerin, i\u015f yeri \u015farj\u0131yla ilgili harcamalar\u0131 ve finansal durumlar\u0131 y\u00f6netmek i\u00e7in etkili ara\u00e7lara ihtiyac\u0131 vard\u0131r. EVB olarak, i\u015fletmelerin \u015farj kullan\u0131mlar\u0131n\u0131 ve maliyetlerini takip etmelerine yard\u0131mc\u0131 olan faturaland\u0131rma ve veri izleme \u00e7\u00f6z\u00fcmleri sunuyoruz. Geli\u015fmi\u015f sistemlerimiz, do\u011fru faturaland\u0131rma bilgileri sa\u011flayarak i\u015fletmelerin maliyetleri uygun \u015fekilde tahsis etmelerini sa\u011flar. Ayr\u0131ca, veri izleme \u00f6zelliklerimiz, \u015farj al\u0131\u015fkanl\u0131klar\u0131, kullan\u0131m e\u011filimleri ve enerji t\u00fcketimi hakk\u0131nda de\u011ferli bilgiler sunar. Bu bilgiler sayesinde i\u015fletmeler, enerji y\u00f6netimi stratejileri hakk\u0131nda bilin\u00e7li kararlar alabilirler. M\u00fc\u015fterilerimize, i\u015f yeri \u015farj\u0131yla ilgili harcamalar\u0131n\u0131 ve finansal durumlar\u0131n\u0131 etkili bir \u015fekilde y\u00f6netmeleri i\u00e7in ihtiya\u00e7 duyduklar\u0131 ara\u00e7lar\u0131 sa\u011flamay\u0131 hedefliyoruz.<\/p>\n\n\n\n<h2 class=\"wp-block-heading\"><strong>\u00c7\u00f6z\u00fcm<\/strong><strong><\/strong><\/h2>\n\n\n\n<p>Sonu\u00e7 olarak, EVB, i\u015f yeri \u015farj \u00e7\u00f6z\u00fcmleriyle elektrikli ara\u00e7lara ge\u00e7i\u015fi h\u0131zland\u0131rmaya kararl\u0131d\u0131r. G\u00fcvenilir EV \u00c7\u00f6z\u00fcmleri \u015farj istasyonlar\u0131m\u0131z, \u00e7evre dostu giri\u015fimleri destekler ve \u00e7al\u0131\u015fanlar i\u00e7in rahat ve sorunsuz bir \u015farj deneyimi sunar. Ayr\u0131ca, i\u015fletmelerin i\u015f yeri \u015farj\u0131yla ilgili harcamalar\u0131n\u0131 ve finansal kaynaklar\u0131n\u0131 y\u00f6netmelerine yard\u0131mc\u0131 olmak i\u00e7in etkili faturaland\u0131rma ve veri izleme ara\u00e7lar\u0131 da sunuyoruz. S\u00fcrd\u00fcr\u00fclebilir ve daha ye\u015fil bir ula\u015f\u0131m gelece\u011fi yaratmak i\u00e7in birlikte \u00e7al\u0131\u015f\u0131rken, g\u00fcvenilir ve verimli i\u015f yeri \u015farj \u00e7\u00f6z\u00fcmleri sunmak i\u00e7in \u015firketimiz EVB&#039;ye g\u00fcvenin.<\/p>","protected":false},"excerpt":{"rendered":"<p>The transition to electric vehicles (EVs) is gaining momentum, and workplace charging plays a crucial role in supporting this shift. At EVB, our company is dedicated to driving the transition to EVs by providing reliable workplace charging solutions. Let&#8217;s explore how our products and services support eco-friendly initiatives, offer convenient charging options for employees, and [&hellip;]<\/p>","protected":false},"author":3,"featured_media":0,"comment_status":"open","ping_status":"open","sticky":false,"template":"","format":"standard","meta":{"footnotes":""},"categories":[48],"tags":[],"class_list":["post-10766","post","type-post","status-publish","format-standard","hentry","category-short-blog"],"acf":[],"yoast_head":"<!-- This site is optimized with the Yoast SEO plugin v27.4 - https:\/\/yoast.com\/product\/yoast-seo-wordpress\/ -->\n<title>Workplace Charging: Driving the Transition to Electric Vehicles<\/title>\n<meta name=\"description\" content=\"The transition to electric vehicles (EVs) is gaining momentum, and workplace charging plays a crucial role in supporting this shift.\" \/>\n<meta name=\"robots\" content=\"index, follow, max-snippet:-1, max-image-preview:large, max-video-preview:-1\" \/>\n<link rel=\"canonical\" href=\"https:\/\/www.evb.com\/tr\/workplace-charging-driving-the-transition-to-electric-vehicles\/\" \/>\n<meta property=\"og:locale\" content=\"tr_TR\" \/>\n<meta property=\"og:type\" content=\"article\" \/>\n<meta property=\"og:title\" content=\"Workplace Charging: Driving the Transition to Electric Vehicles\" \/>\n<meta property=\"og:description\" content=\"The transition to electric vehicles (EVs) is gaining momentum, and workplace charging plays a crucial role in supporting this shift.\" \/>\n<meta property=\"og:url\" content=\"https:\/\/www.evb.com\/tr\/workplace-charging-driving-the-transition-to-electric-vehicles\/\" \/>\n<meta property=\"og:site_name\" content=\"EVB\" \/>\n<meta property=\"article:published_time\" content=\"2024-02-18T06:14:49+00:00\" \/>\n<meta name=\"author\" content=\"evb\" \/>\n<meta name=\"twitter:card\" content=\"summary_large_image\" \/>\n<meta name=\"twitter:label1\" content=\"Yazan:\" \/>\n\t<meta name=\"twitter:data1\" content=\"evb\" \/>\n\t<meta name=\"twitter:label2\" content=\"Tahmini okuma s\u00fcresi\" \/>\n\t<meta name=\"twitter:data2\" content=\"3 dakika\" \/>\n<script type=\"application\/ld+json\" class=\"yoast-schema-graph\">{\"@context\":\"https:\\\/\\\/schema.org\",\"@graph\":[{\"@type\":\"Article\",\"@id\":\"https:\\\/\\\/www.evb.com\\\/workplace-charging-driving-the-transition-to-electric-vehicles\\\/#article\",\"isPartOf\":{\"@id\":\"https:\\\/\\\/www.evb.com\\\/workplace-charging-driving-the-transition-to-electric-vehicles\\\/\"},\"author\":{\"name\":\"evb\",\"@id\":\"https:\\\/\\\/www.evb.com\\\/#\\\/schema\\\/person\\\/fe8f0137976034abdfd2ae4f8c5682d0\"},\"headline\":\"Workplace Charging: Driving the Transition to Electric Vehicles\",\"datePublished\":\"2024-02-18T06:14:49+00:00\",\"mainEntityOfPage\":{\"@id\":\"https:\\\/\\\/www.evb.com\\\/workplace-charging-driving-the-transition-to-electric-vehicles\\\/\"},\"wordCount\":444,\"commentCount\":0,\"publisher\":{\"@id\":\"https:\\\/\\\/www.evb.com\\\/#organization\"},\"articleSection\":[\"Short Blog\"],\"inLanguage\":\"tr\",\"potentialAction\":[{\"@type\":\"CommentAction\",\"name\":\"Comment\",\"target\":[\"https:\\\/\\\/www.evb.com\\\/workplace-charging-driving-the-transition-to-electric-vehicles\\\/#respond\"]}]},{\"@type\":\"WebPage\",\"@id\":\"https:\\\/\\\/www.evb.com\\\/workplace-charging-driving-the-transition-to-electric-vehicles\\\/\",\"url\":\"https:\\\/\\\/www.evb.com\\\/workplace-charging-driving-the-transition-to-electric-vehicles\\\/\",\"name\":\"Workplace Charging: Driving the Transition to Electric Vehicles\",\"isPartOf\":{\"@id\":\"https:\\\/\\\/www.evb.com\\\/#website\"},\"datePublished\":\"2024-02-18T06:14:49+00:00\",\"description\":\"The transition to electric vehicles (EVs) is gaining momentum, and workplace charging plays a crucial role in supporting this shift.\",\"breadcrumb\":{\"@id\":\"https:\\\/\\\/www.evb.com\\\/workplace-charging-driving-the-transition-to-electric-vehicles\\\/#breadcrumb\"},\"inLanguage\":\"tr\",\"potentialAction\":[{\"@type\":\"ReadAction\",\"target\":[\"https:\\\/\\\/www.evb.com\\\/workplace-charging-driving-the-transition-to-electric-vehicles\\\/\"]}]},{\"@type\":\"BreadcrumbList\",\"@id\":\"https:\\\/\\\/www.evb.com\\\/workplace-charging-driving-the-transition-to-electric-vehicles\\\/#breadcrumb\",\"itemListElement\":[{\"@type\":\"ListItem\",\"position\":1,\"name\":\"Home\",\"item\":\"https:\\\/\\\/www.evb.com\\\/\"},{\"@type\":\"ListItem\",\"position\":2,\"name\":\"Workplace Charging: Driving the Transition to Electric Vehicles\"}]},{\"@type\":\"WebSite\",\"@id\":\"https:\\\/\\\/www.evb.com\\\/#website\",\"url\":\"https:\\\/\\\/www.evb.com\\\/\",\"name\":\"EVB\",\"description\":\"Smart EV Charging &amp; Energy Storage Solutions\",\"publisher\":{\"@id\":\"https:\\\/\\\/www.evb.com\\\/#organization\"},\"potentialAction\":[{\"@type\":\"SearchAction\",\"target\":{\"@type\":\"EntryPoint\",\"urlTemplate\":\"https:\\\/\\\/www.evb.com\\\/?s={search_term_string}\"},\"query-input\":{\"@type\":\"PropertyValueSpecification\",\"valueRequired\":true,\"valueName\":\"search_term_string\"}}],\"inLanguage\":\"tr\"},{\"@type\":\"Organization\",\"@id\":\"https:\\\/\\\/www.evb.com\\\/#organization\",\"name\":\"EVB\",\"url\":\"https:\\\/\\\/www.evb.com\\\/\",\"logo\":{\"@type\":\"ImageObject\",\"inLanguage\":\"tr\",\"@id\":\"https:\\\/\\\/www.evb.com\\\/#\\\/schema\\\/logo\\\/image\\\/\",\"url\":\"https:\\\/\\\/www.evb.com\\\/wp-content\\\/uploads\\\/2021\\\/03\\\/evb-3.png\",\"contentUrl\":\"https:\\\/\\\/www.evb.com\\\/wp-content\\\/uploads\\\/2021\\\/03\\\/evb-3.png\",\"width\":605,\"height\":626,\"caption\":\"EVB\"},\"image\":{\"@id\":\"https:\\\/\\\/www.evb.com\\\/#\\\/schema\\\/logo\\\/image\\\/\"}},{\"@type\":\"Person\",\"@id\":\"https:\\\/\\\/www.evb.com\\\/#\\\/schema\\\/person\\\/fe8f0137976034abdfd2ae4f8c5682d0\",\"name\":\"evb\",\"image\":{\"@type\":\"ImageObject\",\"inLanguage\":\"tr\",\"@id\":\"https:\\\/\\\/secure.gravatar.com\\\/avatar\\\/6919cc4e91e3745783933e1263b15b0bed21b5e46f2b1e21643aa8b29240d0f7?s=96&d=mm&r=g\",\"url\":\"https:\\\/\\\/secure.gravatar.com\\\/avatar\\\/6919cc4e91e3745783933e1263b15b0bed21b5e46f2b1e21643aa8b29240d0f7?s=96&d=mm&r=g\",\"contentUrl\":\"https:\\\/\\\/secure.gravatar.com\\\/avatar\\\/6919cc4e91e3745783933e1263b15b0bed21b5e46f2b1e21643aa8b29240d0f7?s=96&d=mm&r=g\",\"caption\":\"evb\"}}]}<\/script>\n<!-- \/ Yoast SEO plugin. -->","yoast_head_json":{"title":"Workplace Charging: Driving the Transition to Electric Vehicles","description":"The transition to electric vehicles (EVs) is gaining momentum, and workplace charging plays a crucial role in supporting this shift.","robots":{"index":"index","follow":"follow","max-snippet":"max-snippet:-1","max-image-preview":"max-image-preview:large","max-video-preview":"max-video-preview:-1"},"canonical":"https:\/\/www.evb.com\/tr\/workplace-charging-driving-the-transition-to-electric-vehicles\/","og_locale":"tr_TR","og_type":"article","og_title":"Workplace Charging: Driving the Transition to Electric Vehicles","og_description":"The transition to electric vehicles (EVs) is gaining momentum, and workplace charging plays a crucial role in supporting this shift.","og_url":"https:\/\/www.evb.com\/tr\/workplace-charging-driving-the-transition-to-electric-vehicles\/","og_site_name":"EVB","article_published_time":"2024-02-18T06:14:49+00:00","author":"evb","twitter_card":"summary_large_image","twitter_misc":{"Yazan:":"evb","Tahmini okuma s\u00fcresi":"3 dakika"},"schema":{"@context":"https:\/\/schema.org","@graph":[{"@type":"Article","@id":"https:\/\/www.evb.com\/workplace-charging-driving-the-transition-to-electric-vehicles\/#article","isPartOf":{"@id":"https:\/\/www.evb.com\/workplace-charging-driving-the-transition-to-electric-vehicles\/"},"author":{"name":"evb","@id":"https:\/\/www.evb.com\/#\/schema\/person\/fe8f0137976034abdfd2ae4f8c5682d0"},"headline":"Workplace Charging: Driving the Transition to Electric Vehicles","datePublished":"2024-02-18T06:14:49+00:00","mainEntityOfPage":{"@id":"https:\/\/www.evb.com\/workplace-charging-driving-the-transition-to-electric-vehicles\/"},"wordCount":444,"commentCount":0,"publisher":{"@id":"https:\/\/www.evb.com\/#organization"},"articleSection":["Short Blog"],"inLanguage":"tr","potentialAction":[{"@type":"CommentAction","name":"Comment","target":["https:\/\/www.evb.com\/workplace-charging-driving-the-transition-to-electric-vehicles\/#respond"]}]},{"@type":"WebPage","@id":"https:\/\/www.evb.com\/workplace-charging-driving-the-transition-to-electric-vehicles\/","url":"https:\/\/www.evb.com\/workplace-charging-driving-the-transition-to-electric-vehicles\/","name":"Workplace Charging: Driving the Transition to Electric Vehicles","isPartOf":{"@id":"https:\/\/www.evb.com\/#website"},"datePublished":"2024-02-18T06:14:49+00:00","description":"The transition to electric vehicles (EVs) is gaining momentum, and workplace charging plays a crucial role in supporting this shift.","breadcrumb":{"@id":"https:\/\/www.evb.com\/workplace-charging-driving-the-transition-to-electric-vehicles\/#breadcrumb"},"inLanguage":"tr","potentialAction":[{"@type":"ReadAction","target":["https:\/\/www.evb.com\/workplace-charging-driving-the-transition-to-electric-vehicles\/"]}]},{"@type":"BreadcrumbList","@id":"https:\/\/www.evb.com\/workplace-charging-driving-the-transition-to-electric-vehicles\/#breadcrumb","itemListElement":[{"@type":"ListItem","position":1,"name":"Home","item":"https:\/\/www.evb.com\/"},{"@type":"ListItem","position":2,"name":"Workplace Charging: Driving the Transition to Electric Vehicles"}]},{"@type":"WebSite","@id":"https:\/\/www.evb.com\/#website","url":"https:\/\/www.evb.com\/","name":"EVB","description":"Smart EV Charging &amp; Energy Storage Solutions","publisher":{"@id":"https:\/\/www.evb.com\/#organization"},"potentialAction":[{"@type":"SearchAction","target":{"@type":"EntryPoint","urlTemplate":"https:\/\/www.evb.com\/?s={search_term_string}"},"query-input":{"@type":"PropertyValueSpecification","valueRequired":true,"valueName":"search_term_string"}}],"inLanguage":"tr"},{"@type":"Organization","@id":"https:\/\/www.evb.com\/#organization","name":"EVB","url":"https:\/\/www.evb.com\/","logo":{"@type":"ImageObject","inLanguage":"tr","@id":"https:\/\/www.evb.com\/#\/schema\/logo\/image\/","url":"https:\/\/www.evb.com\/wp-content\/uploads\/2021\/03\/evb-3.png","contentUrl":"https:\/\/www.evb.com\/wp-content\/uploads\/2021\/03\/evb-3.png","width":605,"height":626,"caption":"EVB"},"image":{"@id":"https:\/\/www.evb.com\/#\/schema\/logo\/image\/"}},{"@type":"Person","@id":"https:\/\/www.evb.com\/#\/schema\/person\/fe8f0137976034abdfd2ae4f8c5682d0","name":"evb","image":{"@type":"ImageObject","inLanguage":"tr","@id":"https:\/\/secure.gravatar.com\/avatar\/6919cc4e91e3745783933e1263b15b0bed21b5e46f2b1e21643aa8b29240d0f7?s=96&d=mm&r=g","url":"https:\/\/secure.gravatar.com\/avatar\/6919cc4e91e3745783933e1263b15b0bed21b5e46f2b1e21643aa8b29240d0f7?s=96&d=mm&r=g","contentUrl":"https:\/\/secure.gravatar.com\/avatar\/6919cc4e91e3745783933e1263b15b0bed21b5e46f2b1e21643aa8b29240d0f7?s=96&d=mm&r=g","caption":"evb"}}]}},"_links":{"self":[{"href":"https:\/\/www.evb.com\/tr\/wp-json\/wp\/v2\/posts\/10766","targetHints":{"allow":["GET"]}}],"collection":[{"href":"https:\/\/www.evb.com\/tr\/wp-json\/wp\/v2\/posts"}],"about":[{"href":"https:\/\/www.evb.com\/tr\/wp-json\/wp\/v2\/types\/post"}],"author":[{"embeddable":true,"href":"https:\/\/www.evb.com\/tr\/wp-json\/wp\/v2\/users\/3"}],"replies":[{"embeddable":true,"href":"https:\/\/www.evb.com\/tr\/wp-json\/wp\/v2\/comments?post=10766"}],"version-history":[{"count":1,"href":"https:\/\/www.evb.com\/tr\/wp-json\/wp\/v2\/posts\/10766\/revisions"}],"predecessor-version":[{"id":10767,"href":"https:\/\/www.evb.com\/tr\/wp-json\/wp\/v2\/posts\/10766\/revisions\/10767"}],"wp:attachment":[{"href":"https:\/\/www.evb.com\/tr\/wp-json\/wp\/v2\/media?parent=10766"}],"wp:term":[{"taxonomy":"category","embeddable":true,"href":"https:\/\/www.evb.com\/tr\/wp-json\/wp\/v2\/categories?post=10766"},{"taxonomy":"post_tag","embeddable":true,"href":"https:\/\/www.evb.com\/tr\/wp-json\/wp\/v2\/tags?post=10766"}],"curies":[{"name":"wp","href":"https:\/\/api.w.org\/{rel}","templated":true}]}}