{"id":39286,"date":"2026-03-14T10:39:48","date_gmt":"2026-03-14T02:39:48","guid":{"rendered":"https:\/\/www.evb.com\/?p=39286"},"modified":"2026-03-14T11:10:41","modified_gmt":"2026-03-14T03:10:41","slug":"what-is-dynamic-power-management-a-2026-guide-for-dc-fast-charging-sites","status":"publish","type":"post","link":"https:\/\/www.evb.com\/tr\/what-is-dynamic-power-management-a-2026-guide-for-dc-fast-charging-sites\/","title":{"rendered":"Dinamik G\u00fc\u00e7 Y\u00f6netimi Nedir? DC H\u0131zl\u0131 \u015earj \u0130stasyonlar\u0131 \u0130\u00e7in 2026 K\u0131lavuzu"},"content":{"rendered":"<p><br>DC \u015farjda, <strong>dinamik g\u00fc\u00e7 y\u00f6netimi<\/strong> ara\u00e7 <strong>Bir tesisin mevcut g\u00fcc\u00fcn\u00fc ger\u00e7ek zamanl\u0131 olarak birden fazla \u015farj cihaz\u0131 ve ba\u011flant\u0131 noktas\u0131 aras\u0131nda ayarlama ve da\u011f\u0131tma.<\/strong>Amac\u0131 basit: bir \u015farj istasyonunun daha fazla araca hizmet vermesine, \u015febeke s\u0131n\u0131rlar\u0131 i\u00e7inde kalmas\u0131na ve ger\u00e7ek trafik ko\u015fullar\u0131 istasyon \u00fczerinde bask\u0131 olu\u015fturmaya ba\u015flad\u0131\u011f\u0131nda g\u00fcvenilir bir \u015fekilde \u00e7al\u0131\u015fmaya devam etmesine yard\u0131mc\u0131 olmak.<\/p>\n\n\n\n<p>Daha basit bir ifadeyle, dinamik g\u00fc\u00e7 y\u00f6netimi, bir tesisin zaten sahip oldu\u011fu g\u00fcc\u00fc daha ak\u0131ll\u0131ca kullanmas\u0131na yard\u0131mc\u0131 olur. \u015eebeke ba\u011flant\u0131s\u0131n\u0131 a\u015f\u0131r\u0131 y\u00fcklemek veya baz\u0131 \u015farj cihazlar\u0131n\u0131n bo\u015fta kalmas\u0131na izin verirken di\u011ferlerinin a\u015f\u0131r\u0131 y\u00fcklenmesine izin vermek yerine, operat\u00f6rler ara\u00e7lar geldik\u00e7e, ayr\u0131ld\u0131k\u00e7a veya \u015farj talepleri de\u011fi\u015ftik\u00e7e tesis genelinde g\u00fcc\u00fc dengeleyebilirler.<\/p>\n\n\n\n<p>\u015earj noktas\u0131 i\u015fletmecileri i\u00e7in as\u0131l soru nadiren &quot;Daha fazla \u015farj cihaz\u0131 kurabilir miyiz?&quot; olur. As\u0131l soru \u015fudur: <strong>Talep aniden y\u00fckseldi\u011finde, bir\u00e7ok ara\u00e7 ayn\u0131 anda prize tak\u0131ld\u0131\u011f\u0131nda ve g\u00fc\u00e7 limiti birdenbire yetersiz kald\u0131\u011f\u0131nda, site sorunsuz bir \u015fekilde \u00e7al\u0131\u015fmaya devam edebilir mi?<\/strong> Dinamik g\u00fc\u00e7 y\u00f6netimi tam olarak bu sorunu \u00e7\u00f6zmek i\u00e7in tasarlanm\u0131\u015ft\u0131r.<\/p>\n\n\n\n<hr class=\"wp-block-separator has-alpha-channel-opacity\"\/>\n\n\n\n<h2 class=\"wp-block-heading\">1) DC \u015farj istasyonlar\u0131n\u0131n neden dinamik g\u00fc\u00e7 y\u00f6netimine ihtiyac\u0131 var?<\/h2>\n\n\n\n<p>DC h\u0131zl\u0131 \u015farj istasyonlar\u0131 genellikle \u00fc\u00e7 t\u00fcr k\u0131s\u0131tlamayla kar\u015f\u0131 kar\u015f\u0131ya kal\u0131r.<\/p>\n\n\n\n<h3 class=\"wp-block-heading\">A) \u015eebeke ve g\u00fc\u00e7 s\u0131n\u0131rlar\u0131<\/h3>\n\n\n\n<p>Daha fazla \u015farj cihaz\u0131 eklemek i\u00e7in fiziksel alan olsa bile, bir tesis yine de \u015fu s\u0131n\u0131rlamalara tabidir:<\/p>\n\n\n\n<ul class=\"wp-block-list\">\n<li>s\u00f6zle\u015fmeli g\u00fc\u00e7 kapasitesi<\/li>\n\n\n\n<li>transformat\u00f6r ve \u015falt cihaz\u0131 s\u0131n\u0131rlar\u0131<\/li>\n\n\n\n<li>koruma ayarlar\u0131 ve kabul edilebilir g\u00fc\u00e7 art\u0131\u015f\u0131 davran\u0131\u015f\u0131<\/li>\n<\/ul>\n\n\n\n<p>Tesis d\u00fczeyinde kontrol olmadan, ayn\u0131 anda y\u00fcksek g\u00fc\u00e7 \u00e7eken birden fazla \u015farj cihaz\u0131, tesisi a\u015f\u0131r\u0131 y\u00fcklenmeye yakla\u015ft\u0131rabilir, koruma devrelerini tetikleyebilir veya t\u00fcm tesisin \u00f6ng\u00f6r\u00fclemeyen \u015fekilde davranmas\u0131na neden olabilir.<\/p>\n\n\n\n<p>Bir\u00e7ok ticari ve end\u00fcstriyel alanda ayr\u0131ca \u015funlar da bulunur: <strong>ihracat zorunlulu\u011fu yok<\/strong>Bu, elektri\u011fin \u015febekeye geri akmamas\u0131 gerekti\u011fi anlam\u0131na gelir. G\u00fcne\u015f enerjisi, depolama ve \u015farj\u0131 birle\u015ftiren tesislerde, dinamik g\u00fc\u00e7 y\u00f6netimi bu k\u0131s\u0131tlamalar\u0131 koordine etmenin pratik bir yolu haline gelir.<\/p>\n\n\n\n<h3 class=\"wp-block-heading\">B) D\u00fczensiz ara\u00e7 geli\u015fleri<\/h3>\n\n\n\n<p>DC \u015farj talebi nadiren d\u00fczg\u00fcnd\u00fcr. Ger\u00e7ek operasyonlarda, tesislerde s\u0131kl\u0131kla \u015fu durumlar g\u00f6r\u00fcl\u00fcr:<\/p>\n\n\n\n<ul class=\"wp-block-list\">\n<li>Var\u0131\u015flarda dalga benzeri zirveler<\/li>\n\n\n\n<li>Farkl\u0131 \u015farj kabul\u00fcne sahip karma ara\u00e7 tipleri<\/li>\n\n\n\n<li>k\u0131sa ve uzun oturumlar yan yana ger\u00e7ekle\u015fiyor.<\/li>\n<\/ul>\n\n\n\n<p>Sabit g\u00fc\u00e7 tahsis modeli, sakin d\u00f6nemlerde kapasiteyi genellikle bo\u015fa harcar ve tesis yo\u011funla\u015ft\u0131\u011f\u0131 anda sorun haline gelir. Bir\u00e7ok tesiste asl\u0131nda kurulu ekipman eksikli\u011fi yoktur. Eksik olan \u015fey, kurulu kW&#039;\u0131 s\u00fcrekli olarak sa\u011flanabilecek \u015farj kapasitesine d\u00f6n\u00fc\u015ft\u00fcrmenin bir yoludur.<\/p>\n\n\n\n<h3 class=\"wp-block-heading\">C) En y\u00fcksek risk ve operasyonel istikrars\u0131zl\u0131k<\/h3>\n\n\n\n<p><br>Y\u00fcksek g\u00fc\u00e7l\u00fc DC \u015farj genellikle ayn\u0131 anda \u00fc\u00e7 sorunu beraberinde getirir:<\/p>\n\n\n\n<ul class=\"wp-block-list\">\n<li>Tarifeye ba\u011fl\u0131 olarak daha y\u00fcksek zirve talep maliyetleri<\/li>\n\n\n\n<li>Yo\u011fun saatlerde daha fazla rastgele ar\u0131za<\/li>\n\n\n\n<li>&quot;Site yaln\u0131zca yo\u011fun zamanlarda ar\u0131za verdi\u011finde&quot; destek y\u00fck\u00fc artar.<\/li>\n<\/ul>\n\n\n\n<p><strong>Ultra h\u0131zl\u0131 \u015farj ger\u00e7e\u011fi:<\/strong> S\u0131v\u0131 so\u011futmal\u0131 \u015farj g\u00fcc\u00fc artmaya devam ettik\u00e7e, tek ba\u011flant\u0131dan elde edilen \u00e7\u0131k\u0131\u015f g\u00fcc\u00fc de giderek y\u00fckseliyor. Bu ortamda, iki ara\u00e7 ayn\u0131 anda y\u00fcksek g\u00fc\u00e7l\u00fc \u015farj i\u015flemine ba\u015flarsa, \u015farj noktas\u0131 h\u0131zla trafo veya da\u011f\u0131t\u0131m s\u0131n\u0131rlar\u0131na yakla\u015fabilir. <br><strong>Dinamik g\u00fc\u00e7 y\u00f6netimi, b\u00fcy\u00fck \u00f6l\u00e7ekli ultra h\u0131zl\u0131 \u015farj\u0131n g\u00fcvenlik temeli haline geliyor.<\/strong>\u00c7\u00fcnk\u00fc bu, y\u00fcksek g\u00fc\u00e7l\u00fc tesislerin, birden fazla ara\u00e7 ayn\u0131 anda g\u00fc\u00e7 \u00e7ekmeye ba\u015flad\u0131\u011f\u0131nda bile kontrol edilebilir, \u00f6ng\u00f6r\u00fclebilir ve \u00e7al\u0131\u015f\u0131r durumda kalmas\u0131na yard\u0131mc\u0131 olur.<\/p>\n\n\n\n<hr class=\"wp-block-separator has-alpha-channel-opacity\"\/>\n\n\n\n<h2 class=\"wp-block-heading\">2) DC h\u0131zl\u0131 \u015farjda dinamik g\u00fc\u00e7 y\u00f6netimi ne anlama gelir?<\/h2>\n\n\n\n<p>DC h\u0131zl\u0131 \u015farjda, dinamik g\u00fc\u00e7 y\u00f6netimi genellikle \u00fc\u00e7 \u015feyi i\u00e7erir:<\/p>\n\n\n\n<ol start=\"1\" class=\"wp-block-list\">\n<li><strong>Site genelinde bir g\u00fc\u00e7 s\u0131n\u0131r\u0131 belirleyin.<\/strong> Tesisin \u00e7ekmesi veya vermesi gereken maksimum g\u00fcc\u00fc tan\u0131mlay\u0131n.<\/li>\n\n\n\n<li><strong>\u015earj cihazlar\u0131 ve ba\u011flant\u0131 noktalar\u0131 aras\u0131nda g\u00fc\u00e7 da\u011f\u0131t\u0131m\u0131 yap\u0131n.<\/strong> Se\u00e7ilen kontrol mant\u0131\u011f\u0131na g\u00f6re mevcut g\u00fcc\u00fc aktif oturumlar aras\u0131nda da\u011f\u0131t\u0131n.<\/li>\n\n\n\n<li><strong>Ger\u00e7ek zamanl\u0131 olarak s\u00fcrekli ayarlama yap\u0131n.<\/strong> Ara\u00e7lar ba\u011fland\u0131\u011f\u0131nda, ba\u011flant\u0131lar\u0131 kesildi\u011finde veya \u015farj talepleri de\u011fi\u015fti\u011finde tahsis edilen miktar\u0131 g\u00fcncelleyin.<\/li>\n<\/ol>\n\n\n\n<p>Bu, ka\u011f\u0131t \u00fczerinde bir \u015farj aletinin daha b\u00fcy\u00fck g\u00f6r\u00fcnmesini sa\u011flamakla ilgili de\u011fil. Bu, siteyi i\u015flevsel bir sisteme d\u00f6n\u00fc\u015ft\u00fcrmekle ilgili. <strong>g\u00fcc\u00fc tahsis etmek, koordine etmek ve korumak<\/strong> Ger\u00e7ek zamanl\u0131 olarak. G\u00fc\u00e7 seviyesi ne kadar y\u00fckselirse, statik d\u00fc\u015f\u00fcnme o kadar az i\u015fe yarar hale gelir.<\/p>\n\n\n\n<hr class=\"wp-block-separator has-alpha-channel-opacity\"\/>\n\n\n\n<h2 class=\"wp-block-heading\">3) Dinamik g\u00fc\u00e7 y\u00f6netimi nas\u0131l \u00e7al\u0131\u015f\u0131r?<\/h2>\n\n\n\n<p>\u00c7o\u011fu veri merkezi, en az\u0131ndan prensip olarak, basit bir kontrol d\u00f6ng\u00fcs\u00fcn\u00fc takip eder.<\/p>\n\n\n\n<h3 class=\"wp-block-heading\">Ad\u0131m 1: Ger\u00e7ek s\u0131n\u0131rlar\u0131 belirleyin<\/h3>\n\n\n\n<p>Sistem \u015funlar\u0131 izler:<\/p>\n\n\n\n<ul class=\"wp-block-list\">\n<li>sitenin mevcut g\u00fc\u00e7 s\u0131n\u0131r\u0131<\/li>\n\n\n\n<li>mevcut \u015farj y\u00fck\u00fc<\/li>\n\n\n\n<li>\u015farj cihaz\u0131 ve ba\u011flant\u0131 noktas\u0131 durumu<\/li>\n\n\n\n<li>Baz\u0131 durumlarda, di\u011fer siteler de y\u00fcklenir.<\/li>\n<\/ul>\n\n\n\n<p>Bu kula\u011fa basit gelse de, projelerin zorlanmaya ba\u015flad\u0131\u011f\u0131 nokta genellikle buras\u0131d\u0131r. Bir alan kendi ger\u00e7ek s\u0131n\u0131rlar\u0131n\u0131 net bir \u015fekilde g\u00f6remiyorsa, daha sonraki kontrol kararlar\u0131 genellikle kesin olmaktan ziyade tepkisel hale gelir.<\/p>\n\n\n\n<h3 class=\"wp-block-heading\">Ad\u0131m 2: Kurallara g\u00f6re g\u00fc\u00e7 da\u011f\u0131t\u0131m\u0131<\/h3>\n\n\n\n<p>Genel g\u00fc\u00e7 da\u011f\u0131t\u0131m kurallar\u0131 \u015funlard\u0131r:<\/p>\n\n\n\n<ul class=\"wp-block-list\">\n<li>e\u015fit payla\u015f\u0131m<\/li>\n\n\n\n<li>\u00f6ncelik esasl\u0131 tahsis<\/li>\n\n\n\n<li>oturum ba\u015f\u0131na minimum garantili g\u00fc\u00e7<\/li>\n\n\n\n<li>filolar i\u00e7in sevk veya kalk\u0131\u015f zaman\u0131na dayal\u0131 tahsis<\/li>\n<\/ul>\n\n\n\n<p><strong><strong>Dinamik tahsis, yaln\u0131zca teknik bir i\u015flev de\u011fildir; ayn\u0131 zamanda bir i\u015f arac\u0131d\u0131r.<\/strong><\/strong> \u0130\u015fletmeciler bunu farkl\u0131 hizmet seviyeleri olu\u015fturmak i\u00e7in kullanabilirler. \u00d6rne\u011fin, lojistik filosuna kalk\u0131\u015f programlar\u0131n\u0131 korumak i\u00e7in en az 60 kW g\u00fc\u00e7 garanti edilebilirken, kamu kullan\u0131c\u0131lar\u0131 mevcut g\u00fcce ba\u011fl\u0131 olarak esnek g\u00fc\u00e7 alabilirler. Bu, tesisin \u00f6nemli m\u00fc\u015fterilerini korurken ayn\u0131 zamanda bo\u015f kapasiteyi gelire d\u00f6n\u00fc\u015ft\u00fcrmesini sa\u011flar.<\/p>\n\n\n\n<h3 class=\"wp-block-heading\">3. Ad\u0131m: Sitenin istikrarl\u0131 kalmas\u0131n\u0131 sa\u011flay\u0131n<\/h3>\n\n\n\n<p>Sistem o zaman \u015f\u00f6yleydi:<\/p>\n\n\n\n<ul class=\"wp-block-list\">\n<li>Toplam g\u00fcc\u00fc tesis limitinin alt\u0131nda tutar.<\/li>\n\n\n\n<li>g\u00fc\u00e7 de\u011fi\u015fimlerinin h\u0131z\u0131n\u0131 kontrol eder<\/li>\n\n\n\n<li>Bu, sitenin de\u011fi\u015fken ko\u015fullar alt\u0131nda daha \u00f6ng\u00f6r\u00fclebilir bir \u015fekilde davranmas\u0131na yard\u0131mc\u0131 olur.<\/li>\n<\/ul>\n\n\n\n<p>\u00d6nemli nokta \u015fu: Dinamik g\u00fc\u00e7 y\u00f6netimi, her araban\u0131n daha h\u0131zl\u0131 \u015farj olmas\u0131n\u0131 sa\u011flamakla ilgili de\u011fil. Dinamik g\u00fc\u00e7 y\u00f6netimi, ... <strong>Sitenin kendisi daha istikrarl\u0131, \u00f6l\u00e7eklendirilmesi daha kolay ve ger\u00e7ek i\u015fletme ko\u015fullar\u0131 alt\u0131nda daha verimli.<\/strong>.<\/p>\n\n\n\n<hr class=\"wp-block-separator has-alpha-channel-opacity\"\/>\n\n\n\n<h2 class=\"wp-block-heading\">4) Dinamik g\u00fc\u00e7 y\u00f6netimiyle neler de\u011fi\u015fiyor? Tesis d\u00fczeyinde bir kar\u015f\u0131la\u015ft\u0131rma<\/h2>\n\n\n\n<figure class=\"wp-block-table\"><table class=\"has-fixed-layout\"><thead><tr><th><strong>Kar\u015f\u0131la\u015ft\u0131rma Alan\u0131<\/strong><\/th><th><strong>Dinamik G\u00fc\u00e7 Y\u00f6netimi Olmadan<\/strong><\/th><th><strong>Dinamik G\u00fc\u00e7 Y\u00f6netimi ile<\/strong><\/th><\/tr><\/thead><tbody><tr><td><strong>\u015eantiye g\u00fc\u00e7 kontrol\u00fc<\/strong><\/td><td>Birden fazla arac\u0131n y\u00fcksek g\u00fc\u00e7te \u015farj olmas\u0131 durumunda \u015febeke veya da\u011f\u0131t\u0131m s\u0131n\u0131rlar\u0131na tak\u0131lma olas\u0131l\u0131\u011f\u0131 daha y\u00fcksektir.<\/td><td>Elektrik enerjisi, tesis genelinde belirlenen bir kapasite dahilinde da\u011f\u0131t\u0131larak a\u015f\u0131r\u0131 y\u00fcklenme riski azalt\u0131l\u0131r.<\/td><\/tr><tr><td><strong>Birden fazla \u015farj cihaz\u0131 kullan\u0131mda.<\/strong><\/td><td>Baz\u0131 \u015farj cihazlar\u0131 a\u015f\u0131r\u0131 y\u00fcklenmi\u015f olabilirken, di\u011ferleri kullan\u0131lmadan duruyor olabilir.<\/td><td>Enerji ger\u00e7ek zamanl\u0131 olarak tahsis edilebildi\u011finden, genel kullan\u0131m oran\u0131 iyile\u015ftirilir.<\/td><\/tr><tr><td><strong>Zirve saatlerinde istikrar<\/strong><\/td><td>Koruma mekanizmalar\u0131nda tetiklenme, istikrars\u0131z davran\u0131\u015f veya rastgele ar\u0131za riskinin daha y\u00fcksek olmas\u0131.<\/td><td>G\u00fc\u00e7 de\u011fi\u015fimleri daha sorunsuz bir \u015fekilde kontrol edilebilir, bu da \u00f6ng\u00f6r\u00fclebilirli\u011fi art\u0131r\u0131r.<\/td><\/tr><tr><td><strong>\u00d6l\u00e7eklenebilirlik<\/strong><\/td><td>\u015eebeke y\u00fckseltmelerine daha erken ihtiya\u00e7 duyulabilir.<\/td><td>Mevcut alan s\u0131n\u0131rlar\u0131 dahilinde genellikle daha fazla \u015farj noktas\u0131 desteklenebilir.<\/td><\/tr><tr><td><strong>D\u00fczensiz geli\u015flere yan\u0131t<\/strong><\/td><td>Ani trafik yo\u011funlu\u011funu veya karma ara\u00e7 talebini y\u00f6netmek daha zor.<\/td><td>De\u011fi\u015fken trafik ve karma \u015farj seanslar\u0131na daha uygun.<\/td><\/tr><tr><td><strong>Kuyruk ak\u0131\u015f\u0131 ve verimlilik<\/strong><\/td><td>Uzun s\u00fcren bir oturum t\u00fcm siteyi yava\u015flatabilir.<\/td><td>Dinamik tahsis, i\u015flem hacmini ve kuyruk verimlili\u011fini art\u0131rmaya yard\u0131mc\u0131 olur.<\/td><\/tr><tr><td><strong>Filo \u00f6ncelik kontrol\u00fc<\/strong><\/td><td>\u00d6nemli ara\u00e7lar\u0131 korumak veya garantili hizmet seviyelerini sa\u011flamak zor.<\/td><td>Filolar veya kritik kullan\u0131c\u0131lar i\u00e7in \u00f6ncelik kurallar\u0131 uygulanabilir.<\/td><\/tr><tr><td><strong>G\u00fcne\u015f enerjisi + depolama entegrasyonu<\/strong><\/td><td>\u015earj i\u015flemlerini di\u011fer enerji varl\u0131klar\u0131yla koordine etmek daha zor.<\/td><td>G\u00fcne\u015f enerjisi, depolama ve \u015farj y\u00fcklerini birlikte koordine etmek daha kolay.<\/td><\/tr><tr><td><strong>Operasyonel kontrol<\/strong><\/td><td>Daha reaktif ve manuel m\u00fcdahaleye daha ba\u011f\u0131ml\u0131.<\/td><td>\u00d6l\u00e7eklenebilir operasyonlar i\u00e7in y\u00f6netilen bir sisteme daha \u00e7ok benziyor.<\/td><\/tr><\/tbody><\/table><\/figure>\n\n\n\n<hr class=\"wp-block-separator has-alpha-channel-opacity\"\/>\n\n\n\n<h2 class=\"wp-block-heading\">5) Dinamik \u015farj\u0131n temel faydalar\u0131<\/h2>\n\n\n\n<h3 class=\"wp-block-heading\">1. Acil \u015febeke iyile\u015ftirmelerine gerek kalmadan daha fazla \u015farj noktas\u0131.<\/h3>\n\n\n\n<p>Trafo y\u00fckseltmeleri veya \u015febeke geni\u015fletmeleri zaman ald\u0131\u011f\u0131nda, dinamik g\u00fc\u00e7 y\u00f6netimi, operat\u00f6rlerin bir sonraki g\u00fc\u00e7 y\u00fckseltmesini beklemek yerine ayn\u0131 tesis s\u0131n\u0131rlar\u0131 i\u00e7inde daha fazla araca hizmet vermelerine yard\u0131mc\u0131 olur.<\/p>\n\n\n\n<h3 class=\"wp-block-heading\">2. Mevcut enerjinin daha verimli kullan\u0131m\u0131<\/h3>\n\n\n\n<p>Bir \u015farj cihaz\u0131 a\u015f\u0131r\u0131 y\u00fcklendi\u011finde tesisin g\u00fcc\u00fcn\u00fcn bir k\u0131sm\u0131n\u0131n kullan\u0131lmadan kalmas\u0131 yerine, dinamik tahsis, mevcut kapasitenin daha s\u00fcrekli ve verimli bir \u015fekilde kullan\u0131lmas\u0131na yard\u0131mc\u0131 olur.<\/p>\n\n\n\n<h3 class=\"wp-block-heading\">3. Daha iyi s\u0131ra ak\u0131\u015f\u0131 ve daha sorunsuz bir m\u00fc\u015fteri deneyimi<\/h3>\n\n\n\n<p>Ger\u00e7ek operasyonlarda, <strong>daha fazla ba\u011flant\u0131 noktas\u0131 ve dinamik tahsis<\/strong> Genellikle tek bir a\u015f\u0131r\u0131 b\u00fcy\u00fck \u015farj noktas\u0131ndan daha iyi performans g\u00f6sterir. Daha fazla ara\u00e7 \u015farj olmaya ba\u015flayabilir, yo\u011fun trafik y\u00f6netimi kolayla\u015f\u0131r ve \u015farj istasyonunun uzun s\u00fcreli tek bir \u015farj seans\u0131 nedeniyle bloke olma olas\u0131l\u0131\u011f\u0131 azal\u0131r.<\/p>\n\n\n\n<h3 class=\"wp-block-heading\">4. Yo\u011fun saatlerde daha az ar\u0131za<\/h3>\n\n\n\n<p>Operat\u00f6rler, ani y\u00fck art\u0131\u015flar\u0131n\u0131 s\u0131n\u0131rlayarak ve g\u00fc\u00e7 de\u011fi\u015fimlerini kontrol ederek, gereksiz ar\u0131zalar\u0131, a\u015f\u0131r\u0131 y\u00fcklenme olaylar\u0131n\u0131 ve genellikle yaln\u0131zca tesis yo\u011fun oldu\u011funda ortaya \u00e7\u0131kan &quot;rastgele ar\u0131zalar\u0131&quot; azaltabilirler.<\/p>\n\n\n\n<hr class=\"wp-block-separator has-alpha-channel-opacity\"\/>\n\n\n\n<h2 class=\"wp-block-heading\">6) Dinamik g\u00fc\u00e7 y\u00f6netiminin en \u00e7ok \u00f6nem ta\u015f\u0131d\u0131\u011f\u0131 yerler<\/h2>\n\n\n\n<p>Dinamik g\u00fc\u00e7 y\u00f6netimi, \u015farj talebinin y\u00fcksek ancak \u015febeke kapasitesinin s\u0131n\u0131rl\u0131 oldu\u011fu yerlerde en faydal\u0131 tesis \u00f6zelliklerinden biridir.<\/p>\n\n\n\n<h3 class=\"wp-block-heading\">A) Genel DC \u015farj istasyonlar\u0131<\/h3>\n\n\n\n<p>Birden fazla \u015farj istasyonunun bulundu\u011fu, karma trafi\u011fin ve ani geli\u015flerin ya\u015fand\u0131\u011f\u0131 tesisler, daha y\u00fcksek veri aktar\u0131m h\u0131z\u0131 ve daha istikrarl\u0131 \u00e7al\u0131\u015fmadan fayda g\u00f6r\u00fcr.<\/p>\n\n\n\n<h3 class=\"wp-block-heading\">B) Filo depolar\u0131 ve karma kullan\u0131m alanlar\u0131<\/h3>\n\n\n\n<p>Filo ara\u00e7lar\u0131 genellikle dalgalar halinde geri d\u00f6ner. Dinamik g\u00fc\u00e7 y\u00f6netimi, \u015farj i\u015flemlerine \u00f6ncelik verilmesine, saha s\u0131n\u0131rlar\u0131n\u0131n korunmas\u0131na ve sahan\u0131n i\u015fleyi\u015finin devaml\u0131l\u0131\u011f\u0131n\u0131n sa\u011flanmas\u0131na yard\u0131mc\u0131 olur.<\/p>\n\n\n\n<h3 class=\"wp-block-heading\">C) \u015eebeke kapasitesi s\u0131n\u0131rl\u0131 olan veya y\u00fckseltme s\u00fcreleri uzun olan b\u00f6lgeler<\/h3>\n\n\n\n<p>Orta gerilim geni\u015fletme, transformat\u00f6r veya \u015falt cihazlar\u0131n\u0131n k\u0131s\u0131tl\u0131 oldu\u011fu durumlarda, dinamik g\u00fc\u00e7 y\u00f6netimi, b\u00fcy\u00fck bir g\u00fc\u00e7 y\u00fckseltmesi tamamlanmadan \u00f6nce tesisin kapasitesinin art\u0131r\u0131lmas\u0131na yard\u0131mc\u0131 olabilir.<\/p>\n\n\n\n<hr class=\"wp-block-separator has-alpha-channel-opacity\"\/>\n\n\n\n<h2 class=\"wp-block-heading\">7) Yayg\u0131n yanl\u0131\u015f anlamalar<\/h2>\n\n\n\n<h3 class=\"wp-block-heading\">Yanl\u0131\u015f Anlama 1: Dinamik g\u00fc\u00e7 y\u00f6netimi her arac\u0131n daha h\u0131zl\u0131 \u015farj olmas\u0131n\u0131 sa\u011flar.<\/h3>\n\n\n\n<p>Mutlaka \u00f6yle de\u011fil. As\u0131l amac\u0131 iyile\u015ftirmektir. <strong>site d\u00fczeyinde verimlilik ve istikrar<\/strong>Her seans\u0131 her zaman en verimli \u015fekilde de\u011ferlendirmek de\u011fil.<\/p>\n\n\n\n<h3 class=\"wp-block-heading\">Yanl\u0131\u015f Anlama 2: Sadece daha b\u00fcy\u00fck bir donan\u0131m.<\/h3>\n\n\n\n<p>Hay\u0131r. Dinamik g\u00fc\u00e7 y\u00f6netimi bir <strong>saha d\u00fczeyinde kontrol stratejisi<\/strong>Bu, yaln\u0131zca daha b\u00fcy\u00fck kabinlere veya daha kal\u0131n kablolara de\u011fil, koordinasyona, kurallara ve sistem davran\u0131\u015f\u0131na da ba\u011fl\u0131d\u0131r.<\/p>\n\n\n\n<h3 class=\"wp-block-heading\">Yanl\u0131\u015f Anlama 3: Bir kere a\u00e7ars\u0131n\u0131z ve unutursunuz.<\/h3>\n\n\n\n<p>Asl\u0131nda de\u011fil. \u0130yi sonu\u00e7lar, net \u00e7al\u0131\u015fma kurallar\u0131na ba\u011fl\u0131d\u0131r:<\/p>\n\n\n\n<ul class=\"wp-block-list\">\n<li>minimum g\u00fc\u00e7 garantileri<\/li>\n\n\n\n<li>\u00f6ncelik mant\u0131\u011f\u0131<\/li>\n\n\n\n<li>g\u00fcvenli g\u00fc\u00e7 de\u011fi\u015fim limitleri<\/li>\n\n\n\n<li>Anormal ko\u015fullar alt\u0131nda yedek davran\u0131\u015f<\/li>\n<\/ul>\n\n\n\n<p>Bunu basit bir \u00f6zellik de\u011fi\u015ftirme se\u00e7ene\u011fi olarak de\u011fil, sitenin i\u015fletim sisteminin bir par\u00e7as\u0131 olarak anlamak daha do\u011fru olur.<\/p>\n\n\n\n<hr class=\"wp-block-separator has-alpha-channel-opacity\"\/>\n\n\n\n<h2 class=\"wp-block-heading\">8) 2026 trendi: \u015farj cihazlar\u0131n\u0131 kontrol etmekten enerjiyi kontrol etmeye<\/h2>\n\n\n\n<p>2026&#039;n\u0131n \u00f6nemli bir trendi, dinamik g\u00fc\u00e7 y\u00f6netiminin &quot;\u015farj cihaz\u0131 kontrol\u00fcn\u00fcn&quot; \u00f6tesine ge\u00e7erek daha ileri bir y\u00f6ne do\u011fru ilerlemesidir. <strong>enerji orkestrasyonu<\/strong>G\u00fcne\u015f enerjisi, depolama ve \u015farj sistemlerinin bir arada bulundu\u011fu tesislerde, sistem \u00e7at\u0131daki fotovoltaik panellerin \u00e7\u0131k\u0131\u015f g\u00fcc\u00fcn\u00fc ve bataryay\u0131 izleyebilir. <strong>SoC<\/strong> Daha sonra bu ekstra g\u00fcc\u00fc, tesisin \u015febeke s\u0131n\u0131r\u0131n\u0131 a\u015fmadan \u015farj seanslar\u0131n\u0131 desteklemek i\u00e7in ger\u00e7ek zamanl\u0131 olarak kullan\u0131n. Bu, operat\u00f6rlerin tepe y\u00fck\u00fc azalt\u0131rken verimlili\u011fi art\u0131rmas\u0131na olanak tan\u0131r.<\/p>\n\n\n\n<hr class=\"wp-block-separator has-alpha-channel-opacity\"\/>\n\n\n\n<h2 class=\"wp-block-heading\">9) EVB \u00f6nerisi: <a href=\"https:\/\/www.evb.com\/tr\/by-charging-type\/evb-dc-ev-charging-solutions\/?playlist=6be638e&amp;video=ad61822\">daha ak\u0131ll\u0131 bir DC h\u0131zl\u0131 \u015farj stratejisi<\/a> \u00f6l\u00e7eklenebilir siteler i\u00e7in<\/h2>\n\n\n\n<figure class=\"wp-block-image size-full\"><img loading=\"lazy\" decoding=\"async\" width=\"2560\" height=\"1600\" src=\"https:\/\/www.evb.com\/wp-content\/uploads\/2026\/01\/20251217-163915.jpeg\" alt=\"EVB DC h\u0131zl\u0131 \u015farj cihaz\u0131 serisi, kamu ve ticari elektrikli ara\u00e7 \u015farj uygulamalar\u0131 i\u00e7in tasarlanm\u0131\u015ft\u0131r.\" class=\"wp-image-38753\" srcset=\"https:\/\/www.evb.com\/wp-content\/uploads\/2026\/01\/20251217-163915.jpeg 2560w, https:\/\/www.evb.com\/wp-content\/uploads\/2026\/01\/20251217-163915-1536x960.jpeg 1536w, https:\/\/www.evb.com\/wp-content\/uploads\/2026\/01\/20251217-163915-2048x1280.jpeg 2048w, https:\/\/www.evb.com\/wp-content\/uploads\/2026\/01\/20251217-163915-18x12.jpeg 18w, https:\/\/www.evb.com\/wp-content\/uploads\/2026\/01\/20251217-163915-600x375.jpeg 600w, https:\/\/www.evb.com\/wp-content\/uploads\/2026\/01\/20251217-163915-768x480.jpeg 768w\" sizes=\"auto, (max-width: 2560px) 100vw, 2560px\" \/><figcaption class=\"wp-element-caption\"><a href=\"https:\/\/www.evb.com\/tr\/\">EVB Komple Elektrikli Ara\u00e7 \u015earj \u00c7\u00f6z\u00fcmleri<\/a><\/figcaption><\/figure>\n\n\n\n<p>Dinamik g\u00fc\u00e7 y\u00f6netimi, \u00f6zellikle \u015fu ama\u00e7larla tasarlanm\u0131\u015f bir platformda \u00e7al\u0131\u015ft\u0131\u011f\u0131nda en b\u00fcy\u00fck de\u011feri yarat\u0131r: <strong>geni\u015fleme, i\u015fletme ve uzun vadeli uyum yetene\u011fi<\/strong>EVB&#039;nin DC \u015farj \u00e7\u00f6z\u00fcmleri, \u00e7oklu \u015farj istasyonu yerle\u015fimlerini ve a\u015famal\u0131 geni\u015fleme stratejilerini destekleyerek operat\u00f6rlerin bug\u00fcnk\u00fc trafik ihtiya\u00e7lar\u0131yla ba\u015flamas\u0131na ve talep artt\u0131k\u00e7a geni\u015flemesine olanak tan\u0131r.<\/p>\n\n\n\n<p>\u0130\u015fletmeciler i\u00e7in dinamik g\u00fc\u00e7 y\u00f6netimi, yaln\u0131zca tesisin bug\u00fcn g\u00fcvenli bir \u015fekilde i\u015fletilmesiyle ilgili de\u011fildir. Ayn\u0131 zamanda, gereksiz yeniden tasar\u0131m veya de\u011fi\u015ftirme gerektirmeden yar\u0131n geni\u015fleyebilecek bir tesis in\u015fa etmekle de ilgilidir.<\/p>\n\n\n\n<p>S\u0131n\u0131rl\u0131 \u015febeke kapasitesi, de\u011fi\u015fken trafik veya iddial\u0131 b\u00fcy\u00fcme hedefleri olan bir DC h\u0131zl\u0131 \u015farj istasyonu planl\u0131yorsan\u0131z veya mevcut istasyonunuzu modernize ediyorsan\u0131z, EVB, tesisinizin ko\u015fullar\u0131n\u0131 incelemenize ve daha pratik bir g\u00fc\u00e7 stratejisi geli\u015ftirmenize yard\u0131mc\u0131 olabilir.<\/p>\n\n\n\n<p><strong>Dinamik g\u00fc\u00e7 y\u00f6netiminin siteniz i\u00e7in uygun olup olmad\u0131\u011f\u0131n\u0131 de\u011ferlendirmek mi istiyorsunuz? <a href=\"https:\/\/www.evb.com\/tr\/lets-connect\/\">EVB ile ileti\u015fime ge\u00e7in <\/a>Sitenizin b\u00fcy\u00fckl\u00fc\u011f\u00fcn\u00fc, \u015febeke ko\u015fullar\u0131n\u0131 ve uygulama plan\u0131n\u0131z\u0131 g\u00f6r\u00fc\u015fmek \u00fczere.<\/strong><\/p>\n\n\n\n<hr class=\"wp-block-separator has-alpha-channel-opacity\"\/>\n\n\n\n<h2 class=\"wp-block-heading\"><strong>SSS<\/strong><\/h2>\n\n\n\n<h3 class=\"wp-block-heading\">Elektrikli ara\u00e7 \u015farj\u0131nda dinamik g\u00fc\u00e7 y\u00f6netimi nedir?<\/h3>\n\n\n\n<p>Dinamik g\u00fc\u00e7 y\u00f6netimi, bir tesisin mevcut \u015farj g\u00fcc\u00fcn\u00fc ger\u00e7ek zamanl\u0131 olarak birden fazla \u015farj cihaz\u0131 ve ba\u011flant\u0131 noktas\u0131na da\u011f\u0131tma yetene\u011fidir. Bu, tesisin g\u00fc\u00e7 s\u0131n\u0131rlar\u0131 i\u00e7inde kalmas\u0131na yard\u0131mc\u0131 olurken, kullan\u0131m verimlili\u011fini ve operasyonel istikrar\u0131 da art\u0131r\u0131r.<\/p>\n\n\n\n<h3 class=\"wp-block-heading\">Dinamik g\u00fc\u00e7 y\u00f6netimi ile g\u00fc\u00e7 payla\u015f\u0131m\u0131 ayn\u0131 \u015fey midir?<\/h3>\n\n\n\n<p>Bunlar yak\u0131ndan ili\u015fkilidir. G\u00fc\u00e7 payla\u015f\u0131m\u0131 genellikle g\u00fcc\u00fcn \u015farj cihazlar\u0131 veya konekt\u00f6rler aras\u0131nda nas\u0131l b\u00f6l\u00fcnd\u00fc\u011f\u00fcn\u00fc a\u00e7\u0131klar. Dinamik g\u00fc\u00e7 y\u00f6netimi ise daha geni\u015f kapsaml\u0131 tesis d\u00fczeyindeki amac\u0131 vurgular: \u015farj i\u015flemini verimli ve istikrarl\u0131 tutarken tesisin s\u0131n\u0131rlar\u0131 i\u00e7inde kalmak.<\/p>\n\n\n\n<h3 class=\"wp-block-heading\">Dinamik g\u00fc\u00e7 y\u00f6netimi, en y\u00fcksek talep riskini azaltabilir mi?<\/h3>\n\n\n\n<p>Evet, m\u00fcmk\u00fcn. Ayn\u0131 anda kullan\u0131lan g\u00fc\u00e7 miktar\u0131n\u0131 kontrol ederek a\u015f\u0131r\u0131 tepe y\u00fck olaylar\u0131n\u0131 azaltabilir. Ger\u00e7ek etki, tarife yap\u0131s\u0131na, tesis politikas\u0131na ve tesisin depolama veya \u015farj programlar\u0131 kullan\u0131p kullanmad\u0131\u011f\u0131na ba\u011fl\u0131d\u0131r.<\/p>\n\n\n\n<h3 class=\"wp-block-heading\">Dinamik \u015farj i\u00e7in ek donan\u0131m gerekiyor mu?<\/h3>\n\n\n\n<p>Genellikle \u00f6l\u00e7\u00fcm ve koordinasyon gerektirir. Baz\u0131 tesisler, \u00f6zellikle \u015farj edilmeyen y\u00fckler veya ihracat yasa\u011f\u0131 kurallar\u0131 da dikkate al\u0131nmas\u0131 gerekti\u011finde, ek \u00f6l\u00e7\u00fcm veya tesis d\u00fczeyinde kontrol cihazlar\u0131 kullan\u0131r.<\/p>\n\n\n\n<h3 class=\"wp-block-heading\">Dinamik g\u00fc\u00e7 y\u00f6netimi yaln\u0131zca AC \u015farj i\u00e7in mi kullan\u0131\u015fl\u0131d\u0131r?<\/h3>\n\n\n\n<p>Hay\u0131r. Bu, son derece \u00f6nemlidir \u00e7\u00fcnk\u00fc... <strong>DC h\u0131zl\u0131 \u015farj<\/strong>G\u00fc\u00e7 seviyelerinin daha y\u00fcksek oldu\u011fu, talebin daha d\u00fczensiz oldu\u011fu ve a\u015f\u0131r\u0131 y\u00fcklenme veya ar\u0131zalar\u0131n maliyetinin \u00e7ok daha y\u00fcksek oldu\u011fu yerlerde.<\/p>\n\n\n\n<h3 class=\"wp-block-heading\">Dinamik \u015farj\u0131 etkinle\u015ftirirken yap\u0131lan en b\u00fcy\u00fck hata nedir?<\/h3>\n\n\n\n<p>Bunu bir h\u0131z y\u00fckseltmesi olarak ele almak do\u011fru de\u011fil. Ger\u00e7ek de\u011fer, bunu bir saha y\u00f6netim stratejisi olarak kullanmaktan gelir: minimum g\u00fc\u00e7 kurallar\u0131, \u00f6ncelik mant\u0131\u011f\u0131, g\u00fcvenli s\u0131n\u0131rlar ve a\u015famal\u0131 bir geni\u015fleme plan\u0131 \u00f6nemlidir.<\/p>\n\n\n\n<hr class=\"wp-block-separator has-alpha-channel-opacity\"\/>\n\n\n\n<p><strong>\u00d6zetle:<\/strong> \u00d6z\u00fcnde, dinamik g\u00fc\u00e7 y\u00f6netimi bir yeri &quot;\u00e7ok say\u0131da \u015farj cihaz\u0131n\u0131n bulundu\u011fu bir yer&quot; olmaktan \u00e7\u0131kar\u0131p bamba\u015fka bir \u015feye d\u00f6n\u00fc\u015ft\u00fcr\u00fcr. <strong>Ger\u00e7ek i\u015fletme bask\u0131s\u0131 ba\u015flad\u0131\u011f\u0131nda ger\u00e7ekten i\u015fe yarayan \u015farj kapasitesine sahip bir yer.<\/strong>.<\/p>","protected":false},"excerpt":{"rendered":"<p>In DC charging, dynamic power management means adjusting and distributing a site\u2019s available power in real time across multiple chargers and connectors.Its purpose is simple: help a charging site serve more vehicles, stay within its grid limit, and keep running reliably when real traffic conditions start to put pressure on the site. Put more simply, [&hellip;]<\/p>","protected":false},"author":3,"featured_media":38800,"comment_status":"open","ping_status":"open","sticky":false,"template":"","format":"standard","meta":{"footnotes":""},"categories":[26],"tags":[207,209,205,206,204,208,137,210,167],"class_list":["post-39286","post","type-post","status-publish","format-standard","has-post-thumbnail","hentry","category-blog","tag-charging-site-design","tag-cpo-operations","tag-dc-fast-charging","tag-dynamic-charging","tag-dynamic-load-management","tag-dynamic-power-management","tag-ev-charging-infrastructure","tag-evb-dc-charger","tag-power-sharing"],"acf":[],"yoast_head":"<!-- This site is optimized with the Yoast SEO plugin v27.4 - https:\/\/yoast.com\/product\/yoast-seo-wordpress\/ -->\n<title>What Is Dynamic Power Management? DC Fast Charging Guide (2026)<\/title>\n<meta name=\"description\" content=\"What is dynamic power management in EV charging? Learn how DC fast charging sites use real-time power allocation to improve utilization, stability, and scalability.\" \/>\n<meta name=\"robots\" content=\"index, follow, max-snippet:-1, max-image-preview:large, max-video-preview:-1\" \/>\n<link rel=\"canonical\" href=\"https:\/\/www.evb.com\/tr\/what-is-dynamic-power-management-a-2026-guide-for-dc-fast-charging-sites\/\" \/>\n<meta property=\"og:locale\" content=\"tr_TR\" \/>\n<meta property=\"og:type\" content=\"article\" \/>\n<meta property=\"og:title\" content=\"What Is Dynamic Power Management? DC Fast Charging Guide (2026)\" \/>\n<meta property=\"og:description\" content=\"What is dynamic power management in EV charging? Learn how DC fast charging sites use real-time power allocation to improve utilization, stability, and scalability.\" \/>\n<meta property=\"og:url\" content=\"https:\/\/www.evb.com\/tr\/what-is-dynamic-power-management-a-2026-guide-for-dc-fast-charging-sites\/\" \/>\n<meta property=\"og:site_name\" content=\"EVB\" \/>\n<meta property=\"article:published_time\" content=\"2026-03-14T02:39:48+00:00\" \/>\n<meta property=\"article:modified_time\" content=\"2026-03-14T03:10:41+00:00\" \/>\n<meta property=\"og:image\" content=\"https:\/\/www.evb.com\/wp-content\/uploads\/2023\/09\/Fast-Efficient-and-Safe-3-Guns-EV-DC-Fast-Charger.webp\" \/>\n\t<meta property=\"og:image:width\" content=\"1280\" \/>\n\t<meta property=\"og:image:height\" content=\"719\" \/>\n\t<meta property=\"og:image:type\" content=\"image\/webp\" \/>\n<meta name=\"author\" content=\"evb\" \/>\n<meta name=\"twitter:card\" content=\"summary_large_image\" \/>\n<meta name=\"twitter:label1\" content=\"Yazan:\" \/>\n\t<meta name=\"twitter:data1\" content=\"evb\" \/>\n\t<meta name=\"twitter:label2\" content=\"Tahmini okuma s\u00fcresi\" \/>\n\t<meta name=\"twitter:data2\" content=\"9 dakika\" \/>\n<script type=\"application\/ld+json\" class=\"yoast-schema-graph\">{\"@context\":\"https:\\\/\\\/schema.org\",\"@graph\":[{\"@type\":\"Article\",\"@id\":\"https:\\\/\\\/www.evb.com\\\/what-is-dynamic-power-management-a-2026-guide-for-dc-fast-charging-sites\\\/#article\",\"isPartOf\":{\"@id\":\"https:\\\/\\\/www.evb.com\\\/what-is-dynamic-power-management-a-2026-guide-for-dc-fast-charging-sites\\\/\"},\"author\":{\"name\":\"evb\",\"@id\":\"https:\\\/\\\/www.evb.com\\\/#\\\/schema\\\/person\\\/fe8f0137976034abdfd2ae4f8c5682d0\"},\"headline\":\"What Is Dynamic Power Management? A 2026 Guide for DC Fast Charging Sites\",\"datePublished\":\"2026-03-14T02:39:48+00:00\",\"dateModified\":\"2026-03-14T03:10:41+00:00\",\"mainEntityOfPage\":{\"@id\":\"https:\\\/\\\/www.evb.com\\\/what-is-dynamic-power-management-a-2026-guide-for-dc-fast-charging-sites\\\/\"},\"wordCount\":1914,\"commentCount\":0,\"publisher\":{\"@id\":\"https:\\\/\\\/www.evb.com\\\/#organization\"},\"image\":{\"@id\":\"https:\\\/\\\/www.evb.com\\\/what-is-dynamic-power-management-a-2026-guide-for-dc-fast-charging-sites\\\/#primaryimage\"},\"thumbnailUrl\":\"https:\\\/\\\/www.evb.com\\\/wp-content\\\/uploads\\\/2023\\\/09\\\/Fast-Efficient-and-Safe-3-Guns-EV-DC-Fast-Charger.webp\",\"keywords\":[\"charging site design\",\"CPO operations\",\"DC fast charging\",\"dynamic charging\",\"dynamic load management\",\"dynamic power management\",\"EV charging infrastructure\",\"EVB DC charger\",\"Power sharing\"],\"articleSection\":[\"Blog\"],\"inLanguage\":\"tr\",\"potentialAction\":[{\"@type\":\"CommentAction\",\"name\":\"Comment\",\"target\":[\"https:\\\/\\\/www.evb.com\\\/what-is-dynamic-power-management-a-2026-guide-for-dc-fast-charging-sites\\\/#respond\"]}]},{\"@type\":\"WebPage\",\"@id\":\"https:\\\/\\\/www.evb.com\\\/what-is-dynamic-power-management-a-2026-guide-for-dc-fast-charging-sites\\\/\",\"url\":\"https:\\\/\\\/www.evb.com\\\/what-is-dynamic-power-management-a-2026-guide-for-dc-fast-charging-sites\\\/\",\"name\":\"What Is Dynamic Power Management? DC Fast Charging Guide (2026)\",\"isPartOf\":{\"@id\":\"https:\\\/\\\/www.evb.com\\\/#website\"},\"primaryImageOfPage\":{\"@id\":\"https:\\\/\\\/www.evb.com\\\/what-is-dynamic-power-management-a-2026-guide-for-dc-fast-charging-sites\\\/#primaryimage\"},\"image\":{\"@id\":\"https:\\\/\\\/www.evb.com\\\/what-is-dynamic-power-management-a-2026-guide-for-dc-fast-charging-sites\\\/#primaryimage\"},\"thumbnailUrl\":\"https:\\\/\\\/www.evb.com\\\/wp-content\\\/uploads\\\/2023\\\/09\\\/Fast-Efficient-and-Safe-3-Guns-EV-DC-Fast-Charger.webp\",\"datePublished\":\"2026-03-14T02:39:48+00:00\",\"dateModified\":\"2026-03-14T03:10:41+00:00\",\"description\":\"What is dynamic power management in EV charging? Learn how DC fast charging sites use real-time power allocation to improve utilization, stability, and scalability.\",\"breadcrumb\":{\"@id\":\"https:\\\/\\\/www.evb.com\\\/what-is-dynamic-power-management-a-2026-guide-for-dc-fast-charging-sites\\\/#breadcrumb\"},\"inLanguage\":\"tr\",\"potentialAction\":[{\"@type\":\"ReadAction\",\"target\":[\"https:\\\/\\\/www.evb.com\\\/what-is-dynamic-power-management-a-2026-guide-for-dc-fast-charging-sites\\\/\"]}]},{\"@type\":\"ImageObject\",\"inLanguage\":\"tr\",\"@id\":\"https:\\\/\\\/www.evb.com\\\/what-is-dynamic-power-management-a-2026-guide-for-dc-fast-charging-sites\\\/#primaryimage\",\"url\":\"https:\\\/\\\/www.evb.com\\\/wp-content\\\/uploads\\\/2023\\\/09\\\/Fast-Efficient-and-Safe-3-Guns-EV-DC-Fast-Charger.webp\",\"contentUrl\":\"https:\\\/\\\/www.evb.com\\\/wp-content\\\/uploads\\\/2023\\\/09\\\/Fast-Efficient-and-Safe-3-Guns-EV-DC-Fast-Charger.webp\",\"width\":1280,\"height\":719,\"caption\":\"Fast, Efficient and Safe 3 Guns EV DC Fast Charger\"},{\"@type\":\"BreadcrumbList\",\"@id\":\"https:\\\/\\\/www.evb.com\\\/what-is-dynamic-power-management-a-2026-guide-for-dc-fast-charging-sites\\\/#breadcrumb\",\"itemListElement\":[{\"@type\":\"ListItem\",\"position\":1,\"name\":\"Home\",\"item\":\"https:\\\/\\\/www.evb.com\\\/\"},{\"@type\":\"ListItem\",\"position\":2,\"name\":\"What Is Dynamic Power Management? A 2026 Guide for DC Fast Charging Sites\"}]},{\"@type\":\"WebSite\",\"@id\":\"https:\\\/\\\/www.evb.com\\\/#website\",\"url\":\"https:\\\/\\\/www.evb.com\\\/\",\"name\":\"EVB\",\"description\":\"Smart EV Charging &amp; Energy Storage Solutions\",\"publisher\":{\"@id\":\"https:\\\/\\\/www.evb.com\\\/#organization\"},\"potentialAction\":[{\"@type\":\"SearchAction\",\"target\":{\"@type\":\"EntryPoint\",\"urlTemplate\":\"https:\\\/\\\/www.evb.com\\\/?s={search_term_string}\"},\"query-input\":{\"@type\":\"PropertyValueSpecification\",\"valueRequired\":true,\"valueName\":\"search_term_string\"}}],\"inLanguage\":\"tr\"},{\"@type\":\"Organization\",\"@id\":\"https:\\\/\\\/www.evb.com\\\/#organization\",\"name\":\"EVB\",\"url\":\"https:\\\/\\\/www.evb.com\\\/\",\"logo\":{\"@type\":\"ImageObject\",\"inLanguage\":\"tr\",\"@id\":\"https:\\\/\\\/www.evb.com\\\/#\\\/schema\\\/logo\\\/image\\\/\",\"url\":\"https:\\\/\\\/www.evb.com\\\/wp-content\\\/uploads\\\/2021\\\/03\\\/evb-3.png\",\"contentUrl\":\"https:\\\/\\\/www.evb.com\\\/wp-content\\\/uploads\\\/2021\\\/03\\\/evb-3.png\",\"width\":605,\"height\":626,\"caption\":\"EVB\"},\"image\":{\"@id\":\"https:\\\/\\\/www.evb.com\\\/#\\\/schema\\\/logo\\\/image\\\/\"}},{\"@type\":\"Person\",\"@id\":\"https:\\\/\\\/www.evb.com\\\/#\\\/schema\\\/person\\\/fe8f0137976034abdfd2ae4f8c5682d0\",\"name\":\"evb\",\"image\":{\"@type\":\"ImageObject\",\"inLanguage\":\"tr\",\"@id\":\"https:\\\/\\\/secure.gravatar.com\\\/avatar\\\/6919cc4e91e3745783933e1263b15b0bed21b5e46f2b1e21643aa8b29240d0f7?s=96&d=mm&r=g\",\"url\":\"https:\\\/\\\/secure.gravatar.com\\\/avatar\\\/6919cc4e91e3745783933e1263b15b0bed21b5e46f2b1e21643aa8b29240d0f7?s=96&d=mm&r=g\",\"contentUrl\":\"https:\\\/\\\/secure.gravatar.com\\\/avatar\\\/6919cc4e91e3745783933e1263b15b0bed21b5e46f2b1e21643aa8b29240d0f7?s=96&d=mm&r=g\",\"caption\":\"evb\"}}]}<\/script>\n<!-- \/ Yoast SEO plugin. -->","yoast_head_json":{"title":"What Is Dynamic Power Management? DC Fast Charging Guide (2026)","description":"What is dynamic power management in EV charging? Learn how DC fast charging sites use real-time power allocation to improve utilization, stability, and scalability.","robots":{"index":"index","follow":"follow","max-snippet":"max-snippet:-1","max-image-preview":"max-image-preview:large","max-video-preview":"max-video-preview:-1"},"canonical":"https:\/\/www.evb.com\/tr\/what-is-dynamic-power-management-a-2026-guide-for-dc-fast-charging-sites\/","og_locale":"tr_TR","og_type":"article","og_title":"What Is Dynamic Power Management? DC Fast Charging Guide (2026)","og_description":"What is dynamic power management in EV charging? Learn how DC fast charging sites use real-time power allocation to improve utilization, stability, and scalability.","og_url":"https:\/\/www.evb.com\/tr\/what-is-dynamic-power-management-a-2026-guide-for-dc-fast-charging-sites\/","og_site_name":"EVB","article_published_time":"2026-03-14T02:39:48+00:00","article_modified_time":"2026-03-14T03:10:41+00:00","og_image":[{"width":1280,"height":719,"url":"https:\/\/www.evb.com\/wp-content\/uploads\/2023\/09\/Fast-Efficient-and-Safe-3-Guns-EV-DC-Fast-Charger.webp","type":"image\/webp"}],"author":"evb","twitter_card":"summary_large_image","twitter_misc":{"Yazan:":"evb","Tahmini okuma s\u00fcresi":"9 dakika"},"schema":{"@context":"https:\/\/schema.org","@graph":[{"@type":"Article","@id":"https:\/\/www.evb.com\/what-is-dynamic-power-management-a-2026-guide-for-dc-fast-charging-sites\/#article","isPartOf":{"@id":"https:\/\/www.evb.com\/what-is-dynamic-power-management-a-2026-guide-for-dc-fast-charging-sites\/"},"author":{"name":"evb","@id":"https:\/\/www.evb.com\/#\/schema\/person\/fe8f0137976034abdfd2ae4f8c5682d0"},"headline":"What Is Dynamic Power Management? A 2026 Guide for DC Fast Charging Sites","datePublished":"2026-03-14T02:39:48+00:00","dateModified":"2026-03-14T03:10:41+00:00","mainEntityOfPage":{"@id":"https:\/\/www.evb.com\/what-is-dynamic-power-management-a-2026-guide-for-dc-fast-charging-sites\/"},"wordCount":1914,"commentCount":0,"publisher":{"@id":"https:\/\/www.evb.com\/#organization"},"image":{"@id":"https:\/\/www.evb.com\/what-is-dynamic-power-management-a-2026-guide-for-dc-fast-charging-sites\/#primaryimage"},"thumbnailUrl":"https:\/\/www.evb.com\/wp-content\/uploads\/2023\/09\/Fast-Efficient-and-Safe-3-Guns-EV-DC-Fast-Charger.webp","keywords":["charging site design","CPO operations","DC fast charging","dynamic charging","dynamic load management","dynamic power management","EV charging infrastructure","EVB DC charger","Power sharing"],"articleSection":["Blog"],"inLanguage":"tr","potentialAction":[{"@type":"CommentAction","name":"Comment","target":["https:\/\/www.evb.com\/what-is-dynamic-power-management-a-2026-guide-for-dc-fast-charging-sites\/#respond"]}]},{"@type":"WebPage","@id":"https:\/\/www.evb.com\/what-is-dynamic-power-management-a-2026-guide-for-dc-fast-charging-sites\/","url":"https:\/\/www.evb.com\/what-is-dynamic-power-management-a-2026-guide-for-dc-fast-charging-sites\/","name":"What Is Dynamic Power Management? DC Fast Charging Guide (2026)","isPartOf":{"@id":"https:\/\/www.evb.com\/#website"},"primaryImageOfPage":{"@id":"https:\/\/www.evb.com\/what-is-dynamic-power-management-a-2026-guide-for-dc-fast-charging-sites\/#primaryimage"},"image":{"@id":"https:\/\/www.evb.com\/what-is-dynamic-power-management-a-2026-guide-for-dc-fast-charging-sites\/#primaryimage"},"thumbnailUrl":"https:\/\/www.evb.com\/wp-content\/uploads\/2023\/09\/Fast-Efficient-and-Safe-3-Guns-EV-DC-Fast-Charger.webp","datePublished":"2026-03-14T02:39:48+00:00","dateModified":"2026-03-14T03:10:41+00:00","description":"What is dynamic power management in EV charging? Learn how DC fast charging sites use real-time power allocation to improve utilization, stability, and scalability.","breadcrumb":{"@id":"https:\/\/www.evb.com\/what-is-dynamic-power-management-a-2026-guide-for-dc-fast-charging-sites\/#breadcrumb"},"inLanguage":"tr","potentialAction":[{"@type":"ReadAction","target":["https:\/\/www.evb.com\/what-is-dynamic-power-management-a-2026-guide-for-dc-fast-charging-sites\/"]}]},{"@type":"ImageObject","inLanguage":"tr","@id":"https:\/\/www.evb.com\/what-is-dynamic-power-management-a-2026-guide-for-dc-fast-charging-sites\/#primaryimage","url":"https:\/\/www.evb.com\/wp-content\/uploads\/2023\/09\/Fast-Efficient-and-Safe-3-Guns-EV-DC-Fast-Charger.webp","contentUrl":"https:\/\/www.evb.com\/wp-content\/uploads\/2023\/09\/Fast-Efficient-and-Safe-3-Guns-EV-DC-Fast-Charger.webp","width":1280,"height":719,"caption":"Fast, Efficient and Safe 3 Guns EV DC Fast Charger"},{"@type":"BreadcrumbList","@id":"https:\/\/www.evb.com\/what-is-dynamic-power-management-a-2026-guide-for-dc-fast-charging-sites\/#breadcrumb","itemListElement":[{"@type":"ListItem","position":1,"name":"Home","item":"https:\/\/www.evb.com\/"},{"@type":"ListItem","position":2,"name":"What Is Dynamic Power Management? A 2026 Guide for DC Fast Charging Sites"}]},{"@type":"WebSite","@id":"https:\/\/www.evb.com\/#website","url":"https:\/\/www.evb.com\/","name":"EVB","description":"Smart EV Charging &amp; Energy Storage Solutions","publisher":{"@id":"https:\/\/www.evb.com\/#organization"},"potentialAction":[{"@type":"SearchAction","target":{"@type":"EntryPoint","urlTemplate":"https:\/\/www.evb.com\/?s={search_term_string}"},"query-input":{"@type":"PropertyValueSpecification","valueRequired":true,"valueName":"search_term_string"}}],"inLanguage":"tr"},{"@type":"Organization","@id":"https:\/\/www.evb.com\/#organization","name":"EVB","url":"https:\/\/www.evb.com\/","logo":{"@type":"ImageObject","inLanguage":"tr","@id":"https:\/\/www.evb.com\/#\/schema\/logo\/image\/","url":"https:\/\/www.evb.com\/wp-content\/uploads\/2021\/03\/evb-3.png","contentUrl":"https:\/\/www.evb.com\/wp-content\/uploads\/2021\/03\/evb-3.png","width":605,"height":626,"caption":"EVB"},"image":{"@id":"https:\/\/www.evb.com\/#\/schema\/logo\/image\/"}},{"@type":"Person","@id":"https:\/\/www.evb.com\/#\/schema\/person\/fe8f0137976034abdfd2ae4f8c5682d0","name":"evb","image":{"@type":"ImageObject","inLanguage":"tr","@id":"https:\/\/secure.gravatar.com\/avatar\/6919cc4e91e3745783933e1263b15b0bed21b5e46f2b1e21643aa8b29240d0f7?s=96&d=mm&r=g","url":"https:\/\/secure.gravatar.com\/avatar\/6919cc4e91e3745783933e1263b15b0bed21b5e46f2b1e21643aa8b29240d0f7?s=96&d=mm&r=g","contentUrl":"https:\/\/secure.gravatar.com\/avatar\/6919cc4e91e3745783933e1263b15b0bed21b5e46f2b1e21643aa8b29240d0f7?s=96&d=mm&r=g","caption":"evb"}}]}},"_links":{"self":[{"href":"https:\/\/www.evb.com\/tr\/wp-json\/wp\/v2\/posts\/39286","targetHints":{"allow":["GET"]}}],"collection":[{"href":"https:\/\/www.evb.com\/tr\/wp-json\/wp\/v2\/posts"}],"about":[{"href":"https:\/\/www.evb.com\/tr\/wp-json\/wp\/v2\/types\/post"}],"author":[{"embeddable":true,"href":"https:\/\/www.evb.com\/tr\/wp-json\/wp\/v2\/users\/3"}],"replies":[{"embeddable":true,"href":"https:\/\/www.evb.com\/tr\/wp-json\/wp\/v2\/comments?post=39286"}],"version-history":[{"count":6,"href":"https:\/\/www.evb.com\/tr\/wp-json\/wp\/v2\/posts\/39286\/revisions"}],"predecessor-version":[{"id":39293,"href":"https:\/\/www.evb.com\/tr\/wp-json\/wp\/v2\/posts\/39286\/revisions\/39293"}],"wp:featuredmedia":[{"embeddable":true,"href":"https:\/\/www.evb.com\/tr\/wp-json\/wp\/v2\/media\/38800"}],"wp:attachment":[{"href":"https:\/\/www.evb.com\/tr\/wp-json\/wp\/v2\/media?parent=39286"}],"wp:term":[{"taxonomy":"category","embeddable":true,"href":"https:\/\/www.evb.com\/tr\/wp-json\/wp\/v2\/categories?post=39286"},{"taxonomy":"post_tag","embeddable":true,"href":"https:\/\/www.evb.com\/tr\/wp-json\/wp\/v2\/tags?post=39286"}],"curies":[{"name":"wp","href":"https:\/\/api.w.org\/{rel}","templated":true}]}}