{"id":8978,"date":"2023-12-13T09:38:18","date_gmt":"2023-12-13T01:38:18","guid":{"rendered":"https:\/\/www.evb.com\/?p=8978"},"modified":"2024-02-29T11:21:01","modified_gmt":"2024-02-29T03:21:01","slug":"evbs-smart-wall-mounted-ac-ev-charger","status":"publish","type":"post","link":"https:\/\/www.evb.com\/tr\/evbs-smart-wall-mounted-ac-ev-charger\/","title":{"rendered":"EVB&#039;nin Ak\u0131ll\u0131 Duvara Monte AC EV \u015earj Cihaz\u0131: Elektrikli Ara\u00e7 \u015earj\u0131na F\u00fct\u00fcristik Bir Yakla\u015f\u0131m"},"content":{"rendered":"<p>Elektrikli ara\u00e7 (EV) \u015farj sekt\u00f6r\u00fcnde \u00f6nc\u00fc bir \u015firket olarak, <a href=\"https:\/\/www.evb.com\/tr\">EVB<\/a> \u015earj deneyimini yeniden tan\u0131mlayan yenilik\u00e7i \u00e7\u00f6z\u00fcmlerle \u00e7\u0131tay\u0131 s\u00fcrekli y\u00fckseltiyoruz. M\u00fckemmelli\u011fe olan ba\u011fl\u0131l\u0131\u011f\u0131m\u0131z, modern elektrikli ara\u00e7 kullan\u0131c\u0131lar\u0131n\u0131n \u00e7e\u015fitli ihtiya\u00e7lar\u0131n\u0131 kar\u015f\u0131lamak \u00fczere tasarlanm\u0131\u015f, geli\u015fmi\u015f ve ak\u0131ll\u0131 bir \u015farj \u00e7\u00f6z\u00fcm\u00fc olan duvara monte AC EV \u015earj Cihaz\u0131&#039;nda canl\u0131 bir \u015fekilde yans\u0131t\u0131l\u0131yor. Bizi di\u011ferlerinden ay\u0131ran \u00f6zellikleri ke\u015ffedelim. <a href=\"https:\/\/www.evb.com\/tr\/product-item\/ac-ev-charger-with-socket-2\/\">duvara monte elektrikli ara\u00e7 \u015farj cihaz\u0131<\/a> EV \u015farj\u0131na y\u00f6nelik ak\u0131ll\u0131 ve kullan\u0131c\u0131 dostu bir yakla\u015f\u0131m\u0131n alt\u0131n\u0131 \u00e7iziyor.<\/p>\n\n\n\n<figure class=\"wp-block-image size-full\"><img loading=\"lazy\" decoding=\"async\" width=\"1280\" height=\"720\" src=\"https:\/\/www.evb.com\/wp-content\/uploads\/2023\/12\/18.jpg\" alt=\"18\" class=\"wp-image-8979\" srcset=\"https:\/\/www.evb.com\/wp-content\/uploads\/2023\/12\/18.jpg 1280w, https:\/\/www.evb.com\/wp-content\/uploads\/2023\/12\/18-600x338.jpg 600w, https:\/\/www.evb.com\/wp-content\/uploads\/2023\/12\/18-768x432.jpg 768w\" sizes=\"auto, (max-width: 1280px) 100vw, 1280px\" \/><\/figure>\n\n\n\n<h2 class=\"wp-block-heading\">Elektrikli Ara\u00e7 \u015earj\u0131n\u0131n Gelece\u011fine \u00d6nc\u00fcl\u00fck Ediyoruz<\/h2>\n\n\n\n<p>EVB, elektrikli ara\u00e7 \u015farj sekt\u00f6r\u00fcnde yenilik\u00e7ilik ve g\u00fcvenilirli\u011fin \u00f6nc\u00fcs\u00fc konumundad\u0131r. \u0130leri g\u00f6r\u00fc\u015fl\u00fc yakla\u015f\u0131m\u0131m\u0131z ve kullan\u0131c\u0131 odakl\u0131 tasar\u0131ma olan ba\u011fl\u0131l\u0131\u011f\u0131m\u0131zla, elektrikli ara\u00e7 kullan\u0131c\u0131lar\u0131n\u0131n beklentilerini kar\u015f\u0131lamakla kalmay\u0131p a\u015fan \u00e7\u00f6z\u00fcmler sunmak i\u00e7in s\u00fcrekli \u00e7al\u0131\u015f\u0131yoruz. Duvara monte AC EV \u015earj Cihaz\u0131m\u0131z, teknoloji, verimlilik ve kullan\u0131c\u0131 kolayl\u0131\u011f\u0131n\u0131n kusursuz bir kar\u0131\u015f\u0131m\u0131n\u0131 sunarak bu kararl\u0131l\u0131\u011f\u0131m\u0131z\u0131n bir g\u00f6stergesidir.<\/p>\n\n\n\n<h2 class=\"wp-block-heading\">Ak\u0131ll\u0131 Duvara Monte AC EV \u015earj Cihaz\u0131: \u015earj Dinamiklerini Yeniden Tan\u0131ml\u0131yor<\/h2>\n\n\n\n<p>EVB&#039;nin duvara monte AC EV \u015earj Cihaz\u0131 sadece bir \u015farj istasyonu de\u011fil; ayn\u0131 zamanda EV \u015farj\u0131n\u0131n gelece\u011fine bir bak\u0131\u015f. Duvara monte elektrikli ara\u00e7 \u015farj cihaz\u0131m\u0131z\u0131 ak\u0131ll\u0131 ve f\u00fct\u00fcristik bir se\u00e7im yapan temel \u00f6zellikler \u015funlard\u0131r:<\/p>\n\n\n\n<p><strong>1. Ak\u0131ll\u0131 Uygulama Entegrasyonu<\/strong><\/p>\n\n\n\n<p>AC EV \u015earj Cihaz\u0131m\u0131z, kullan\u0131c\u0131lara \u015farj deneyimleri \u00fczerinde benzersiz bir kontrol sa\u011flayan Ak\u0131ll\u0131 Uygulama ile donat\u0131lm\u0131\u015ft\u0131r. Uygulama sayesinde kullan\u0131c\u0131lar, \u015farj seanslar\u0131n\u0131 uzaktan izleyebilir, enerji t\u00fcketimini takip edebilir ve hatta \u015farj s\u00fcrelerini planlayabilirler. Bu d\u00fczeydeki kolayl\u0131k ve \u00f6zelle\u015ftirme, g\u00fcn\u00fcm\u00fcz EV kullan\u0131c\u0131lar\u0131n\u0131n modern ve ba\u011flant\u0131l\u0131 ya\u015fam tarz\u0131yla kusursuz bir \u015fekilde uyumludur.<\/p>\n\n\n\n<p><strong>2. OCPP 1.6J Protokol\u00fc<\/strong><\/p>\n\n\n\n<p>\u015earj cihaz\u0131, \u015farj istasyonlar\u0131 ve merkezi y\u00f6netim sistemleri aras\u0131ndaki ileti\u015fim i\u00e7in yayg\u0131n olarak kabul g\u00f6rm\u00fc\u015f bir standart olan A\u00e7\u0131k \u015earj Noktas\u0131 Protokol\u00fc (OCPP) 1.6J&#039;yi benimser. Bu, uyumluluk ve birlikte \u00e7al\u0131\u015fabilirli\u011fi garanti ederek, kullan\u0131c\u0131lara \u015farj altyap\u0131lar\u0131n\u0131 sorunsuz bir \u015fekilde ba\u011flama ve y\u00f6netme esnekli\u011fi sunar.<\/p>\n\n\n\n<p><strong>3. \u00c7ok Y\u00f6nl\u00fc Ba\u011flant\u0131 Se\u00e7enekleri<\/strong><\/p>\n\n\n\n<p>Wi-Fi, Ethernet, Bluetooth ve 4G ba\u011flant\u0131 se\u00e7enekleriyle duvara monte \u015farj cihaz\u0131m\u0131z, kullan\u0131c\u0131lara kesintisiz ileti\u015fim i\u00e7in \u00e7e\u015fitli se\u00e7enekler sunar. Kullan\u0131c\u0131lar ister Wi-Fi&#039;nin rahatl\u0131\u011f\u0131n\u0131, ister Ethernet&#039;in g\u00fcvenilirli\u011fini, ister Bluetooth&#039;un yak\u0131nl\u0131\u011f\u0131n\u0131, ister 4G&#039;nin mobilitesini tercih etsin, \u015farj cihaz\u0131m\u0131z farkl\u0131 ba\u011flant\u0131 ihtiya\u00e7lar\u0131na uyum sa\u011flar.<\/p>\n\n\n\n<p><strong>4. Tam Koruma Mekanizmalar\u0131<\/strong><\/p>\n\n\n\n<p>Elektrikli ara\u00e7 \u015farj\u0131nda g\u00fcvenlik en \u00f6nemli unsurdur ve duvara monte \u015farj cihaz\u0131m\u0131z tam korumaya \u00f6ncelik verir. A\u015f\u0131r\u0131 ak\u0131m korumas\u0131ndan a\u015f\u0131r\u0131 \u0131s\u0131nmaya kar\u015f\u0131 koruma \u00f6nlemlerine kadar, AC Elektrikli Ara\u00e7 \u015earj Cihaz\u0131 g\u00fcvenli ve g\u00fcvenilir bir \u015farj s\u00fcreci sa\u011flayarak kullan\u0131c\u0131lara g\u00f6n\u00fcl rahatl\u0131\u011f\u0131 sa\u011flar.<\/p>\n\n\n\n<h2 class=\"wp-block-heading\">\u00c7\u00f6z\u00fcm<\/h2>\n\n\n\n<p>EVB&#039;nin Ak\u0131ll\u0131 Duvara Monte AC EV \u015earj Cihaz\u0131 sadece bir \u015farj \u00e7\u00f6z\u00fcm\u00fc de\u011fil; ayn\u0131 zamanda elektrikli mobilitenin gelece\u011fine bir bak\u0131\u015f a\u00e7\u0131s\u0131 sunuyor. Ak\u0131ll\u0131 Uygulama entegrasyonu, OCPP 1.6J protokol\u00fc, \u00e7ok y\u00f6nl\u00fc ba\u011flant\u0131 se\u00e7enekleri ve sa\u011flam koruma mekanizmalar\u0131 gibi \u00f6zellikleriyle duvara monte elektrikli ara\u00e7 \u015farj cihaz\u0131m\u0131z, ak\u0131ll\u0131, verimli ve g\u00fcn\u00fcm\u00fcz elektrikli ara\u00e7 kullan\u0131c\u0131lar\u0131n\u0131n ihtiya\u00e7lar\u0131na g\u00f6re uyarlanm\u0131\u015f bir \u015farj deneyimi sunma taahh\u00fcd\u00fcm\u00fcz\u00fcn bir \u00f6rne\u011fidir. EVB&#039;nin en son teknoloji ve m\u00fckemmelli\u011fe olan ba\u011fl\u0131l\u0131\u011f\u0131yla \u00f6nc\u00fcl\u00fck etti\u011fi elektrikli mobilitenin gelece\u011fini \u015fekillendirmemize kat\u0131l\u0131n.<\/p>","protected":false},"excerpt":{"rendered":"<p>As a frontrunner in the electric vehicle (EV) charging industry, EVB consistently raises the bar with innovative solutions that redefine the charging experience. Our commitment to excellence is vividly portrayed in the wall-mounted AC EV Charger, a sophisticated and intelligent charging solution designed to meet the diverse needs of modern EV users. Let&#8217;s explore the [&hellip;]<\/p>","protected":false},"author":3,"featured_media":9335,"comment_status":"open","ping_status":"open","sticky":false,"template":"","format":"standard","meta":{"footnotes":""},"categories":[48],"tags":[],"class_list":["post-8978","post","type-post","status-publish","format-standard","has-post-thumbnail","hentry","category-short-blog"],"acf":[],"yoast_head":"<!-- This site is optimized with the Yoast SEO plugin v27.4 - https:\/\/yoast.com\/product\/yoast-seo-wordpress\/ -->\n<title>EVB&#039;s Smart wall mounted AC EV Charger: A Futuristic Approach to Electric Vehicle Charging<\/title>\n<meta name=\"description\" content=\"Let&#039;s explore the distinctive features that set our wall-mounted electric car charger apart, emphasizing a smart and user-friendly approach to EV charging.\" \/>\n<meta name=\"robots\" content=\"index, follow, max-snippet:-1, max-image-preview:large, max-video-preview:-1\" \/>\n<link rel=\"canonical\" href=\"https:\/\/www.evb.com\/tr\/evbs-smart-wall-mounted-ac-ev-charger\/\" \/>\n<meta property=\"og:locale\" content=\"tr_TR\" \/>\n<meta property=\"og:type\" content=\"article\" \/>\n<meta property=\"og:title\" content=\"EVB&#039;s Smart wall mounted AC EV Charger: A Futuristic Approach to Electric Vehicle Charging\" \/>\n<meta property=\"og:description\" content=\"Let&#039;s explore the distinctive features that set our wall-mounted electric car charger apart, emphasizing a smart and user-friendly approach to EV charging.\" \/>\n<meta property=\"og:url\" content=\"https:\/\/www.evb.com\/tr\/evbs-smart-wall-mounted-ac-ev-charger\/\" \/>\n<meta property=\"og:site_name\" content=\"EVB\" \/>\n<meta property=\"article:published_time\" content=\"2023-12-13T01:38:18+00:00\" \/>\n<meta property=\"article:modified_time\" content=\"2024-02-29T03:21:01+00:00\" \/>\n<meta property=\"og:image\" content=\"https:\/\/www.evb.com\/wp-content\/uploads\/2023\/12\/4.png\" \/>\n\t<meta property=\"og:image:width\" content=\"1160\" \/>\n\t<meta property=\"og:image:height\" content=\"870\" \/>\n\t<meta property=\"og:image:type\" content=\"image\/png\" \/>\n<meta name=\"author\" content=\"evb\" \/>\n<meta name=\"twitter:card\" content=\"summary_large_image\" \/>\n<meta name=\"twitter:label1\" content=\"Yazan:\" \/>\n\t<meta name=\"twitter:data1\" content=\"evb\" \/>\n\t<meta name=\"twitter:label2\" content=\"Tahmini okuma s\u00fcresi\" \/>\n\t<meta name=\"twitter:data2\" content=\"3 dakika\" \/>\n<script type=\"application\/ld+json\" class=\"yoast-schema-graph\">{\"@context\":\"https:\\\/\\\/schema.org\",\"@graph\":[{\"@type\":\"Article\",\"@id\":\"https:\\\/\\\/www.evb.com\\\/evbs-smart-wall-mounted-ac-ev-charger\\\/#article\",\"isPartOf\":{\"@id\":\"https:\\\/\\\/www.evb.com\\\/evbs-smart-wall-mounted-ac-ev-charger\\\/\"},\"author\":{\"name\":\"evb\",\"@id\":\"https:\\\/\\\/www.evb.com\\\/#\\\/schema\\\/person\\\/fe8f0137976034abdfd2ae4f8c5682d0\"},\"headline\":\"EVB&#8217;s Smart wall mounted AC EV Charger: A Futuristic Approach to Electric Vehicle Charging\",\"datePublished\":\"2023-12-13T01:38:18+00:00\",\"dateModified\":\"2024-02-29T03:21:01+00:00\",\"mainEntityOfPage\":{\"@id\":\"https:\\\/\\\/www.evb.com\\\/evbs-smart-wall-mounted-ac-ev-charger\\\/\"},\"wordCount\":477,\"commentCount\":0,\"publisher\":{\"@id\":\"https:\\\/\\\/www.evb.com\\\/#organization\"},\"image\":{\"@id\":\"https:\\\/\\\/www.evb.com\\\/evbs-smart-wall-mounted-ac-ev-charger\\\/#primaryimage\"},\"thumbnailUrl\":\"https:\\\/\\\/www.evb.com\\\/wp-content\\\/uploads\\\/2023\\\/12\\\/4.png\",\"articleSection\":[\"Short Blog\"],\"inLanguage\":\"tr\",\"potentialAction\":[{\"@type\":\"CommentAction\",\"name\":\"Comment\",\"target\":[\"https:\\\/\\\/www.evb.com\\\/evbs-smart-wall-mounted-ac-ev-charger\\\/#respond\"]}]},{\"@type\":\"WebPage\",\"@id\":\"https:\\\/\\\/www.evb.com\\\/evbs-smart-wall-mounted-ac-ev-charger\\\/\",\"url\":\"https:\\\/\\\/www.evb.com\\\/evbs-smart-wall-mounted-ac-ev-charger\\\/\",\"name\":\"EVB's Smart wall mounted AC EV Charger: A Futuristic Approach to Electric Vehicle Charging\",\"isPartOf\":{\"@id\":\"https:\\\/\\\/www.evb.com\\\/#website\"},\"primaryImageOfPage\":{\"@id\":\"https:\\\/\\\/www.evb.com\\\/evbs-smart-wall-mounted-ac-ev-charger\\\/#primaryimage\"},\"image\":{\"@id\":\"https:\\\/\\\/www.evb.com\\\/evbs-smart-wall-mounted-ac-ev-charger\\\/#primaryimage\"},\"thumbnailUrl\":\"https:\\\/\\\/www.evb.com\\\/wp-content\\\/uploads\\\/2023\\\/12\\\/4.png\",\"datePublished\":\"2023-12-13T01:38:18+00:00\",\"dateModified\":\"2024-02-29T03:21:01+00:00\",\"description\":\"Let's explore the distinctive features that set our wall-mounted electric car charger apart, emphasizing a smart and user-friendly approach to EV charging.\",\"breadcrumb\":{\"@id\":\"https:\\\/\\\/www.evb.com\\\/evbs-smart-wall-mounted-ac-ev-charger\\\/#breadcrumb\"},\"inLanguage\":\"tr\",\"potentialAction\":[{\"@type\":\"ReadAction\",\"target\":[\"https:\\\/\\\/www.evb.com\\\/evbs-smart-wall-mounted-ac-ev-charger\\\/\"]}]},{\"@type\":\"ImageObject\",\"inLanguage\":\"tr\",\"@id\":\"https:\\\/\\\/www.evb.com\\\/evbs-smart-wall-mounted-ac-ev-charger\\\/#primaryimage\",\"url\":\"https:\\\/\\\/www.evb.com\\\/wp-content\\\/uploads\\\/2023\\\/12\\\/4.png\",\"contentUrl\":\"https:\\\/\\\/www.evb.com\\\/wp-content\\\/uploads\\\/2023\\\/12\\\/4.png\",\"width\":1160,\"height\":870,\"caption\":\"4\"},{\"@type\":\"BreadcrumbList\",\"@id\":\"https:\\\/\\\/www.evb.com\\\/evbs-smart-wall-mounted-ac-ev-charger\\\/#breadcrumb\",\"itemListElement\":[{\"@type\":\"ListItem\",\"position\":1,\"name\":\"Home\",\"item\":\"https:\\\/\\\/www.evb.com\\\/\"},{\"@type\":\"ListItem\",\"position\":2,\"name\":\"EVB&#8217;s Smart wall mounted AC EV Charger: A Futuristic Approach to Electric Vehicle Charging\"}]},{\"@type\":\"WebSite\",\"@id\":\"https:\\\/\\\/www.evb.com\\\/#website\",\"url\":\"https:\\\/\\\/www.evb.com\\\/\",\"name\":\"EVB\",\"description\":\"Smart EV Charging &amp; Energy Storage Solutions\",\"publisher\":{\"@id\":\"https:\\\/\\\/www.evb.com\\\/#organization\"},\"potentialAction\":[{\"@type\":\"SearchAction\",\"target\":{\"@type\":\"EntryPoint\",\"urlTemplate\":\"https:\\\/\\\/www.evb.com\\\/?s={search_term_string}\"},\"query-input\":{\"@type\":\"PropertyValueSpecification\",\"valueRequired\":true,\"valueName\":\"search_term_string\"}}],\"inLanguage\":\"tr\"},{\"@type\":\"Organization\",\"@id\":\"https:\\\/\\\/www.evb.com\\\/#organization\",\"name\":\"EVB\",\"url\":\"https:\\\/\\\/www.evb.com\\\/\",\"logo\":{\"@type\":\"ImageObject\",\"inLanguage\":\"tr\",\"@id\":\"https:\\\/\\\/www.evb.com\\\/#\\\/schema\\\/logo\\\/image\\\/\",\"url\":\"https:\\\/\\\/www.evb.com\\\/wp-content\\\/uploads\\\/2021\\\/03\\\/evb-3.png\",\"contentUrl\":\"https:\\\/\\\/www.evb.com\\\/wp-content\\\/uploads\\\/2021\\\/03\\\/evb-3.png\",\"width\":605,\"height\":626,\"caption\":\"EVB\"},\"image\":{\"@id\":\"https:\\\/\\\/www.evb.com\\\/#\\\/schema\\\/logo\\\/image\\\/\"}},{\"@type\":\"Person\",\"@id\":\"https:\\\/\\\/www.evb.com\\\/#\\\/schema\\\/person\\\/fe8f0137976034abdfd2ae4f8c5682d0\",\"name\":\"evb\",\"image\":{\"@type\":\"ImageObject\",\"inLanguage\":\"tr\",\"@id\":\"https:\\\/\\\/secure.gravatar.com\\\/avatar\\\/6919cc4e91e3745783933e1263b15b0bed21b5e46f2b1e21643aa8b29240d0f7?s=96&d=mm&r=g\",\"url\":\"https:\\\/\\\/secure.gravatar.com\\\/avatar\\\/6919cc4e91e3745783933e1263b15b0bed21b5e46f2b1e21643aa8b29240d0f7?s=96&d=mm&r=g\",\"contentUrl\":\"https:\\\/\\\/secure.gravatar.com\\\/avatar\\\/6919cc4e91e3745783933e1263b15b0bed21b5e46f2b1e21643aa8b29240d0f7?s=96&d=mm&r=g\",\"caption\":\"evb\"}}]}<\/script>\n<!-- \/ Yoast SEO plugin. -->","yoast_head_json":{"title":"EVB's Smart wall mounted AC EV Charger: A Futuristic Approach to Electric Vehicle Charging","description":"Let's explore the distinctive features that set our wall-mounted electric car charger apart, emphasizing a smart and user-friendly approach to EV charging.","robots":{"index":"index","follow":"follow","max-snippet":"max-snippet:-1","max-image-preview":"max-image-preview:large","max-video-preview":"max-video-preview:-1"},"canonical":"https:\/\/www.evb.com\/tr\/evbs-smart-wall-mounted-ac-ev-charger\/","og_locale":"tr_TR","og_type":"article","og_title":"EVB's Smart wall mounted AC EV Charger: A Futuristic Approach to Electric Vehicle Charging","og_description":"Let's explore the distinctive features that set our wall-mounted electric car charger apart, emphasizing a smart and user-friendly approach to EV charging.","og_url":"https:\/\/www.evb.com\/tr\/evbs-smart-wall-mounted-ac-ev-charger\/","og_site_name":"EVB","article_published_time":"2023-12-13T01:38:18+00:00","article_modified_time":"2024-02-29T03:21:01+00:00","og_image":[{"width":1160,"height":870,"url":"https:\/\/www.evb.com\/wp-content\/uploads\/2023\/12\/4.png","type":"image\/png"}],"author":"evb","twitter_card":"summary_large_image","twitter_misc":{"Yazan:":"evb","Tahmini okuma s\u00fcresi":"3 dakika"},"schema":{"@context":"https:\/\/schema.org","@graph":[{"@type":"Article","@id":"https:\/\/www.evb.com\/evbs-smart-wall-mounted-ac-ev-charger\/#article","isPartOf":{"@id":"https:\/\/www.evb.com\/evbs-smart-wall-mounted-ac-ev-charger\/"},"author":{"name":"evb","@id":"https:\/\/www.evb.com\/#\/schema\/person\/fe8f0137976034abdfd2ae4f8c5682d0"},"headline":"EVB&#8217;s Smart wall mounted AC EV Charger: A Futuristic Approach to Electric Vehicle Charging","datePublished":"2023-12-13T01:38:18+00:00","dateModified":"2024-02-29T03:21:01+00:00","mainEntityOfPage":{"@id":"https:\/\/www.evb.com\/evbs-smart-wall-mounted-ac-ev-charger\/"},"wordCount":477,"commentCount":0,"publisher":{"@id":"https:\/\/www.evb.com\/#organization"},"image":{"@id":"https:\/\/www.evb.com\/evbs-smart-wall-mounted-ac-ev-charger\/#primaryimage"},"thumbnailUrl":"https:\/\/www.evb.com\/wp-content\/uploads\/2023\/12\/4.png","articleSection":["Short Blog"],"inLanguage":"tr","potentialAction":[{"@type":"CommentAction","name":"Comment","target":["https:\/\/www.evb.com\/evbs-smart-wall-mounted-ac-ev-charger\/#respond"]}]},{"@type":"WebPage","@id":"https:\/\/www.evb.com\/evbs-smart-wall-mounted-ac-ev-charger\/","url":"https:\/\/www.evb.com\/evbs-smart-wall-mounted-ac-ev-charger\/","name":"EVB's Smart wall mounted AC EV Charger: A Futuristic Approach to Electric Vehicle Charging","isPartOf":{"@id":"https:\/\/www.evb.com\/#website"},"primaryImageOfPage":{"@id":"https:\/\/www.evb.com\/evbs-smart-wall-mounted-ac-ev-charger\/#primaryimage"},"image":{"@id":"https:\/\/www.evb.com\/evbs-smart-wall-mounted-ac-ev-charger\/#primaryimage"},"thumbnailUrl":"https:\/\/www.evb.com\/wp-content\/uploads\/2023\/12\/4.png","datePublished":"2023-12-13T01:38:18+00:00","dateModified":"2024-02-29T03:21:01+00:00","description":"Let's explore the distinctive features that set our wall-mounted electric car charger apart, emphasizing a smart and user-friendly approach to EV charging.","breadcrumb":{"@id":"https:\/\/www.evb.com\/evbs-smart-wall-mounted-ac-ev-charger\/#breadcrumb"},"inLanguage":"tr","potentialAction":[{"@type":"ReadAction","target":["https:\/\/www.evb.com\/evbs-smart-wall-mounted-ac-ev-charger\/"]}]},{"@type":"ImageObject","inLanguage":"tr","@id":"https:\/\/www.evb.com\/evbs-smart-wall-mounted-ac-ev-charger\/#primaryimage","url":"https:\/\/www.evb.com\/wp-content\/uploads\/2023\/12\/4.png","contentUrl":"https:\/\/www.evb.com\/wp-content\/uploads\/2023\/12\/4.png","width":1160,"height":870,"caption":"4"},{"@type":"BreadcrumbList","@id":"https:\/\/www.evb.com\/evbs-smart-wall-mounted-ac-ev-charger\/#breadcrumb","itemListElement":[{"@type":"ListItem","position":1,"name":"Home","item":"https:\/\/www.evb.com\/"},{"@type":"ListItem","position":2,"name":"EVB&#8217;s Smart wall mounted AC EV Charger: A Futuristic Approach to Electric Vehicle Charging"}]},{"@type":"WebSite","@id":"https:\/\/www.evb.com\/#website","url":"https:\/\/www.evb.com\/","name":"EVB","description":"Smart EV Charging &amp; Energy Storage Solutions","publisher":{"@id":"https:\/\/www.evb.com\/#organization"},"potentialAction":[{"@type":"SearchAction","target":{"@type":"EntryPoint","urlTemplate":"https:\/\/www.evb.com\/?s={search_term_string}"},"query-input":{"@type":"PropertyValueSpecification","valueRequired":true,"valueName":"search_term_string"}}],"inLanguage":"tr"},{"@type":"Organization","@id":"https:\/\/www.evb.com\/#organization","name":"EVB","url":"https:\/\/www.evb.com\/","logo":{"@type":"ImageObject","inLanguage":"tr","@id":"https:\/\/www.evb.com\/#\/schema\/logo\/image\/","url":"https:\/\/www.evb.com\/wp-content\/uploads\/2021\/03\/evb-3.png","contentUrl":"https:\/\/www.evb.com\/wp-content\/uploads\/2021\/03\/evb-3.png","width":605,"height":626,"caption":"EVB"},"image":{"@id":"https:\/\/www.evb.com\/#\/schema\/logo\/image\/"}},{"@type":"Person","@id":"https:\/\/www.evb.com\/#\/schema\/person\/fe8f0137976034abdfd2ae4f8c5682d0","name":"evb","image":{"@type":"ImageObject","inLanguage":"tr","@id":"https:\/\/secure.gravatar.com\/avatar\/6919cc4e91e3745783933e1263b15b0bed21b5e46f2b1e21643aa8b29240d0f7?s=96&d=mm&r=g","url":"https:\/\/secure.gravatar.com\/avatar\/6919cc4e91e3745783933e1263b15b0bed21b5e46f2b1e21643aa8b29240d0f7?s=96&d=mm&r=g","contentUrl":"https:\/\/secure.gravatar.com\/avatar\/6919cc4e91e3745783933e1263b15b0bed21b5e46f2b1e21643aa8b29240d0f7?s=96&d=mm&r=g","caption":"evb"}}]}},"_links":{"self":[{"href":"https:\/\/www.evb.com\/tr\/wp-json\/wp\/v2\/posts\/8978","targetHints":{"allow":["GET"]}}],"collection":[{"href":"https:\/\/www.evb.com\/tr\/wp-json\/wp\/v2\/posts"}],"about":[{"href":"https:\/\/www.evb.com\/tr\/wp-json\/wp\/v2\/types\/post"}],"author":[{"embeddable":true,"href":"https:\/\/www.evb.com\/tr\/wp-json\/wp\/v2\/users\/3"}],"replies":[{"embeddable":true,"href":"https:\/\/www.evb.com\/tr\/wp-json\/wp\/v2\/comments?post=8978"}],"version-history":[{"count":1,"href":"https:\/\/www.evb.com\/tr\/wp-json\/wp\/v2\/posts\/8978\/revisions"}],"predecessor-version":[{"id":8980,"href":"https:\/\/www.evb.com\/tr\/wp-json\/wp\/v2\/posts\/8978\/revisions\/8980"}],"wp:featuredmedia":[{"embeddable":true,"href":"https:\/\/www.evb.com\/tr\/wp-json\/wp\/v2\/media\/9335"}],"wp:attachment":[{"href":"https:\/\/www.evb.com\/tr\/wp-json\/wp\/v2\/media?parent=8978"}],"wp:term":[{"taxonomy":"category","embeddable":true,"href":"https:\/\/www.evb.com\/tr\/wp-json\/wp\/v2\/categories?post=8978"},{"taxonomy":"post_tag","embeddable":true,"href":"https:\/\/www.evb.com\/tr\/wp-json\/wp\/v2\/tags?post=8978"}],"curies":[{"name":"wp","href":"https:\/\/api.w.org\/{rel}","templated":true}]}}