{"id":10766,"date":"2024-02-18T14:14:49","date_gmt":"2024-02-18T06:14:49","guid":{"rendered":"https:\/\/www.evb.com\/?p=10766"},"modified":"2024-01-30T14:16:34","modified_gmt":"2024-01-30T06:16:34","slug":"workplace-charging-driving-the-transition-to-electric-vehicles","status":"publish","type":"post","link":"https:\/\/www.evb.com\/vi\/workplace-charging-driving-the-transition-to-electric-vehicles\/","title":{"rendered":"S\u1ea1c t\u1ea1i n\u01a1i l\u00e0m vi\u1ec7c: Th\u00fac \u0111\u1ea9y qu\u00e1 tr\u00ecnh chuy\u1ec3n \u0111\u1ed5i sang xe \u0111i\u1ec7n"},"content":{"rendered":"<p>Qu\u00e1 tr\u00ecnh chuy\u1ec3n \u0111\u1ed5i sang xe \u0111i\u1ec7n (EV) \u0111ang di\u1ec5n ra m\u1ea1nh m\u1ebd v\u00e0 vi\u1ec7c s\u1ea1c t\u1ea1i n\u01a1i l\u00e0m vi\u1ec7c \u0111\u00f3ng vai tr\u00f2 quan tr\u1ecdng trong vi\u1ec7c h\u1ed7 tr\u1ee3 s\u1ef1 thay \u0111\u1ed5i n\u00e0y. T\u1ea1i <a href=\"https:\/\/www.evb.com\/vi\"><u>EVB<\/u><\/a>C\u00f4ng ty ch\u00fang t\u00f4i cam k\u1ebft th\u00fac \u0111\u1ea9y qu\u00e1 tr\u00ecnh chuy\u1ec3n \u0111\u1ed5i sang xe \u0111i\u1ec7n b\u1eb1ng c\u00e1ch cung c\u1ea5p c\u00e1c gi\u1ea3i ph\u00e1p s\u1ea1c \u0111\u00e1ng tin c\u1eady t\u1ea1i n\u01a1i l\u00e0m vi\u1ec7c. H\u00e3y c\u00f9ng kh\u00e1m ph\u00e1 c\u00e1ch c\u00e1c s\u1ea3n ph\u1ea9m v\u00e0 d\u1ecbch v\u1ee5 c\u1ee7a ch\u00fang t\u00f4i h\u1ed7 tr\u1ee3 c\u00e1c s\u00e1ng ki\u1ebfn th\u00e2n thi\u1ec7n v\u1edbi m\u00f4i tr\u01b0\u1eddng, cung c\u1ea5p c\u00e1c t\u00f9y ch\u1ecdn s\u1ea1c thu\u1eadn ti\u1ec7n cho nh\u00e2n vi\u00ean v\u00e0 gi\u00fap doanh nghi\u1ec7p qu\u1ea3n l\u00fd chi ti\u00eau v\u00e0 t\u00e0i ch\u00ednh hi\u1ec7u qu\u1ea3.<\/p>\n\n\n\n<h2 class=\"wp-block-heading\"><strong>\u0110i\u1ec3m s\u1ea1c \u0111\u00e1ng tin c\u1eady t\u1ea1i n\u01a1i l\u00e0m vi\u1ec7c: H\u1ed7 tr\u1ee3 c\u00e1c s\u00e1ng ki\u1ebfn th\u00e2n thi\u1ec7n v\u1edbi m\u00f4i tr\u01b0\u1eddng<\/strong><strong><\/strong><\/h2>\n\n\n\n<p>EVB hi\u1ec3u \u0111\u01b0\u1ee3c t\u1ea7m quan tr\u1ecdng c\u1ee7a vi\u1ec7c s\u1ea1c t\u1ea1i n\u01a1i l\u00e0m vi\u1ec7c trong vi\u1ec7c th\u00fac \u0111\u1ea9y c\u00e1c s\u00e1ng ki\u1ebfn th\u00e2n thi\u1ec7n v\u1edbi m\u00f4i tr\u01b0\u1eddng. <a href=\"https:\/\/www.evb.com\/vi\/by-industry\/\"><u>Tr\u1ea1m s\u1ea1c gi\u1ea3i ph\u00e1p EV<\/u><\/a>EVB cung c\u1ea5p \u0111i\u1ec3m s\u1ea1c \u0111\u00e1ng tin c\u1eady cho nh\u00e2n vi\u00ean, khuy\u1ebfn kh\u00edch h\u1ecd l\u1ef1a ch\u1ecdn xe \u0111i\u1ec7n l\u00e0m ph\u01b0\u01a1ng ti\u1ec7n di chuy\u1ec3n. B\u1eb1ng c\u00e1ch l\u1eafp \u0111\u1eb7t c\u00e1c tr\u1ea1m s\u1ea1c EVB t\u1ea1i n\u01a1i l\u00e0m vi\u1ec7c, kh\u00e1ch h\u00e0ng c\u1ee7a ch\u00fang t\u00f4i th\u1ec3 hi\u1ec7n cam k\u1ebft ph\u00e1t tri\u1ec3n b\u1ec1n v\u1eefng v\u00e0 mang \u0111\u1ebfn ti\u1ec7n \u00edch gi\u00e1 tr\u1ecb cho nh\u00e2n vi\u00ean. Ch\u00fang t\u00f4i t\u1ef1 h\u00e0o h\u1ed7 tr\u1ee3 c\u00e1c s\u00e1ng ki\u1ebfn th\u00e2n thi\u1ec7n v\u1edbi m\u00f4i tr\u01b0\u1eddng v\u00e0 t\u1ea1o \u0111i\u1ec1u ki\u1ec7n cho c\u00e1c doanh nghi\u1ec7p \u0111\u00f3ng g\u00f3p v\u00e0o m\u1ed9t t\u01b0\u01a1ng lai xanh h\u01a1n.<\/p>\n\n\n\n<h2 class=\"wp-block-heading\"><strong>Ch\u1ec9 c\u1ea7n c\u1eafm \u0111i\u1ec7n v\u00e0 b\u1eaft \u0111\u1ea7u l\u00e0m vi\u1ec7c: S\u1ea1c ti\u1ec7n l\u1ee3i cho nh\u00e2n vi\u00ean<\/strong><strong><\/strong><\/h2>\n\n\n\n<p>S\u1ef1 ti\u1ec7n l\u1ee3i l\u00e0 ch\u00eca kh\u00f3a khi n\u00f3i \u0111\u1ebfn vi\u1ec7c s\u1ea1c pin t\u1ea1i n\u01a1i l\u00e0m vi\u1ec7c. EVB cung c\u1ea5p c\u00e1c gi\u1ea3i ph\u00e1p s\u1ea1c \u01b0u ti\u00ean nhu c\u1ea7u c\u1ee7a nh\u00e2n vi\u00ean, gi\u00fap h\u1ecd s\u1ea1c xe \u0111i\u1ec7n m\u1ed9t c\u00e1ch \u0111\u01a1n gi\u1ea3n v\u00e0 d\u1ec5 d\u00e0ng. V\u1edbi c\u00e1c tr\u1ea1m s\u1ea1c EV Solutions, nh\u00e2n vi\u00ean ch\u1ec9 c\u1ea7n c\u1eafm \u0111i\u1ec7n v\u00e0 \u0111i l\u00e0m m\u00e0 kh\u00f4ng g\u1eb7p b\u1ea5t k\u1ef3 tr\u1edf ng\u1ea1i n\u00e0o. Ch\u00fang t\u00f4i hi\u1ec3u t\u1ea7m quan tr\u1ecdng c\u1ee7a tr\u1ea3i nghi\u1ec7m s\u1ea1c pin li\u1ec1n m\u1ea1ch, v\u00e0 c\u00e1c s\u1ea3n ph\u1ea9m c\u1ee7a ch\u00fang t\u00f4i \u0111\u01b0\u1ee3c thi\u1ebft k\u1ebf \u0111\u1ec3 mang \u0111\u1ebfn \u0111i\u1ec1u \u0111\u00f3. C\u00f4ng ty ch\u00fang t\u00f4i cam k\u1ebft \u0111\u1ea3m b\u1ea3o nh\u00e2n vi\u00ean c\u1ee7a kh\u00e1ch h\u00e0ng c\u00f3 m\u1ed9t gi\u1ea3i ph\u00e1p s\u1ea1c pin ti\u1ec7n l\u1ee3i v\u00e0 hi\u1ec7u qu\u1ea3 t\u1ea1i n\u01a1i l\u00e0m vi\u1ec7c.<\/p>\n\n\n\n<h2 class=\"wp-block-heading\"><strong>Qu\u1ea3n l\u00fd chi ti\u00eau v\u00e0 t\u00e0i ch\u00ednh: Qu\u1ea3n l\u00fd d\u1eef li\u1ec7u v\u00e0 thanh to\u00e1n hi\u1ec7u qu\u1ea3 cho doanh nghi\u1ec7p<\/strong><strong><\/strong><\/h2>\n\n\n\n<p>Doanh nghi\u1ec7p c\u1ea7n nh\u1eefng c\u00f4ng c\u1ee5 hi\u1ec7u qu\u1ea3 \u0111\u1ec3 qu\u1ea3n l\u00fd chi ph\u00ed v\u00e0 t\u00e0i ch\u00ednh li\u00ean quan \u0111\u1ebfn vi\u1ec7c s\u1ea1c t\u1ea1i n\u01a1i l\u00e0m vi\u1ec7c. T\u1ea1i EVB, ch\u00fang t\u00f4i cung c\u1ea5p c\u00e1c gi\u1ea3i ph\u00e1p thanh to\u00e1n v\u00e0 gi\u00e1m s\u00e1t d\u1eef li\u1ec7u, gi\u00fap doanh nghi\u1ec7p theo d\u00f5i m\u1ee9c s\u1eed d\u1ee5ng v\u00e0 chi ph\u00ed s\u1ea1c. H\u1ec7 th\u1ed1ng ti\u00ean ti\u1ebfn c\u1ee7a ch\u00fang t\u00f4i cung c\u1ea5p th\u00f4ng tin thanh to\u00e1n ch\u00ednh x\u00e1c, cho ph\u00e9p doanh nghi\u1ec7p ph\u00e2n b\u1ed5 chi ph\u00ed h\u1ee3p l\u00fd. Ngo\u00e0i ra, c\u00e1c t\u00ednh n\u0103ng gi\u00e1m s\u00e1t d\u1eef li\u1ec7u c\u1ee7a ch\u00fang t\u00f4i cung c\u1ea5p nh\u1eefng th\u00f4ng tin chi ti\u1ebft gi\u00e1 tr\u1ecb v\u1ec1 m\u00f4 h\u00ecnh s\u1ea1c, xu h\u01b0\u1edbng s\u1eed d\u1ee5ng v\u00e0 m\u1ee9c ti\u00eau th\u1ee5 n\u0103ng l\u01b0\u1ee3ng. V\u1edbi th\u00f4ng tin n\u00e0y, doanh nghi\u1ec7p c\u00f3 th\u1ec3 \u0111\u01b0a ra quy\u1ebft \u0111\u1ecbnh s\u00e1ng su\u1ed1t v\u1ec1 chi\u1ebfn l\u01b0\u1ee3c qu\u1ea3n l\u00fd n\u0103ng l\u01b0\u1ee3ng c\u1ee7a m\u00ecnh. Ch\u00fang t\u00f4i mong mu\u1ed1n cung c\u1ea5p cho kh\u00e1ch h\u00e0ng nh\u1eefng c\u00f4ng c\u1ee5 c\u1ea7n thi\u1ebft \u0111\u1ec3 qu\u1ea3n l\u00fd hi\u1ec7u qu\u1ea3 chi ph\u00ed v\u00e0 t\u00e0i ch\u00ednh li\u00ean quan \u0111\u1ebfn vi\u1ec7c s\u1ea1c t\u1ea1i n\u01a1i l\u00e0m vi\u1ec7c.<\/p>\n\n\n\n<h2 class=\"wp-block-heading\"><strong>Ph\u1ea7n k\u1ebft lu\u1eadn<\/strong><strong><\/strong><\/h2>\n\n\n\n<p>T\u00f3m l\u1ea1i, EVB cam k\u1ebft th\u00fac \u0111\u1ea9y qu\u00e1 tr\u00ecnh chuy\u1ec3n \u0111\u1ed5i sang xe \u0111i\u1ec7n th\u00f4ng qua c\u00e1c gi\u1ea3i ph\u00e1p s\u1ea1c t\u1ea1i n\u01a1i l\u00e0m vi\u1ec7c. C\u00e1c tr\u1ea1m s\u1ea1c EV Solutions \u0111\u00e1ng tin c\u1eady c\u1ee7a ch\u00fang t\u00f4i h\u1ed7 tr\u1ee3 c\u00e1c s\u00e1ng ki\u1ebfn th\u00e2n thi\u1ec7n v\u1edbi m\u00f4i tr\u01b0\u1eddng v\u00e0 mang \u0111\u1ebfn tr\u1ea3i nghi\u1ec7m s\u1ea1c thu\u1eadn ti\u1ec7n, d\u1ec5 d\u00e0ng cho nh\u00e2n vi\u00ean. Ch\u00fang t\u00f4i c\u0169ng cung c\u1ea5p c\u00e1c c\u00f4ng c\u1ee5 l\u1eadp h\u00f3a \u0111\u01a1n v\u00e0 gi\u00e1m s\u00e1t d\u1eef li\u1ec7u hi\u1ec7u qu\u1ea3 \u0111\u1ec3 gi\u00fap doanh nghi\u1ec7p qu\u1ea3n l\u00fd chi ph\u00ed v\u00e0 t\u00e0i ch\u00ednh li\u00ean quan \u0111\u1ebfn s\u1ea1c t\u1ea1i n\u01a1i l\u00e0m vi\u1ec7c. H\u00e3y tin t\u01b0\u1edfng v\u00e0o c\u00f4ng ty EVB c\u1ee7a ch\u00fang t\u00f4i, n\u01a1i cung c\u1ea5p cho b\u1ea1n c\u00e1c gi\u1ea3i ph\u00e1p s\u1ea1c t\u1ea1i n\u01a1i l\u00e0m vi\u1ec7c \u0111\u00e1ng tin c\u1eady v\u00e0 hi\u1ec7u qu\u1ea3, khi ch\u00fang ta c\u00f9ng nhau t\u1ea1o ra m\u1ed9t t\u01b0\u01a1ng lai b\u1ec1n v\u1eefng v\u00e0 xanh h\u01a1n cho ng\u00e0nh giao th\u00f4ng v\u1eadn t\u1ea3i.<\/p>","protected":false},"excerpt":{"rendered":"<p>The transition to electric vehicles (EVs) is gaining momentum, and workplace charging plays a crucial role in supporting this shift. At EVB, our company is dedicated to driving the transition to EVs by providing reliable workplace charging solutions. Let&#8217;s explore how our products and services support eco-friendly initiatives, offer convenient charging options for employees, and [&hellip;]<\/p>","protected":false},"author":3,"featured_media":0,"comment_status":"open","ping_status":"open","sticky":false,"template":"","format":"standard","meta":{"footnotes":""},"categories":[48],"tags":[],"class_list":["post-10766","post","type-post","status-publish","format-standard","hentry","category-short-blog"],"acf":[],"yoast_head":"<!-- This site is optimized with the Yoast SEO plugin v27.4 - https:\/\/yoast.com\/product\/yoast-seo-wordpress\/ -->\n<title>Workplace Charging: Driving the Transition to Electric Vehicles<\/title>\n<meta name=\"description\" content=\"The transition to electric vehicles (EVs) is gaining momentum, and workplace charging plays a crucial role in supporting this shift.\" \/>\n<meta name=\"robots\" content=\"index, follow, max-snippet:-1, max-image-preview:large, max-video-preview:-1\" \/>\n<link rel=\"canonical\" href=\"https:\/\/www.evb.com\/vi\/workplace-charging-driving-the-transition-to-electric-vehicles\/\" \/>\n<meta property=\"og:locale\" content=\"vi_VN\" \/>\n<meta property=\"og:type\" content=\"article\" \/>\n<meta property=\"og:title\" content=\"Workplace Charging: Driving the Transition to Electric Vehicles\" \/>\n<meta property=\"og:description\" content=\"The transition to electric vehicles (EVs) is gaining momentum, and workplace charging plays a crucial role in supporting this shift.\" \/>\n<meta property=\"og:url\" content=\"https:\/\/www.evb.com\/vi\/workplace-charging-driving-the-transition-to-electric-vehicles\/\" \/>\n<meta property=\"og:site_name\" content=\"EVB\" \/>\n<meta property=\"article:published_time\" content=\"2024-02-18T06:14:49+00:00\" \/>\n<meta name=\"author\" content=\"evb\" \/>\n<meta name=\"twitter:card\" content=\"summary_large_image\" \/>\n<meta name=\"twitter:label1\" content=\"\u0110\u01b0\u1ee3c vi\u1ebft b\u1edfi\" \/>\n\t<meta name=\"twitter:data1\" content=\"evb\" \/>\n\t<meta name=\"twitter:label2\" content=\"\u01af\u1edbc t\u00ednh th\u1eddi gian \u0111\u1ecdc\" \/>\n\t<meta name=\"twitter:data2\" content=\"3 ph\u00fat\" \/>\n<script type=\"application\/ld+json\" class=\"yoast-schema-graph\">{\"@context\":\"https:\\\/\\\/schema.org\",\"@graph\":[{\"@type\":\"Article\",\"@id\":\"https:\\\/\\\/www.evb.com\\\/workplace-charging-driving-the-transition-to-electric-vehicles\\\/#article\",\"isPartOf\":{\"@id\":\"https:\\\/\\\/www.evb.com\\\/workplace-charging-driving-the-transition-to-electric-vehicles\\\/\"},\"author\":{\"name\":\"evb\",\"@id\":\"https:\\\/\\\/www.evb.com\\\/#\\\/schema\\\/person\\\/fe8f0137976034abdfd2ae4f8c5682d0\"},\"headline\":\"Workplace Charging: Driving the Transition to Electric Vehicles\",\"datePublished\":\"2024-02-18T06:14:49+00:00\",\"mainEntityOfPage\":{\"@id\":\"https:\\\/\\\/www.evb.com\\\/workplace-charging-driving-the-transition-to-electric-vehicles\\\/\"},\"wordCount\":444,\"commentCount\":0,\"publisher\":{\"@id\":\"https:\\\/\\\/www.evb.com\\\/#organization\"},\"articleSection\":[\"Short Blog\"],\"inLanguage\":\"vi\",\"potentialAction\":[{\"@type\":\"CommentAction\",\"name\":\"Comment\",\"target\":[\"https:\\\/\\\/www.evb.com\\\/workplace-charging-driving-the-transition-to-electric-vehicles\\\/#respond\"]}]},{\"@type\":\"WebPage\",\"@id\":\"https:\\\/\\\/www.evb.com\\\/workplace-charging-driving-the-transition-to-electric-vehicles\\\/\",\"url\":\"https:\\\/\\\/www.evb.com\\\/workplace-charging-driving-the-transition-to-electric-vehicles\\\/\",\"name\":\"Workplace Charging: Driving the Transition to Electric Vehicles\",\"isPartOf\":{\"@id\":\"https:\\\/\\\/www.evb.com\\\/#website\"},\"datePublished\":\"2024-02-18T06:14:49+00:00\",\"description\":\"The transition to electric vehicles (EVs) is gaining momentum, and workplace charging plays a crucial role in supporting this shift.\",\"breadcrumb\":{\"@id\":\"https:\\\/\\\/www.evb.com\\\/workplace-charging-driving-the-transition-to-electric-vehicles\\\/#breadcrumb\"},\"inLanguage\":\"vi\",\"potentialAction\":[{\"@type\":\"ReadAction\",\"target\":[\"https:\\\/\\\/www.evb.com\\\/workplace-charging-driving-the-transition-to-electric-vehicles\\\/\"]}]},{\"@type\":\"BreadcrumbList\",\"@id\":\"https:\\\/\\\/www.evb.com\\\/workplace-charging-driving-the-transition-to-electric-vehicles\\\/#breadcrumb\",\"itemListElement\":[{\"@type\":\"ListItem\",\"position\":1,\"name\":\"Home\",\"item\":\"https:\\\/\\\/www.evb.com\\\/\"},{\"@type\":\"ListItem\",\"position\":2,\"name\":\"Workplace Charging: Driving the Transition to Electric Vehicles\"}]},{\"@type\":\"WebSite\",\"@id\":\"https:\\\/\\\/www.evb.com\\\/#website\",\"url\":\"https:\\\/\\\/www.evb.com\\\/\",\"name\":\"EVB\",\"description\":\"Smart EV Charging &amp; Energy Storage Solutions\",\"publisher\":{\"@id\":\"https:\\\/\\\/www.evb.com\\\/#organization\"},\"potentialAction\":[{\"@type\":\"SearchAction\",\"target\":{\"@type\":\"EntryPoint\",\"urlTemplate\":\"https:\\\/\\\/www.evb.com\\\/?s={search_term_string}\"},\"query-input\":{\"@type\":\"PropertyValueSpecification\",\"valueRequired\":true,\"valueName\":\"search_term_string\"}}],\"inLanguage\":\"vi\"},{\"@type\":\"Organization\",\"@id\":\"https:\\\/\\\/www.evb.com\\\/#organization\",\"name\":\"EVB\",\"url\":\"https:\\\/\\\/www.evb.com\\\/\",\"logo\":{\"@type\":\"ImageObject\",\"inLanguage\":\"vi\",\"@id\":\"https:\\\/\\\/www.evb.com\\\/#\\\/schema\\\/logo\\\/image\\\/\",\"url\":\"https:\\\/\\\/www.evb.com\\\/wp-content\\\/uploads\\\/2021\\\/03\\\/evb-3.png\",\"contentUrl\":\"https:\\\/\\\/www.evb.com\\\/wp-content\\\/uploads\\\/2021\\\/03\\\/evb-3.png\",\"width\":605,\"height\":626,\"caption\":\"EVB\"},\"image\":{\"@id\":\"https:\\\/\\\/www.evb.com\\\/#\\\/schema\\\/logo\\\/image\\\/\"}},{\"@type\":\"Person\",\"@id\":\"https:\\\/\\\/www.evb.com\\\/#\\\/schema\\\/person\\\/fe8f0137976034abdfd2ae4f8c5682d0\",\"name\":\"evb\",\"image\":{\"@type\":\"ImageObject\",\"inLanguage\":\"vi\",\"@id\":\"https:\\\/\\\/secure.gravatar.com\\\/avatar\\\/6919cc4e91e3745783933e1263b15b0bed21b5e46f2b1e21643aa8b29240d0f7?s=96&d=mm&r=g\",\"url\":\"https:\\\/\\\/secure.gravatar.com\\\/avatar\\\/6919cc4e91e3745783933e1263b15b0bed21b5e46f2b1e21643aa8b29240d0f7?s=96&d=mm&r=g\",\"contentUrl\":\"https:\\\/\\\/secure.gravatar.com\\\/avatar\\\/6919cc4e91e3745783933e1263b15b0bed21b5e46f2b1e21643aa8b29240d0f7?s=96&d=mm&r=g\",\"caption\":\"evb\"}}]}<\/script>\n<!-- \/ Yoast SEO plugin. -->","yoast_head_json":{"title":"Workplace Charging: Driving the Transition to Electric Vehicles","description":"The transition to electric vehicles (EVs) is gaining momentum, and workplace charging plays a crucial role in supporting this shift.","robots":{"index":"index","follow":"follow","max-snippet":"max-snippet:-1","max-image-preview":"max-image-preview:large","max-video-preview":"max-video-preview:-1"},"canonical":"https:\/\/www.evb.com\/vi\/workplace-charging-driving-the-transition-to-electric-vehicles\/","og_locale":"vi_VN","og_type":"article","og_title":"Workplace Charging: Driving the Transition to Electric Vehicles","og_description":"The transition to electric vehicles (EVs) is gaining momentum, and workplace charging plays a crucial role in supporting this shift.","og_url":"https:\/\/www.evb.com\/vi\/workplace-charging-driving-the-transition-to-electric-vehicles\/","og_site_name":"EVB","article_published_time":"2024-02-18T06:14:49+00:00","author":"evb","twitter_card":"summary_large_image","twitter_misc":{"\u0110\u01b0\u1ee3c vi\u1ebft b\u1edfi":"evb","\u01af\u1edbc t\u00ednh th\u1eddi gian \u0111\u1ecdc":"3 ph\u00fat"},"schema":{"@context":"https:\/\/schema.org","@graph":[{"@type":"Article","@id":"https:\/\/www.evb.com\/workplace-charging-driving-the-transition-to-electric-vehicles\/#article","isPartOf":{"@id":"https:\/\/www.evb.com\/workplace-charging-driving-the-transition-to-electric-vehicles\/"},"author":{"name":"evb","@id":"https:\/\/www.evb.com\/#\/schema\/person\/fe8f0137976034abdfd2ae4f8c5682d0"},"headline":"Workplace Charging: Driving the Transition to Electric Vehicles","datePublished":"2024-02-18T06:14:49+00:00","mainEntityOfPage":{"@id":"https:\/\/www.evb.com\/workplace-charging-driving-the-transition-to-electric-vehicles\/"},"wordCount":444,"commentCount":0,"publisher":{"@id":"https:\/\/www.evb.com\/#organization"},"articleSection":["Short Blog"],"inLanguage":"vi","potentialAction":[{"@type":"CommentAction","name":"Comment","target":["https:\/\/www.evb.com\/workplace-charging-driving-the-transition-to-electric-vehicles\/#respond"]}]},{"@type":"WebPage","@id":"https:\/\/www.evb.com\/workplace-charging-driving-the-transition-to-electric-vehicles\/","url":"https:\/\/www.evb.com\/workplace-charging-driving-the-transition-to-electric-vehicles\/","name":"Workplace Charging: Driving the Transition to Electric Vehicles","isPartOf":{"@id":"https:\/\/www.evb.com\/#website"},"datePublished":"2024-02-18T06:14:49+00:00","description":"The transition to electric vehicles (EVs) is gaining momentum, and workplace charging plays a crucial role in supporting this shift.","breadcrumb":{"@id":"https:\/\/www.evb.com\/workplace-charging-driving-the-transition-to-electric-vehicles\/#breadcrumb"},"inLanguage":"vi","potentialAction":[{"@type":"ReadAction","target":["https:\/\/www.evb.com\/workplace-charging-driving-the-transition-to-electric-vehicles\/"]}]},{"@type":"BreadcrumbList","@id":"https:\/\/www.evb.com\/workplace-charging-driving-the-transition-to-electric-vehicles\/#breadcrumb","itemListElement":[{"@type":"ListItem","position":1,"name":"Home","item":"https:\/\/www.evb.com\/"},{"@type":"ListItem","position":2,"name":"Workplace Charging: Driving the Transition to Electric Vehicles"}]},{"@type":"WebSite","@id":"https:\/\/www.evb.com\/#website","url":"https:\/\/www.evb.com\/","name":"EVB","description":"Smart EV Charging &amp; Energy Storage Solutions","publisher":{"@id":"https:\/\/www.evb.com\/#organization"},"potentialAction":[{"@type":"SearchAction","target":{"@type":"EntryPoint","urlTemplate":"https:\/\/www.evb.com\/?s={search_term_string}"},"query-input":{"@type":"PropertyValueSpecification","valueRequired":true,"valueName":"search_term_string"}}],"inLanguage":"vi"},{"@type":"Organization","@id":"https:\/\/www.evb.com\/#organization","name":"EVB","url":"https:\/\/www.evb.com\/","logo":{"@type":"ImageObject","inLanguage":"vi","@id":"https:\/\/www.evb.com\/#\/schema\/logo\/image\/","url":"https:\/\/www.evb.com\/wp-content\/uploads\/2021\/03\/evb-3.png","contentUrl":"https:\/\/www.evb.com\/wp-content\/uploads\/2021\/03\/evb-3.png","width":605,"height":626,"caption":"EVB"},"image":{"@id":"https:\/\/www.evb.com\/#\/schema\/logo\/image\/"}},{"@type":"Person","@id":"https:\/\/www.evb.com\/#\/schema\/person\/fe8f0137976034abdfd2ae4f8c5682d0","name":"evb","image":{"@type":"ImageObject","inLanguage":"vi","@id":"https:\/\/secure.gravatar.com\/avatar\/6919cc4e91e3745783933e1263b15b0bed21b5e46f2b1e21643aa8b29240d0f7?s=96&d=mm&r=g","url":"https:\/\/secure.gravatar.com\/avatar\/6919cc4e91e3745783933e1263b15b0bed21b5e46f2b1e21643aa8b29240d0f7?s=96&d=mm&r=g","contentUrl":"https:\/\/secure.gravatar.com\/avatar\/6919cc4e91e3745783933e1263b15b0bed21b5e46f2b1e21643aa8b29240d0f7?s=96&d=mm&r=g","caption":"evb"}}]}},"_links":{"self":[{"href":"https:\/\/www.evb.com\/vi\/wp-json\/wp\/v2\/posts\/10766","targetHints":{"allow":["GET"]}}],"collection":[{"href":"https:\/\/www.evb.com\/vi\/wp-json\/wp\/v2\/posts"}],"about":[{"href":"https:\/\/www.evb.com\/vi\/wp-json\/wp\/v2\/types\/post"}],"author":[{"embeddable":true,"href":"https:\/\/www.evb.com\/vi\/wp-json\/wp\/v2\/users\/3"}],"replies":[{"embeddable":true,"href":"https:\/\/www.evb.com\/vi\/wp-json\/wp\/v2\/comments?post=10766"}],"version-history":[{"count":1,"href":"https:\/\/www.evb.com\/vi\/wp-json\/wp\/v2\/posts\/10766\/revisions"}],"predecessor-version":[{"id":10767,"href":"https:\/\/www.evb.com\/vi\/wp-json\/wp\/v2\/posts\/10766\/revisions\/10767"}],"wp:attachment":[{"href":"https:\/\/www.evb.com\/vi\/wp-json\/wp\/v2\/media?parent=10766"}],"wp:term":[{"taxonomy":"category","embeddable":true,"href":"https:\/\/www.evb.com\/vi\/wp-json\/wp\/v2\/categories?post=10766"},{"taxonomy":"post_tag","embeddable":true,"href":"https:\/\/www.evb.com\/vi\/wp-json\/wp\/v2\/tags?post=10766"}],"curies":[{"name":"wp","href":"https:\/\/api.w.org\/{rel}","templated":true}]}}